{"id":35829,"date":"2025-06-10T10:30:26","date_gmt":"2025-06-10T08:30:26","guid":{"rendered":"https:\/\/bergers-schlagerparadies.de\/?p=35829"},"modified":"2025-06-10T23:31:05","modified_gmt":"2025-06-10T21:31:05","slug":"klaus-p-meine-zeit-ist-jetzt-%c2%b7-bergers-schlagerparadies","status":"publish","type":"post","link":"https:\/\/bergers-schlagerparadies.de\/?p=35829","title":{"rendered":"Klaus P. &#8211; Meine Zeit ist jetzt \u00b7 Berger\u00b4s Schlagerparadies"},"content":{"rendered":"<p><img loading=\"lazy\" decoding=\"async\" class=\"size-medium wp-image-35830 alignleft\" src=\"https:\/\/bergers-schlagerparadies.de\/wp-content\/uploads\/2025\/06\/Klaus-P.-Meine-Zeit-ist-jetzt-300x300.jpeg\" alt=\"\" width=\"300\" height=\"300\" srcset=\"https:\/\/bergers-schlagerparadies.de\/wp-content\/uploads\/2025\/06\/Klaus-P.-Meine-Zeit-ist-jetzt-300x300.jpeg 300w, https:\/\/bergers-schlagerparadies.de\/wp-content\/uploads\/2025\/06\/Klaus-P.-Meine-Zeit-ist-jetzt-1024x1024.jpeg 1024w, https:\/\/bergers-schlagerparadies.de\/wp-content\/uploads\/2025\/06\/Klaus-P.-Meine-Zeit-ist-jetzt-150x150.jpeg 150w, https:\/\/bergers-schlagerparadies.de\/wp-content\/uploads\/2025\/06\/Klaus-P.-Meine-Zeit-ist-jetzt-768x768.jpeg 768w, https:\/\/bergers-schlagerparadies.de\/wp-content\/uploads\/2025\/06\/Klaus-P.-Meine-Zeit-ist-jetzt-1536x1536.jpeg 1536w, https:\/\/bergers-schlagerparadies.de\/wp-content\/uploads\/2025\/06\/Klaus-P.-Meine-Zeit-ist-jetzt-2048x2048.jpeg 2048w, https:\/\/bergers-schlagerparadies.de\/wp-content\/uploads\/2025\/06\/Klaus-P.-Meine-Zeit-ist-jetzt-1200x1200.jpeg 1200w, https:\/\/bergers-schlagerparadies.de\/wp-content\/uploads\/2025\/06\/Klaus-P.-Meine-Zeit-ist-jetzt-1188x1188.jpeg 1188w, https:\/\/bergers-schlagerparadies.de\/wp-content\/uploads\/2025\/06\/Klaus-P.-Meine-Zeit-ist-jetzt-100x100.jpeg 100w\" sizes=\"auto, (max-width: 300px) 100vw, 300px\" \/>Klaus P. \u2013 der sympathische S\u00e4nger mit der weichen Stimme \u2013 setzt mit seiner neuen Single \u201eMeine<br \/>\nZeit ist jetzt\u201c seinen Erfolgskurs fort. Der melodi\u00f6se und tanzbare Popschlager \u00fcberzeugt mit<br \/>\nHitpotential und erz\u00e4hlt von allen Facetten des Lebens des erfahrenen K\u00fcnstlers, der seit \u00fcber zwei<br \/>\nJahrzehnten fest in der Schlagerszene verankert ist.<\/p>\n<p>In \u201eMeine Zeit ist jetzt\u201c beschreibt Klaus P. das Leben mit all seinen H\u00f6hen und Tiefen \u2013 mal<br \/>\nnachdenklich, mal hoffnungsvoll, aber immer optimistisch. Der Titel spiegelt nicht nur die Liebe zu<br \/>\nseinem langj\u00e4hrigen Partner wider, sondern auch die Verbundenheit zu seinen beiden Kindern sowie<br \/>\nseine Phantasien, W\u00fcnsche und \u00c4ngste.<\/p>\n<p>Klaus P. liefert mit seiner positiven Energie und Lebensfreude einen Song, der bewegt und inspiriert.<br \/>\nMit seiner starken, dennoch weichen Stimme und den groovenden Beats untermauert er, warum er<br \/>\nauf dem besten Weg ist, sich als feste Gr\u00f6\u00dfe im deutschen Schlager zu etablieren.<\/p>\n<p><span style=\"color: #800000;\"><strong>Quelle: Fiesta Records<\/strong><\/span><\/p>\n<p><span style=\"color: #800000;\"><strong>Dieser Song ist ab dem 13.06.2025 auf allen Download- und Streaming-Portalen erh\u00e4ltlich.\u00a0<\/strong><\/span><\/p>\n<p><span style=\"color: #800000;\"><strong>Airdate (f\u00fcr Radiosender): 10.06.2025<\/strong><\/span><\/p>\n","protected":false},"excerpt":{"rendered":"<p>Klaus P. \u2013 der sympathische S\u00e4nger mit der weichen Stimme \u2013 setzt mit seiner neuen Single \u201eMeine Zeit ist jetzt\u201c seinen Erfolgskurs fort. Der melodi\u00f6se und tanzbare Popschlager \u00fcberzeugt mit Hitpotential und erz\u00e4hlt von allen Facetten des Lebens des erfahrenen K\u00fcnstlers, der seit \u00fcber zwei Jahrzehnten fest in der Schlagerszene verankert ist. In \u201eMeine Zeit ist jetzt\u201c beschreibt Klaus P. das Leben mit all seinen H\u00f6hen und Tiefen \u2013 mal nachdenklich, mal hoffnungsvoll, aber immer optimistisch. Der Titel spiegelt nicht nur die Liebe zu seinem langj\u00e4hrigen Partner wider, sondern auch die Verbundenheit zu seinen beiden Kindern sowie seine Phantasien, W\u00fcnsche und \u00c4ngste. Klaus P. liefert&#8230;<\/p>\n","protected":false},"author":1,"featured_media":35830,"comment_status":"open","ping_status":"open","sticky":false,"template":"","format":"standard","meta":{"footnotes":""},"categories":[3232,2],"tags":[847],"class_list":["post-35829","post","type-post","status-publish","format-standard","has-post-thumbnail","hentry","category-fiesta-records","category-schlager","tag-klaus-p","wpcat-3232-id","wpcat-2-id"],"_links":{"self":[{"href":"https:\/\/bergers-schlagerparadies.de\/index.php?rest_route=\/wp\/v2\/posts\/35829","targetHints":{"allow":["GET"]}}],"collection":[{"href":"https:\/\/bergers-schlagerparadies.de\/index.php?rest_route=\/wp\/v2\/posts"}],"about":[{"href":"https:\/\/bergers-schlagerparadies.de\/index.php?rest_route=\/wp\/v2\/types\/post"}],"author":[{"embeddable":true,"href":"https:\/\/bergers-schlagerparadies.de\/index.php?rest_route=\/wp\/v2\/users\/1"}],"replies":[{"embeddable":true,"href":"https:\/\/bergers-schlagerparadies.de\/index.php?rest_route=%2Fwp%2Fv2%2Fcomments&post=35829"}],"version-history":[{"count":2,"href":"https:\/\/bergers-schlagerparadies.de\/index.php?rest_route=\/wp\/v2\/posts\/35829\/revisions"}],"predecessor-version":[{"id":35891,"href":"https:\/\/bergers-schlagerparadies.de\/index.php?rest_route=\/wp\/v2\/posts\/35829\/revisions\/35891"}],"wp:featuredmedia":[{"embeddable":true,"href":"https:\/\/bergers-schlagerparadies.de\/index.php?rest_route=\/wp\/v2\/media\/35830"}],"wp:attachment":[{"href":"https:\/\/bergers-schlagerparadies.de\/index.php?rest_route=%2Fwp%2Fv2%2Fmedia&parent=35829"}],"wp:term":[{"taxonomy":"category","embeddable":true,"href":"https:\/\/bergers-schlagerparadies.de\/index.php?rest_route=%2Fwp%2Fv2%2Fcategories&post=35829"},{"taxonomy":"post_tag","embeddable":true,"href":"https:\/\/bergers-schlagerparadies.de\/index.php?rest_route=%2Fwp%2Fv2%2Ftags&post=35829"}],"curies":[{"name":"wp","href":"https:\/\/api.w.org\/{rel}","templated":true}]}}