{"id":35819,"date":"2025-06-20T10:30:32","date_gmt":"2025-06-20T08:30:32","guid":{"rendered":"https:\/\/bergers-schlagerparadies.de\/?p=35819"},"modified":"2025-06-06T14:47:52","modified_gmt":"2025-06-06T12:47:52","slug":"matthias-roedder-ich-bin-groesser-als-vor-dir-%c2%b7-bergers-schlagerparadies","status":"publish","type":"post","link":"https:\/\/bergers-schlagerparadies.de\/?p=35819","title":{"rendered":"Matthias R\u00f6dder &#8211; Ich bin gr\u00f6\u00dfer als vor dir \u00b7 Berger\u00b4s Schlagerparadies"},"content":{"rendered":"<p><img loading=\"lazy\" decoding=\"async\" class=\"size-medium wp-image-35820 alignleft\" src=\"https:\/\/bergers-schlagerparadies.de\/wp-content\/uploads\/2025\/06\/Matthias-Roedder-Ich-bin-groesser-als-vor-dir-300x300.jpeg\" alt=\"\" width=\"300\" height=\"300\" srcset=\"https:\/\/bergers-schlagerparadies.de\/wp-content\/uploads\/2025\/06\/Matthias-Roedder-Ich-bin-groesser-als-vor-dir-300x300.jpeg 300w, https:\/\/bergers-schlagerparadies.de\/wp-content\/uploads\/2025\/06\/Matthias-Roedder-Ich-bin-groesser-als-vor-dir-1024x1024.jpeg 1024w, https:\/\/bergers-schlagerparadies.de\/wp-content\/uploads\/2025\/06\/Matthias-Roedder-Ich-bin-groesser-als-vor-dir-150x150.jpeg 150w, https:\/\/bergers-schlagerparadies.de\/wp-content\/uploads\/2025\/06\/Matthias-Roedder-Ich-bin-groesser-als-vor-dir-768x768.jpeg 768w, https:\/\/bergers-schlagerparadies.de\/wp-content\/uploads\/2025\/06\/Matthias-Roedder-Ich-bin-groesser-als-vor-dir-1200x1200.jpeg 1200w, https:\/\/bergers-schlagerparadies.de\/wp-content\/uploads\/2025\/06\/Matthias-Roedder-Ich-bin-groesser-als-vor-dir-1188x1188.jpeg 1188w, https:\/\/bergers-schlagerparadies.de\/wp-content\/uploads\/2025\/06\/Matthias-Roedder-Ich-bin-groesser-als-vor-dir-100x100.jpeg 100w, https:\/\/bergers-schlagerparadies.de\/wp-content\/uploads\/2025\/06\/Matthias-Roedder-Ich-bin-groesser-als-vor-dir.jpeg 1440w\" sizes=\"auto, (max-width: 300px) 100vw, 300px\" \/>Manchmal braucht es den Schmerz, um die eigene St\u00e4rke zu entdecken. In \u201eIch bin gr\u00f6\u00dfer als vor dir\u201c erz\u00e4hlt Matthias R\u00f6dder von einer Trennung, die nicht schw\u00e4cher, sondern st\u00e4rker gemacht hat. Mit eindringlichen Lyrics und einem gef\u00fchlvollen Arrangement zeigt der Song, wie man Verletzungen \u00fcberwindet und am Ende gr\u00f6\u00dfer daraus hervorgeht.<\/p>\n<p>Die Stimme nah, der Beat zur\u00fcckhaltend und dennoch kraftvoll \u2013 jede Zeile tr\u00e4gt die Spuren eines inneren Aufbruchs. Aus \u201edu\u201c wird wieder \u201eich\u201c \u2013 nicht bitter, sondern klar, erwacht und aufrecht. Was bleibt, ist keine Wunde, sondern eine Narbe mit Geschichte.<br \/>\nEin Song wie ein Befreiungsschlag \u2013 leise und doch laut im Herzen.<\/p>\n<p>\u201eIch bin gr\u00f6\u00dfer als vor dir\u201c ist die Single zur dreiteiligen Sky Doku-Serie \u201eLove Scam\u201c, in der Matthias R\u00f6dder von seinen Erfahrungen mit einem Betr\u00fcger erz\u00e4hlt \u2013 nah, authentisch und mit G\u00e4nsehaut-Gef\u00fchl!<\/p>\n<p>\u201eLove Scam\u201c feiert am 05.06.2025 um 20:15 Uhr auf Sky Crime Premiere.<br \/>\nMehr Informationen unter: https:\/\/www.sky.de\/serien\/love-scam<\/p>\n<p><span style=\"color: #800000;\"><strong>Quelle: Osnaton Records<\/strong><\/span><\/p>\n<p><span style=\"color: #800000;\"><strong>Dieser Song ist ab dem 20.06.2025 auf allen Download- und Streaming-Portalen erh\u00e4ltlich.\u00a0<\/strong><\/span><\/p>\n<p><span style=\"color: #800000;\"><strong>Airdate (f\u00fcr Radiosender): 20.06.2025<\/strong><\/span><\/p>\n","protected":false},"excerpt":{"rendered":"<p>Manchmal braucht es den Schmerz, um die eigene St\u00e4rke zu entdecken. In \u201eIch bin gr\u00f6\u00dfer als vor dir\u201c erz\u00e4hlt Matthias R\u00f6dder von einer Trennung, die nicht schw\u00e4cher, sondern st\u00e4rker gemacht hat. Mit eindringlichen Lyrics und einem gef\u00fchlvollen Arrangement zeigt der Song, wie man Verletzungen \u00fcberwindet und am Ende gr\u00f6\u00dfer daraus hervorgeht. Die Stimme nah, der Beat zur\u00fcckhaltend und dennoch kraftvoll \u2013 jede Zeile tr\u00e4gt die Spuren eines inneren Aufbruchs. Aus \u201edu\u201c wird wieder \u201eich\u201c \u2013 nicht bitter, sondern klar, erwacht und aufrecht. Was bleibt, ist keine Wunde, sondern eine Narbe mit Geschichte. Ein Song wie ein Befreiungsschlag \u2013 leise und doch laut im Herzen. \u201eIch&#8230;<\/p>\n","protected":false},"author":1,"featured_media":35820,"comment_status":"open","ping_status":"open","sticky":false,"template":"","format":"standard","meta":{"footnotes":""},"categories":[3231,3267,3298,2],"tags":[1230],"class_list":["post-35819","post","type-post","status-publish","format-standard","has-post-thumbnail","hentry","category-bergers-schlagerparadies","category-osnaton-records","category-pop-deutschsprachig","category-schlager","tag-matthias-roedder","wpcat-3231-id","wpcat-3267-id","wpcat-3298-id","wpcat-2-id"],"_links":{"self":[{"href":"https:\/\/bergers-schlagerparadies.de\/index.php?rest_route=\/wp\/v2\/posts\/35819","targetHints":{"allow":["GET"]}}],"collection":[{"href":"https:\/\/bergers-schlagerparadies.de\/index.php?rest_route=\/wp\/v2\/posts"}],"about":[{"href":"https:\/\/bergers-schlagerparadies.de\/index.php?rest_route=\/wp\/v2\/types\/post"}],"author":[{"embeddable":true,"href":"https:\/\/bergers-schlagerparadies.de\/index.php?rest_route=\/wp\/v2\/users\/1"}],"replies":[{"embeddable":true,"href":"https:\/\/bergers-schlagerparadies.de\/index.php?rest_route=%2Fwp%2Fv2%2Fcomments&post=35819"}],"version-history":[{"count":1,"href":"https:\/\/bergers-schlagerparadies.de\/index.php?rest_route=\/wp\/v2\/posts\/35819\/revisions"}],"predecessor-version":[{"id":35821,"href":"https:\/\/bergers-schlagerparadies.de\/index.php?rest_route=\/wp\/v2\/posts\/35819\/revisions\/35821"}],"wp:featuredmedia":[{"embeddable":true,"href":"https:\/\/bergers-schlagerparadies.de\/index.php?rest_route=\/wp\/v2\/media\/35820"}],"wp:attachment":[{"href":"https:\/\/bergers-schlagerparadies.de\/index.php?rest_route=%2Fwp%2Fv2%2Fmedia&parent=35819"}],"wp:term":[{"taxonomy":"category","embeddable":true,"href":"https:\/\/bergers-schlagerparadies.de\/index.php?rest_route=%2Fwp%2Fv2%2Fcategories&post=35819"},{"taxonomy":"post_tag","embeddable":true,"href":"https:\/\/bergers-schlagerparadies.de\/index.php?rest_route=%2Fwp%2Fv2%2Ftags&post=35819"}],"curies":[{"name":"wp","href":"https:\/\/api.w.org\/{rel}","templated":true}]}}