{"id":35810,"date":"2025-06-27T10:30:22","date_gmt":"2025-06-27T08:30:22","guid":{"rendered":"https:\/\/bergers-schlagerparadies.de\/?p=35810"},"modified":"2025-06-06T14:37:23","modified_gmt":"2025-06-06T12:37:23","slug":"anna-valerian-kuess-mich-jetzt-%c2%b7-bergers-schlagerparadies","status":"publish","type":"post","link":"https:\/\/bergers-schlagerparadies.de\/?p=35810","title":{"rendered":"Anna Valerian &#8211; K\u00fcss mich jetzt \u00b7 Berger\u00b4s Schlagerparadies"},"content":{"rendered":"<p><img loading=\"lazy\" decoding=\"async\" class=\"size-medium wp-image-35811 alignleft\" src=\"https:\/\/bergers-schlagerparadies.de\/wp-content\/uploads\/2025\/06\/Anna-Valerian-Kuess-mich-jetzt-300x300.jpeg\" alt=\"\" width=\"300\" height=\"300\" srcset=\"https:\/\/bergers-schlagerparadies.de\/wp-content\/uploads\/2025\/06\/Anna-Valerian-Kuess-mich-jetzt-300x300.jpeg 300w, https:\/\/bergers-schlagerparadies.de\/wp-content\/uploads\/2025\/06\/Anna-Valerian-Kuess-mich-jetzt-1024x1024.jpeg 1024w, https:\/\/bergers-schlagerparadies.de\/wp-content\/uploads\/2025\/06\/Anna-Valerian-Kuess-mich-jetzt-150x150.jpeg 150w, https:\/\/bergers-schlagerparadies.de\/wp-content\/uploads\/2025\/06\/Anna-Valerian-Kuess-mich-jetzt-768x768.jpeg 768w, https:\/\/bergers-schlagerparadies.de\/wp-content\/uploads\/2025\/06\/Anna-Valerian-Kuess-mich-jetzt-1188x1188.jpeg 1188w, https:\/\/bergers-schlagerparadies.de\/wp-content\/uploads\/2025\/06\/Anna-Valerian-Kuess-mich-jetzt-100x100.jpeg 100w, https:\/\/bergers-schlagerparadies.de\/wp-content\/uploads\/2025\/06\/Anna-Valerian-Kuess-mich-jetzt.jpeg 1200w\" sizes=\"auto, (max-width: 300px) 100vw, 300px\" \/>Wenn Sommer, Sonne und Strand auf hei\u00dfe Rhythmen und prickelnde Gef\u00fchle treffen, ist der perfekte Schlager-Hit nicht weit: \u201eK\u00fcss mich jetzt\u201c, die neue Single von Anna Valerian, bringt all das auf den Punkt \u2013 leidenschaftlich, tanzbar und voller Sehnsucht. Mit \u201eK\u00fcss mich jetzt\u201c entf\u00fchrt uns Anna Valerian direkt in eine gl\u00fchende Sommernacht, in der das Flimmern in der Hitze den Takt vorgibt. Ein mitrei\u00dfender Mix aus Schlager und Reggaeton l\u00e4sst die H\u00fcften kreisen und das Herz schneller schlagen. Ein \u201eCoraz\u00f3n\u201c, das sich nach N\u00e4he sehnt, nach einem Blick, einem L\u00e4cheln \u2013 und einem Kuss. Die charismatische S\u00e4ngerin trifft mit ihrer unverwechselbaren Stimme genau ins Herz aller, die den Sommer nicht nur f\u00fchlen, sondern leben wollen. Flirten, tanzen, lachen \u2013 und sich fallen lassen in einen Moment, der nie enden soll. \u201eK\u00fcss mich jetzt\u201c ist mehr als nur ein Song \u2013 es ist ein Gef\u00fchl. Ein Soundtrack f\u00fcr laue N\u00e4chte, salzige Haut und unvergessliche Begegnungen. Leidenschaftlich, verspielt, und voller Lebenslust. Der Sommer kann kommen \u2013 mit Anna Valerian und \u201eK\u00fcss mich jetzt\u201c.<\/p>\n<p>Folge Anna Valerian:<br \/>\n<a href=\"https:\/\/www.annavalerian.de\/\">https:\/\/www.annavalerian.de\/<\/a><br \/>\n<a href=\"https:\/\/www.facebook.com\/anna.valerian.official\">https:\/\/www.facebook.com\/anna.valerian.official<\/a><br \/>\n<a href=\"https:\/\/www.instagram.com\/anna.valerian.official\">https:\/\/www.instagram.com\/anna.valerian.official<\/a><\/p>\n<p><span style=\"color: #800000;\"><strong>Quelle: MORE Music &amp; Media distr. by Telamo GmbH | A BMG Company<\/strong><\/span><\/p>\n<p><span style=\"color: #800000;\"><strong>Dieser Song ist ab dem 27.06.2025 auf allen Download- und Streaming-Portalen erh\u00e4ltlich.\u00a0<\/strong><\/span><\/p>\n<p><span style=\"color: #800000;\"><strong>Airdate (f\u00fcr Radiosender): 06.06.2025<\/strong><\/span><\/p>\n","protected":false},"excerpt":{"rendered":"<p>Wenn Sommer, Sonne und Strand auf hei\u00dfe Rhythmen und prickelnde Gef\u00fchle treffen, ist der perfekte Schlager-Hit nicht weit: \u201eK\u00fcss mich jetzt\u201c, die neue Single von Anna Valerian, bringt all das auf den Punkt \u2013 leidenschaftlich, tanzbar und voller Sehnsucht. Mit \u201eK\u00fcss mich jetzt\u201c entf\u00fchrt uns Anna Valerian direkt in eine gl\u00fchende Sommernacht, in der das Flimmern in der Hitze den Takt vorgibt. Ein mitrei\u00dfender Mix aus Schlager und Reggaeton l\u00e4sst die H\u00fcften kreisen und das Herz schneller schlagen. Ein \u201eCoraz\u00f3n\u201c, das sich nach N\u00e4he sehnt, nach einem Blick, einem L\u00e4cheln \u2013 und einem Kuss. Die charismatische S\u00e4ngerin trifft mit ihrer unverwechselbaren Stimme genau ins Herz&#8230;<\/p>\n","protected":false},"author":1,"featured_media":35811,"comment_status":"open","ping_status":"open","sticky":false,"template":"","format":"standard","meta":{"footnotes":""},"categories":[3231,3255,3585,2],"tags":[1136],"class_list":["post-35810","post","type-post","status-publish","format-standard","has-post-thumbnail","hentry","category-bergers-schlagerparadies","category-deutsch","category-more-music-media-distr-by-telamo-gmbh-a-bmg-company","category-schlager","tag-anna-valerian","wpcat-3231-id","wpcat-3255-id","wpcat-3585-id","wpcat-2-id"],"_links":{"self":[{"href":"https:\/\/bergers-schlagerparadies.de\/index.php?rest_route=\/wp\/v2\/posts\/35810","targetHints":{"allow":["GET"]}}],"collection":[{"href":"https:\/\/bergers-schlagerparadies.de\/index.php?rest_route=\/wp\/v2\/posts"}],"about":[{"href":"https:\/\/bergers-schlagerparadies.de\/index.php?rest_route=\/wp\/v2\/types\/post"}],"author":[{"embeddable":true,"href":"https:\/\/bergers-schlagerparadies.de\/index.php?rest_route=\/wp\/v2\/users\/1"}],"replies":[{"embeddable":true,"href":"https:\/\/bergers-schlagerparadies.de\/index.php?rest_route=%2Fwp%2Fv2%2Fcomments&post=35810"}],"version-history":[{"count":1,"href":"https:\/\/bergers-schlagerparadies.de\/index.php?rest_route=\/wp\/v2\/posts\/35810\/revisions"}],"predecessor-version":[{"id":35812,"href":"https:\/\/bergers-schlagerparadies.de\/index.php?rest_route=\/wp\/v2\/posts\/35810\/revisions\/35812"}],"wp:featuredmedia":[{"embeddable":true,"href":"https:\/\/bergers-schlagerparadies.de\/index.php?rest_route=\/wp\/v2\/media\/35811"}],"wp:attachment":[{"href":"https:\/\/bergers-schlagerparadies.de\/index.php?rest_route=%2Fwp%2Fv2%2Fmedia&parent=35810"}],"wp:term":[{"taxonomy":"category","embeddable":true,"href":"https:\/\/bergers-schlagerparadies.de\/index.php?rest_route=%2Fwp%2Fv2%2Fcategories&post=35810"},{"taxonomy":"post_tag","embeddable":true,"href":"https:\/\/bergers-schlagerparadies.de\/index.php?rest_route=%2Fwp%2Fv2%2Ftags&post=35810"}],"curies":[{"name":"wp","href":"https:\/\/api.w.org\/{rel}","templated":true}]}}