{"id":35693,"date":"2025-06-09T10:30:26","date_gmt":"2025-06-09T08:30:26","guid":{"rendered":"https:\/\/bergers-schlagerparadies.de\/?p=35693"},"modified":"2025-06-02T20:59:15","modified_gmt":"2025-06-02T18:59:15","slug":"alexander-m-helmer-morgen-moechte-ich-tanzen-%c2%b7-bergers-schlagerparadies","status":"publish","type":"post","link":"https:\/\/bergers-schlagerparadies.de\/?p=35693","title":{"rendered":"Alexander M. Helmer &#8211; Morgen m\u00f6chte ich tanzen \u00b7 Berger\u00b4s Schlagerparadies"},"content":{"rendered":"<p><img loading=\"lazy\" decoding=\"async\" class=\"size-medium wp-image-35694 alignleft\" src=\"https:\/\/bergers-schlagerparadies.de\/wp-content\/uploads\/2025\/06\/Alexander-M.-Helmer-Morgen-moechte-ich-tanzen-300x300.jpeg\" alt=\"\" width=\"300\" height=\"300\" srcset=\"https:\/\/bergers-schlagerparadies.de\/wp-content\/uploads\/2025\/06\/Alexander-M.-Helmer-Morgen-moechte-ich-tanzen-300x300.jpeg 300w, https:\/\/bergers-schlagerparadies.de\/wp-content\/uploads\/2025\/06\/Alexander-M.-Helmer-Morgen-moechte-ich-tanzen-1024x1024.jpeg 1024w, https:\/\/bergers-schlagerparadies.de\/wp-content\/uploads\/2025\/06\/Alexander-M.-Helmer-Morgen-moechte-ich-tanzen-150x150.jpeg 150w, https:\/\/bergers-schlagerparadies.de\/wp-content\/uploads\/2025\/06\/Alexander-M.-Helmer-Morgen-moechte-ich-tanzen-768x768.jpeg 768w, https:\/\/bergers-schlagerparadies.de\/wp-content\/uploads\/2025\/06\/Alexander-M.-Helmer-Morgen-moechte-ich-tanzen-1200x1200.jpeg 1200w, https:\/\/bergers-schlagerparadies.de\/wp-content\/uploads\/2025\/06\/Alexander-M.-Helmer-Morgen-moechte-ich-tanzen-1188x1188.jpeg 1188w, https:\/\/bergers-schlagerparadies.de\/wp-content\/uploads\/2025\/06\/Alexander-M.-Helmer-Morgen-moechte-ich-tanzen-100x100.jpeg 100w, https:\/\/bergers-schlagerparadies.de\/wp-content\/uploads\/2025\/06\/Alexander-M.-Helmer-Morgen-moechte-ich-tanzen.jpeg 1440w\" sizes=\"auto, (max-width: 300px) 100vw, 300px\" \/>Wenn der Sommer die Gef\u00fchle tanzen und alles andere vergessen l\u00e4sst \u2013 Mit seinem neuen Song \u201eMorgen m\u00f6chte ich tanzen\u201c l\u00e4utet Alexander M. Helmer frisch und gut gelaunt den Sommer ein!<br \/>\nDer sympathische \u00d6sterreicher versteht es, seine Musik immer wieder in ein neues Gewand zu h\u00fcllen, ohne seinen einpr\u00e4gsamen Stil und Sound dabei zu verlieren. \u201eMorgen m\u00f6chte ich tanzen\u201c verbindet akustische und elektrische Gitarren mit groovigen Melodien und einer leichten, dennoch pr\u00e4senten Percussion. Die Komposition hebt durch ihre Leichtigkeit das einzigartige Timbre des Wieners perfekt hervor und rundet die Single gekonnt ab.<br \/>\nF\u00fcr die Produktion vertraut Alexander M. Helmer auf Christian Zierhofer, mit dem er in der Vergangenheit, unter anderem auf seinem Album \u201eParis \u2013 Triest\u201c, erfolgreich zusammengearbeitet hat. Gemeinsam haben sie mit \u201eMorgen m\u00f6chte ich tanzen\u201c einen lockeren Sommersong geschaffen, der zum Tanzen und Genie\u00dfen einl\u00e4dt.<\/p>\n<p><span style=\"color: #800000;\"><strong>Quelle: Osnaton Records<\/strong><\/span><\/p>\n<p><span style=\"color: #800000;\"><strong>Dieser Song ist ab dem 13.06.2025 auf allen Download- und Streaming-Portalen erh\u00e4ltlich.\u00a0<\/strong><\/span><\/p>\n<p><span style=\"color: #800000;\"><strong>Airdate (f\u00fcr Radiosender): 13.06.2025<\/strong><\/span><\/p>\n","protected":false},"excerpt":{"rendered":"<p>Wenn der Sommer die Gef\u00fchle tanzen und alles andere vergessen l\u00e4sst \u2013 Mit seinem neuen Song \u201eMorgen m\u00f6chte ich tanzen\u201c l\u00e4utet Alexander M. Helmer frisch und gut gelaunt den Sommer ein! Der sympathische \u00d6sterreicher versteht es, seine Musik immer wieder in ein neues Gewand zu h\u00fcllen, ohne seinen einpr\u00e4gsamen Stil und Sound dabei zu verlieren. \u201eMorgen m\u00f6chte ich tanzen\u201c verbindet akustische und elektrische Gitarren mit groovigen Melodien und einer leichten, dennoch pr\u00e4senten Percussion. Die Komposition hebt durch ihre Leichtigkeit das einzigartige Timbre des Wieners perfekt hervor und rundet die Single gekonnt ab. F\u00fcr die Produktion vertraut Alexander M. Helmer auf Christian Zierhofer, mit dem er&#8230;<\/p>\n","protected":false},"author":1,"featured_media":35694,"comment_status":"open","ping_status":"open","sticky":false,"template":"","format":"standard","meta":{"footnotes":""},"categories":[3231,3511,3267,2],"tags":[852],"class_list":["post-35693","post","type-post","status-publish","format-standard","has-post-thumbnail","hentry","category-bergers-schlagerparadies","category-liedermacher","category-osnaton-records","category-schlager","tag-alexander-m-helmer","wpcat-3231-id","wpcat-3511-id","wpcat-3267-id","wpcat-2-id"],"_links":{"self":[{"href":"https:\/\/bergers-schlagerparadies.de\/index.php?rest_route=\/wp\/v2\/posts\/35693","targetHints":{"allow":["GET"]}}],"collection":[{"href":"https:\/\/bergers-schlagerparadies.de\/index.php?rest_route=\/wp\/v2\/posts"}],"about":[{"href":"https:\/\/bergers-schlagerparadies.de\/index.php?rest_route=\/wp\/v2\/types\/post"}],"author":[{"embeddable":true,"href":"https:\/\/bergers-schlagerparadies.de\/index.php?rest_route=\/wp\/v2\/users\/1"}],"replies":[{"embeddable":true,"href":"https:\/\/bergers-schlagerparadies.de\/index.php?rest_route=%2Fwp%2Fv2%2Fcomments&post=35693"}],"version-history":[{"count":1,"href":"https:\/\/bergers-schlagerparadies.de\/index.php?rest_route=\/wp\/v2\/posts\/35693\/revisions"}],"predecessor-version":[{"id":35696,"href":"https:\/\/bergers-schlagerparadies.de\/index.php?rest_route=\/wp\/v2\/posts\/35693\/revisions\/35696"}],"wp:featuredmedia":[{"embeddable":true,"href":"https:\/\/bergers-schlagerparadies.de\/index.php?rest_route=\/wp\/v2\/media\/35694"}],"wp:attachment":[{"href":"https:\/\/bergers-schlagerparadies.de\/index.php?rest_route=%2Fwp%2Fv2%2Fmedia&parent=35693"}],"wp:term":[{"taxonomy":"category","embeddable":true,"href":"https:\/\/bergers-schlagerparadies.de\/index.php?rest_route=%2Fwp%2Fv2%2Fcategories&post=35693"},{"taxonomy":"post_tag","embeddable":true,"href":"https:\/\/bergers-schlagerparadies.de\/index.php?rest_route=%2Fwp%2Fv2%2Ftags&post=35693"}],"curies":[{"name":"wp","href":"https:\/\/api.w.org\/{rel}","templated":true}]}}