{"id":35660,"date":"2025-06-02T10:30:27","date_gmt":"2025-06-02T08:30:27","guid":{"rendered":"https:\/\/bergers-schlagerparadies.de\/?p=35660"},"modified":"2025-06-06T15:03:01","modified_gmt":"2025-06-06T13:03:01","slug":"unendlich-dem-sommer-hinterher-%c2%b7-bergers-schlagerparadies","status":"publish","type":"post","link":"https:\/\/bergers-schlagerparadies.de\/?p=35660","title":{"rendered":"Unendlich &#8211; Dem Sommer hinterher \u00b7 Berger\u00b4s Schlagerparadies"},"content":{"rendered":"<p><img loading=\"lazy\" decoding=\"async\" class=\"size-medium wp-image-35661 alignleft\" src=\"https:\/\/bergers-schlagerparadies.de\/wp-content\/uploads\/2025\/05\/Unendlich-Dem-Sommer-hinterher-300x300.jpeg\" alt=\"\" width=\"300\" height=\"300\" srcset=\"https:\/\/bergers-schlagerparadies.de\/wp-content\/uploads\/2025\/05\/Unendlich-Dem-Sommer-hinterher-300x300.jpeg 300w, https:\/\/bergers-schlagerparadies.de\/wp-content\/uploads\/2025\/05\/Unendlich-Dem-Sommer-hinterher-1024x1024.jpeg 1024w, https:\/\/bergers-schlagerparadies.de\/wp-content\/uploads\/2025\/05\/Unendlich-Dem-Sommer-hinterher-150x150.jpeg 150w, https:\/\/bergers-schlagerparadies.de\/wp-content\/uploads\/2025\/05\/Unendlich-Dem-Sommer-hinterher-768x768.jpeg 768w, https:\/\/bergers-schlagerparadies.de\/wp-content\/uploads\/2025\/05\/Unendlich-Dem-Sommer-hinterher-1536x1536.jpeg 1536w, https:\/\/bergers-schlagerparadies.de\/wp-content\/uploads\/2025\/05\/Unendlich-Dem-Sommer-hinterher-2048x2048.jpeg 2048w, https:\/\/bergers-schlagerparadies.de\/wp-content\/uploads\/2025\/05\/Unendlich-Dem-Sommer-hinterher-1200x1200.jpeg 1200w, https:\/\/bergers-schlagerparadies.de\/wp-content\/uploads\/2025\/05\/Unendlich-Dem-Sommer-hinterher-1188x1188.jpeg 1188w, https:\/\/bergers-schlagerparadies.de\/wp-content\/uploads\/2025\/05\/Unendlich-Dem-Sommer-hinterher-100x100.jpeg 100w\" sizes=\"auto, (max-width: 300px) 100vw, 300px\" \/>Mit ihrer neuen Single \u201eDem Sommer hinterher\u201c melden sich Unendlich, das Duo bestehend aus<br \/>\nTatjana und Manuel, eindrucksvoll zur\u00fcck. Der Song verspricht ein musikalisches Festhalten am<br \/>\nSommergef\u00fchl \u2013 voller Sehnsucht, W\u00e4rme und Leichtigkeit.<\/p>\n<p>Der mitrei\u00dfende Popsong verbindet tanzbare Beats mit emotionaler Tiefe und f\u00e4ngt die verg\u00e4ngliche<br \/>\nMagie warmer Tage ein, um sie direkt ins Herz der H\u00f6rerinnen und H\u00f6rer zu transportieren.<\/p>\n<p>Unendlich bleiben ihrem Stil treu und entwickeln ihn gleichzeitig weiter: Gef\u00fchlvoller Gesang trifft auf<br \/>\nmoderne Produktion \u2013 ein Soundtrack f\u00fcr laue Abende, offene Fenster und den Wunsch, den Sommer<br \/>\nniemals gehen zu lassen.<\/p>\n<p><span style=\"color: #800000;\"><strong>Quelle: Fiesta Records<\/strong><\/span><\/p>\n<p><span style=\"color: #800000;\"><strong>Dieser Song ist ab dem 06.06.2025 auf allen Download- und Streaming-Portalen erh\u00e4ltlich.\u00a0<\/strong><\/span><\/p>\n<p><span style=\"color: #800000;\"><strong>Airdate (f\u00fcr Radiosender): 02.06.2025<\/strong><\/span><\/p>\n<p><strong style=\"color: #800000;\">\u00a0<\/strong><\/p>\n","protected":false},"excerpt":{"rendered":"<p>Mit ihrer neuen Single \u201eDem Sommer hinterher\u201c melden sich Unendlich, das Duo bestehend aus Tatjana und Manuel, eindrucksvoll zur\u00fcck. Der Song verspricht ein musikalisches Festhalten am Sommergef\u00fchl \u2013 voller Sehnsucht, W\u00e4rme und Leichtigkeit. Der mitrei\u00dfende Popsong verbindet tanzbare Beats mit emotionaler Tiefe und f\u00e4ngt die verg\u00e4ngliche Magie warmer Tage ein, um sie direkt ins Herz der H\u00f6rerinnen und H\u00f6rer zu transportieren. Unendlich bleiben ihrem Stil treu und entwickeln ihn gleichzeitig weiter: Gef\u00fchlvoller Gesang trifft auf moderne Produktion \u2013 ein Soundtrack f\u00fcr laue Abende, offene Fenster und den Wunsch, den Sommer niemals gehen zu lassen. Quelle: Fiesta Records Dieser Song ist ab dem 06.06.2025 auf allen&#8230;<\/p>\n","protected":false},"author":1,"featured_media":35661,"comment_status":"open","ping_status":"open","sticky":false,"template":"","format":"standard","meta":{"footnotes":""},"categories":[3231,3232,2],"tags":[2536],"class_list":["post-35660","post","type-post","status-publish","format-standard","has-post-thumbnail","hentry","category-bergers-schlagerparadies","category-fiesta-records","category-schlager","tag-unendlich","wpcat-3231-id","wpcat-3232-id","wpcat-2-id"],"_links":{"self":[{"href":"https:\/\/bergers-schlagerparadies.de\/index.php?rest_route=\/wp\/v2\/posts\/35660","targetHints":{"allow":["GET"]}}],"collection":[{"href":"https:\/\/bergers-schlagerparadies.de\/index.php?rest_route=\/wp\/v2\/posts"}],"about":[{"href":"https:\/\/bergers-schlagerparadies.de\/index.php?rest_route=\/wp\/v2\/types\/post"}],"author":[{"embeddable":true,"href":"https:\/\/bergers-schlagerparadies.de\/index.php?rest_route=\/wp\/v2\/users\/1"}],"replies":[{"embeddable":true,"href":"https:\/\/bergers-schlagerparadies.de\/index.php?rest_route=%2Fwp%2Fv2%2Fcomments&post=35660"}],"version-history":[{"count":3,"href":"https:\/\/bergers-schlagerparadies.de\/index.php?rest_route=\/wp\/v2\/posts\/35660\/revisions"}],"predecessor-version":[{"id":35825,"href":"https:\/\/bergers-schlagerparadies.de\/index.php?rest_route=\/wp\/v2\/posts\/35660\/revisions\/35825"}],"wp:featuredmedia":[{"embeddable":true,"href":"https:\/\/bergers-schlagerparadies.de\/index.php?rest_route=\/wp\/v2\/media\/35661"}],"wp:attachment":[{"href":"https:\/\/bergers-schlagerparadies.de\/index.php?rest_route=%2Fwp%2Fv2%2Fmedia&parent=35660"}],"wp:term":[{"taxonomy":"category","embeddable":true,"href":"https:\/\/bergers-schlagerparadies.de\/index.php?rest_route=%2Fwp%2Fv2%2Fcategories&post=35660"},{"taxonomy":"post_tag","embeddable":true,"href":"https:\/\/bergers-schlagerparadies.de\/index.php?rest_route=%2Fwp%2Fv2%2Ftags&post=35660"}],"curies":[{"name":"wp","href":"https:\/\/api.w.org\/{rel}","templated":true}]}}