{"id":35513,"date":"2025-06-02T10:30:32","date_gmt":"2025-06-02T08:30:32","guid":{"rendered":"https:\/\/bergers-schlagerparadies.de\/?p=35513"},"modified":"2025-05-26T23:23:16","modified_gmt":"2025-05-26T21:23:16","slug":"petra-susann-platz-fuer-traeumer-%c2%b7-bergers-schlagerparadies","status":"publish","type":"post","link":"https:\/\/bergers-schlagerparadies.de\/?p=35513","title":{"rendered":"Petra Susann &#8211; Platz f\u00fcr Tr\u00e4umer \u00b7 Berger\u00b4s Schlagerparadies"},"content":{"rendered":"<p><img loading=\"lazy\" decoding=\"async\" class=\"size-medium wp-image-35514 alignleft\" src=\"https:\/\/bergers-schlagerparadies.de\/wp-content\/uploads\/2025\/05\/Petra-Susann-Platz-fuer-Traeumer-300x300.jpeg\" alt=\"\" width=\"300\" height=\"300\" srcset=\"https:\/\/bergers-schlagerparadies.de\/wp-content\/uploads\/2025\/05\/Petra-Susann-Platz-fuer-Traeumer-300x300.jpeg 300w, https:\/\/bergers-schlagerparadies.de\/wp-content\/uploads\/2025\/05\/Petra-Susann-Platz-fuer-Traeumer-1024x1024.jpeg 1024w, https:\/\/bergers-schlagerparadies.de\/wp-content\/uploads\/2025\/05\/Petra-Susann-Platz-fuer-Traeumer-150x150.jpeg 150w, https:\/\/bergers-schlagerparadies.de\/wp-content\/uploads\/2025\/05\/Petra-Susann-Platz-fuer-Traeumer-768x768.jpeg 768w, https:\/\/bergers-schlagerparadies.de\/wp-content\/uploads\/2025\/05\/Petra-Susann-Platz-fuer-Traeumer-1536x1536.jpeg 1536w, https:\/\/bergers-schlagerparadies.de\/wp-content\/uploads\/2025\/05\/Petra-Susann-Platz-fuer-Traeumer-2048x2048.jpeg 2048w, https:\/\/bergers-schlagerparadies.de\/wp-content\/uploads\/2025\/05\/Petra-Susann-Platz-fuer-Traeumer-1200x1200.jpeg 1200w, https:\/\/bergers-schlagerparadies.de\/wp-content\/uploads\/2025\/05\/Petra-Susann-Platz-fuer-Traeumer-1188x1188.jpeg 1188w, https:\/\/bergers-schlagerparadies.de\/wp-content\/uploads\/2025\/05\/Petra-Susann-Platz-fuer-Traeumer-100x100.jpeg 100w\" sizes=\"auto, (max-width: 300px) 100vw, 300px\" \/>Die M\u00fcnchner S\u00e4ngerin Petra Susann beweist mit ihrer neuen Single \u201ePlatz f\u00fcr Tr\u00e4umer\u201c, dass moderner Popschlager auch leise, gef\u00fchlvoll und gleichzeitig kraftvoll sein kann.<br \/>\nNach dem erfolgreichen Deb\u00fct \u201eHerbstgefl\u00fcster\u201c setzt Petra Susann ihren musikalischen Weg fort und schenkt ihren Zuh\u00f6rer*innen einen Song, der ber\u00fchrt, inspiriert und Mut macht.<br \/>\n\u201ePlatz f\u00fcr Tr\u00e4umer\u201c ist eine moderne Hymne an das Innehalten, an die kleinen Gl\u00fccksmomente und die Kraft der Fantasie.<br \/>\nMit einer warmen, einf\u00fchlsamen Stimme und einer melodischen Klangwelt voller Leichtigkeit l\u00e4dt Petra dazu ein, den Moment zu genie\u00dfen \u2013 inmitten einer oft hektischen Welt.<br \/>\n\u201ePlatz f\u00fcr Tr\u00e4umer\u201c \u2013 ein Song f\u00fcr Herzmenschen, Genie\u00dfer und alle, die noch an die Magie des Augenblicks glauben.<\/p>\n<p><span style=\"color: #800000;\"><strong>Quelle: Fiesta Records<\/strong><\/span><\/p>\n<p><span style=\"color: #800000;\"><strong>Dieser Song ist ab dem 30.05.2025 auf allen Download- und Streaming-Portalen erh\u00e4ltlich.\u00a0<\/strong><\/span><\/p>\n<p><span style=\"color: #800000;\"><strong>Airdate (f\u00fcr Radiosender): 30.05.2025<\/strong><\/span><\/p>\n","protected":false},"excerpt":{"rendered":"<p>Die M\u00fcnchner S\u00e4ngerin Petra Susann beweist mit ihrer neuen Single \u201ePlatz f\u00fcr Tr\u00e4umer\u201c, dass moderner Popschlager auch leise, gef\u00fchlvoll und gleichzeitig kraftvoll sein kann. Nach dem erfolgreichen Deb\u00fct \u201eHerbstgefl\u00fcster\u201c setzt Petra Susann ihren musikalischen Weg fort und schenkt ihren Zuh\u00f6rer*innen einen Song, der ber\u00fchrt, inspiriert und Mut macht. \u201ePlatz f\u00fcr Tr\u00e4umer\u201c ist eine moderne Hymne an das Innehalten, an die kleinen Gl\u00fccksmomente und die Kraft der Fantasie. Mit einer warmen, einf\u00fchlsamen Stimme und einer melodischen Klangwelt voller Leichtigkeit l\u00e4dt Petra dazu ein, den Moment zu genie\u00dfen \u2013 inmitten einer oft hektischen Welt. \u201ePlatz f\u00fcr Tr\u00e4umer\u201c \u2013 ein Song f\u00fcr Herzmenschen, Genie\u00dfer und alle, die noch&#8230;<\/p>\n","protected":false},"author":1,"featured_media":35514,"comment_status":"open","ping_status":"open","sticky":false,"template":"","format":"standard","meta":{"footnotes":""},"categories":[3231,3232,2],"tags":[3038],"class_list":["post-35513","post","type-post","status-publish","format-standard","has-post-thumbnail","hentry","category-bergers-schlagerparadies","category-fiesta-records","category-schlager","tag-petra-susann","wpcat-3231-id","wpcat-3232-id","wpcat-2-id"],"_links":{"self":[{"href":"https:\/\/bergers-schlagerparadies.de\/index.php?rest_route=\/wp\/v2\/posts\/35513","targetHints":{"allow":["GET"]}}],"collection":[{"href":"https:\/\/bergers-schlagerparadies.de\/index.php?rest_route=\/wp\/v2\/posts"}],"about":[{"href":"https:\/\/bergers-schlagerparadies.de\/index.php?rest_route=\/wp\/v2\/types\/post"}],"author":[{"embeddable":true,"href":"https:\/\/bergers-schlagerparadies.de\/index.php?rest_route=\/wp\/v2\/users\/1"}],"replies":[{"embeddable":true,"href":"https:\/\/bergers-schlagerparadies.de\/index.php?rest_route=%2Fwp%2Fv2%2Fcomments&post=35513"}],"version-history":[{"count":1,"href":"https:\/\/bergers-schlagerparadies.de\/index.php?rest_route=\/wp\/v2\/posts\/35513\/revisions"}],"predecessor-version":[{"id":35515,"href":"https:\/\/bergers-schlagerparadies.de\/index.php?rest_route=\/wp\/v2\/posts\/35513\/revisions\/35515"}],"wp:featuredmedia":[{"embeddable":true,"href":"https:\/\/bergers-schlagerparadies.de\/index.php?rest_route=\/wp\/v2\/media\/35514"}],"wp:attachment":[{"href":"https:\/\/bergers-schlagerparadies.de\/index.php?rest_route=%2Fwp%2Fv2%2Fmedia&parent=35513"}],"wp:term":[{"taxonomy":"category","embeddable":true,"href":"https:\/\/bergers-schlagerparadies.de\/index.php?rest_route=%2Fwp%2Fv2%2Fcategories&post=35513"},{"taxonomy":"post_tag","embeddable":true,"href":"https:\/\/bergers-schlagerparadies.de\/index.php?rest_route=%2Fwp%2Fv2%2Ftags&post=35513"}],"curies":[{"name":"wp","href":"https:\/\/api.w.org\/{rel}","templated":true}]}}