{"id":35501,"date":"2025-05-27T10:30:29","date_gmt":"2025-05-27T08:30:29","guid":{"rendered":"https:\/\/bergers-schlagerparadies.de\/?p=35501"},"modified":"2025-05-27T22:30:56","modified_gmt":"2025-05-27T20:30:56","slug":"jan-rendels-ich-will-dich-in-live-%c2%b7-bergers-schlagerparadies","status":"publish","type":"post","link":"https:\/\/bergers-schlagerparadies.de\/?p=35501","title":{"rendered":"Jan Rendels &#8211; Ich will dich in live \u00b7 Berger\u00b4s Schlagerparadies"},"content":{"rendered":"<p><img loading=\"lazy\" decoding=\"async\" class=\"size-medium wp-image-35502 alignleft\" src=\"https:\/\/bergers-schlagerparadies.de\/wp-content\/uploads\/2025\/05\/Jan-Rendels-Ich-will-dich-in-live-300x300.jpeg\" alt=\"\" width=\"300\" height=\"300\" srcset=\"https:\/\/bergers-schlagerparadies.de\/wp-content\/uploads\/2025\/05\/Jan-Rendels-Ich-will-dich-in-live-300x300.jpeg 300w, https:\/\/bergers-schlagerparadies.de\/wp-content\/uploads\/2025\/05\/Jan-Rendels-Ich-will-dich-in-live-1024x1024.jpeg 1024w, https:\/\/bergers-schlagerparadies.de\/wp-content\/uploads\/2025\/05\/Jan-Rendels-Ich-will-dich-in-live-150x150.jpeg 150w, https:\/\/bergers-schlagerparadies.de\/wp-content\/uploads\/2025\/05\/Jan-Rendels-Ich-will-dich-in-live-768x768.jpeg 768w, https:\/\/bergers-schlagerparadies.de\/wp-content\/uploads\/2025\/05\/Jan-Rendels-Ich-will-dich-in-live-1536x1536.jpeg 1536w, https:\/\/bergers-schlagerparadies.de\/wp-content\/uploads\/2025\/05\/Jan-Rendels-Ich-will-dich-in-live-2048x2048.jpeg 2048w, https:\/\/bergers-schlagerparadies.de\/wp-content\/uploads\/2025\/05\/Jan-Rendels-Ich-will-dich-in-live-1200x1200.jpeg 1200w, https:\/\/bergers-schlagerparadies.de\/wp-content\/uploads\/2025\/05\/Jan-Rendels-Ich-will-dich-in-live-1188x1188.jpeg 1188w, https:\/\/bergers-schlagerparadies.de\/wp-content\/uploads\/2025\/05\/Jan-Rendels-Ich-will-dich-in-live-100x100.jpeg 100w\" sizes=\"auto, (max-width: 300px) 100vw, 300px\" \/>Mit \u201eIch will dich in live\u201c pr\u00e4sentiert Jan Rendel die dritte Singleauskopplung aus seinem erfolgreichen Album \u201eGenau mein Ding\u201c.<\/p>\n<p>Der Song verbindet modernen Popschlager mit einer starken Botschaft: In einer Zeit voller Social Media und virtueller Begegnungen ist echte N\u00e4he wichtiger denn je.<\/p>\n<p>Der Offenburger S\u00e4nger bringt damit seine Leidenschaft f\u00fcr den deutschen Schlager authentisch auf den Punkt. Schon seit Kindheitstagen dem Genre verbunden, steht Jan Rendel f\u00fcr ehrliche Texte, tanzbare Rhythmen und musikalische Lebensfreude.<\/p>\n<p>Auch dieser Titel bleibt seinem Stil treu \u2013 modern produziert, gef\u00fchlvoll interpretiert und mitrei\u00dfend in Szene gesetzt.<\/p>\n<p>\u201eIch will dich in live\u201c erinnert daran, wie wertvoll es ist, gemeinsame Momente wirklich zu erleben \u2013 live, nicht nur online.<\/p>\n<p>Ein Titel, der sowohl zum Nachdenken als auch zum Feiern und Mitsingen einl\u00e4dt \u2013 und damit perfekt in jede Schlager-Playlist passt.<\/p>\n<p><span style=\"color: #800000;\"><strong>Quelle: Fiesta Records<\/strong><\/span><\/p>\n<p><span style=\"color: #800000;\"><strong>Dieser Song ist ab dem 30.05.2025 auf allen Download- und Streaming-Portalen erh\u00e4ltlich.\u00a0<\/strong><\/span><\/p>\n<p><span style=\"color: #800000;\"><strong>Airdate (f\u00fcr Radiosender): 27.05.2025<\/strong><\/span><\/p>\n","protected":false},"excerpt":{"rendered":"<p>Mit \u201eIch will dich in live\u201c pr\u00e4sentiert Jan Rendel die dritte Singleauskopplung aus seinem erfolgreichen Album \u201eGenau mein Ding\u201c. Der Song verbindet modernen Popschlager mit einer starken Botschaft: In einer Zeit voller Social Media und virtueller Begegnungen ist echte N\u00e4he wichtiger denn je. Der Offenburger S\u00e4nger bringt damit seine Leidenschaft f\u00fcr den deutschen Schlager authentisch auf den Punkt. Schon seit Kindheitstagen dem Genre verbunden, steht Jan Rendel f\u00fcr ehrliche Texte, tanzbare Rhythmen und musikalische Lebensfreude. Auch dieser Titel bleibt seinem Stil treu \u2013 modern produziert, gef\u00fchlvoll interpretiert und mitrei\u00dfend in Szene gesetzt. \u201eIch will dich in live\u201c erinnert daran, wie wertvoll es ist, gemeinsame Momente&#8230;<\/p>\n","protected":false},"author":1,"featured_media":35502,"comment_status":"open","ping_status":"open","sticky":false,"template":"","format":"standard","meta":{"footnotes":""},"categories":[3231],"tags":[438],"class_list":["post-35501","post","type-post","status-publish","format-standard","has-post-thumbnail","hentry","category-bergers-schlagerparadies","tag-jan-rendels","wpcat-3231-id"],"_links":{"self":[{"href":"https:\/\/bergers-schlagerparadies.de\/index.php?rest_route=\/wp\/v2\/posts\/35501","targetHints":{"allow":["GET"]}}],"collection":[{"href":"https:\/\/bergers-schlagerparadies.de\/index.php?rest_route=\/wp\/v2\/posts"}],"about":[{"href":"https:\/\/bergers-schlagerparadies.de\/index.php?rest_route=\/wp\/v2\/types\/post"}],"author":[{"embeddable":true,"href":"https:\/\/bergers-schlagerparadies.de\/index.php?rest_route=\/wp\/v2\/users\/1"}],"replies":[{"embeddable":true,"href":"https:\/\/bergers-schlagerparadies.de\/index.php?rest_route=%2Fwp%2Fv2%2Fcomments&post=35501"}],"version-history":[{"count":2,"href":"https:\/\/bergers-schlagerparadies.de\/index.php?rest_route=\/wp\/v2\/posts\/35501\/revisions"}],"predecessor-version":[{"id":35567,"href":"https:\/\/bergers-schlagerparadies.de\/index.php?rest_route=\/wp\/v2\/posts\/35501\/revisions\/35567"}],"wp:featuredmedia":[{"embeddable":true,"href":"https:\/\/bergers-schlagerparadies.de\/index.php?rest_route=\/wp\/v2\/media\/35502"}],"wp:attachment":[{"href":"https:\/\/bergers-schlagerparadies.de\/index.php?rest_route=%2Fwp%2Fv2%2Fmedia&parent=35501"}],"wp:term":[{"taxonomy":"category","embeddable":true,"href":"https:\/\/bergers-schlagerparadies.de\/index.php?rest_route=%2Fwp%2Fv2%2Fcategories&post=35501"},{"taxonomy":"post_tag","embeddable":true,"href":"https:\/\/bergers-schlagerparadies.de\/index.php?rest_route=%2Fwp%2Fv2%2Ftags&post=35501"}],"curies":[{"name":"wp","href":"https:\/\/api.w.org\/{rel}","templated":true}]}}