{"id":35470,"date":"2025-06-09T10:30:05","date_gmt":"2025-06-09T08:30:05","guid":{"rendered":"https:\/\/bergers-schlagerparadies.de\/?p=35470"},"modified":"2025-06-09T13:14:43","modified_gmt":"2025-06-09T11:14:43","slug":"anthony-weihs-zwanzig-nach-zehn-mitten-in-dresden-%c2%b7-bergers-schlagerparadies","status":"publish","type":"post","link":"https:\/\/bergers-schlagerparadies.de\/?p=35470","title":{"rendered":"Anthony Weihs &#8211; Zwanzig nach zehn mitten in Dresden \u00b7 Berger\u00b4s Schlagerparadies"},"content":{"rendered":"<p><img loading=\"lazy\" decoding=\"async\" class=\"size-medium wp-image-35471 alignleft\" src=\"https:\/\/bergers-schlagerparadies.de\/wp-content\/uploads\/2025\/05\/Anthony-Weihs-Zwanzig-nach-zehn-mitten-in-Dresden-300x300.jpeg\" alt=\"\" width=\"300\" height=\"300\" srcset=\"https:\/\/bergers-schlagerparadies.de\/wp-content\/uploads\/2025\/05\/Anthony-Weihs-Zwanzig-nach-zehn-mitten-in-Dresden-300x300.jpeg 300w, https:\/\/bergers-schlagerparadies.de\/wp-content\/uploads\/2025\/05\/Anthony-Weihs-Zwanzig-nach-zehn-mitten-in-Dresden-1024x1024.jpeg 1024w, https:\/\/bergers-schlagerparadies.de\/wp-content\/uploads\/2025\/05\/Anthony-Weihs-Zwanzig-nach-zehn-mitten-in-Dresden-150x150.jpeg 150w, https:\/\/bergers-schlagerparadies.de\/wp-content\/uploads\/2025\/05\/Anthony-Weihs-Zwanzig-nach-zehn-mitten-in-Dresden-768x768.jpeg 768w, https:\/\/bergers-schlagerparadies.de\/wp-content\/uploads\/2025\/05\/Anthony-Weihs-Zwanzig-nach-zehn-mitten-in-Dresden-1536x1536.jpeg 1536w, https:\/\/bergers-schlagerparadies.de\/wp-content\/uploads\/2025\/05\/Anthony-Weihs-Zwanzig-nach-zehn-mitten-in-Dresden-2048x2048.jpeg 2048w, https:\/\/bergers-schlagerparadies.de\/wp-content\/uploads\/2025\/05\/Anthony-Weihs-Zwanzig-nach-zehn-mitten-in-Dresden-1200x1200.jpeg 1200w, https:\/\/bergers-schlagerparadies.de\/wp-content\/uploads\/2025\/05\/Anthony-Weihs-Zwanzig-nach-zehn-mitten-in-Dresden-1188x1188.jpeg 1188w, https:\/\/bergers-schlagerparadies.de\/wp-content\/uploads\/2025\/05\/Anthony-Weihs-Zwanzig-nach-zehn-mitten-in-Dresden-100x100.jpeg 100w\" sizes=\"auto, (max-width: 300px) 100vw, 300px\" \/>Mit \u201eZwanzig nach zehn \u2013 Mitten in Dresden\u201c meldet sich der charismatische deutsche S\u00e4nger mit einer energiegeladenen Liebeserkl\u00e4rung an seine Heimatstadt zur\u00fcck.<br \/>\nPers\u00f6nlich, tanzbar und direkt ins Herz \u2013 der Song verbindet moderne Popschlager-Elemente mit einer aufrichtigen Emotionalit\u00e4t, wie sie nur aus echter Verbundenheit entstehen kann.<br \/>\nNach Erfolgen wie \u201eUnser Moment\u201c und \u201eIm Zweifel f\u00fcr die Liebe\u201c beweist der K\u00fcnstler erneut, wie aktueller deutscher Schlager klingen kann: ehrlich, mitrei\u00dfend und voller Gef\u00fchl.<br \/>\n\u201eZwanzig nach zehn\u201c ist mehr als nur ein Song \u2013 es ist ein Moment, eingefangen in Musik, ein Gef\u00fchl von Heimat, W\u00e4rme und Lebensfreude, das auf der Tanzfl\u00e4che genauso funktioniert wie beim Zuh\u00f6ren mit geschlossenen Augen.<\/p>\n<p><span style=\"color: #800000;\"><strong>Quelle: Fiesta Records<\/strong><\/span><\/p>\n<p><span style=\"color: #800000;\"><strong>Dieser Song ist ab dem 13.06.2025 auf allen Download- und Streaming-Portalen erh\u00e4ltlich.\u00a0<\/strong><\/span><\/p>\n<p><span style=\"color: #800000;\"><strong>Airdate (f\u00fcr Radiosender): 09.06.2025<\/strong><\/span><\/p>\n","protected":false},"excerpt":{"rendered":"<p>Mit \u201eZwanzig nach zehn \u2013 Mitten in Dresden\u201c meldet sich der charismatische deutsche S\u00e4nger mit einer energiegeladenen Liebeserkl\u00e4rung an seine Heimatstadt zur\u00fcck. Pers\u00f6nlich, tanzbar und direkt ins Herz \u2013 der Song verbindet moderne Popschlager-Elemente mit einer aufrichtigen Emotionalit\u00e4t, wie sie nur aus echter Verbundenheit entstehen kann. Nach Erfolgen wie \u201eUnser Moment\u201c und \u201eIm Zweifel f\u00fcr die Liebe\u201c beweist der K\u00fcnstler erneut, wie aktueller deutscher Schlager klingen kann: ehrlich, mitrei\u00dfend und voller Gef\u00fchl. \u201eZwanzig nach zehn\u201c ist mehr als nur ein Song \u2013 es ist ein Moment, eingefangen in Musik, ein Gef\u00fchl von Heimat, W\u00e4rme und Lebensfreude, das auf der Tanzfl\u00e4che genauso funktioniert wie beim Zuh\u00f6ren&#8230;<\/p>\n","protected":false},"author":1,"featured_media":35471,"comment_status":"open","ping_status":"open","sticky":false,"template":"","format":"standard","meta":{"footnotes":""},"categories":[3231,3232,2],"tags":[856],"class_list":["post-35470","post","type-post","status-publish","format-standard","has-post-thumbnail","hentry","category-bergers-schlagerparadies","category-fiesta-records","category-schlager","tag-anthony-weihs","wpcat-3231-id","wpcat-3232-id","wpcat-2-id"],"_links":{"self":[{"href":"https:\/\/bergers-schlagerparadies.de\/index.php?rest_route=\/wp\/v2\/posts\/35470","targetHints":{"allow":["GET"]}}],"collection":[{"href":"https:\/\/bergers-schlagerparadies.de\/index.php?rest_route=\/wp\/v2\/posts"}],"about":[{"href":"https:\/\/bergers-schlagerparadies.de\/index.php?rest_route=\/wp\/v2\/types\/post"}],"author":[{"embeddable":true,"href":"https:\/\/bergers-schlagerparadies.de\/index.php?rest_route=\/wp\/v2\/users\/1"}],"replies":[{"embeddable":true,"href":"https:\/\/bergers-schlagerparadies.de\/index.php?rest_route=%2Fwp%2Fv2%2Fcomments&post=35470"}],"version-history":[{"count":2,"href":"https:\/\/bergers-schlagerparadies.de\/index.php?rest_route=\/wp\/v2\/posts\/35470\/revisions"}],"predecessor-version":[{"id":35874,"href":"https:\/\/bergers-schlagerparadies.de\/index.php?rest_route=\/wp\/v2\/posts\/35470\/revisions\/35874"}],"wp:featuredmedia":[{"embeddable":true,"href":"https:\/\/bergers-schlagerparadies.de\/index.php?rest_route=\/wp\/v2\/media\/35471"}],"wp:attachment":[{"href":"https:\/\/bergers-schlagerparadies.de\/index.php?rest_route=%2Fwp%2Fv2%2Fmedia&parent=35470"}],"wp:term":[{"taxonomy":"category","embeddable":true,"href":"https:\/\/bergers-schlagerparadies.de\/index.php?rest_route=%2Fwp%2Fv2%2Fcategories&post=35470"},{"taxonomy":"post_tag","embeddable":true,"href":"https:\/\/bergers-schlagerparadies.de\/index.php?rest_route=%2Fwp%2Fv2%2Ftags&post=35470"}],"curies":[{"name":"wp","href":"https:\/\/api.w.org\/{rel}","templated":true}]}}