{"id":35449,"date":"2025-05-23T14:43:03","date_gmt":"2025-05-23T12:43:03","guid":{"rendered":"https:\/\/bergers-schlagerparadies.de\/?p=35449"},"modified":"2025-05-23T14:43:18","modified_gmt":"2025-05-23T12:43:18","slug":"wolfgang-nadrag-tanz-mit-mir-auf-dem-regenbogen-%c2%b7-bergers-schlagerparadies","status":"publish","type":"post","link":"https:\/\/bergers-schlagerparadies.de\/?p=35449","title":{"rendered":"Wolfgang Nadrag &#8211; Tanz mit mir auf dem Regenbogen \u00b7 Berger\u00b4s Schlagerparadies"},"content":{"rendered":"<p><img loading=\"lazy\" decoding=\"async\" class=\"size-medium wp-image-35450 alignleft\" src=\"https:\/\/bergers-schlagerparadies.de\/wp-content\/uploads\/2025\/05\/Wolfgang-Nadrag-Tanz-mit-mir-auf-dem-Regenbogen-300x300.jpg\" alt=\"\" width=\"300\" height=\"300\" srcset=\"https:\/\/bergers-schlagerparadies.de\/wp-content\/uploads\/2025\/05\/Wolfgang-Nadrag-Tanz-mit-mir-auf-dem-Regenbogen-300x300.jpg 300w, https:\/\/bergers-schlagerparadies.de\/wp-content\/uploads\/2025\/05\/Wolfgang-Nadrag-Tanz-mit-mir-auf-dem-Regenbogen-1024x1024.jpg 1024w, https:\/\/bergers-schlagerparadies.de\/wp-content\/uploads\/2025\/05\/Wolfgang-Nadrag-Tanz-mit-mir-auf-dem-Regenbogen-150x150.jpg 150w, https:\/\/bergers-schlagerparadies.de\/wp-content\/uploads\/2025\/05\/Wolfgang-Nadrag-Tanz-mit-mir-auf-dem-Regenbogen-768x768.jpg 768w, https:\/\/bergers-schlagerparadies.de\/wp-content\/uploads\/2025\/05\/Wolfgang-Nadrag-Tanz-mit-mir-auf-dem-Regenbogen-1188x1188.jpg 1188w, https:\/\/bergers-schlagerparadies.de\/wp-content\/uploads\/2025\/05\/Wolfgang-Nadrag-Tanz-mit-mir-auf-dem-Regenbogen-100x100.jpg 100w, https:\/\/bergers-schlagerparadies.de\/wp-content\/uploads\/2025\/05\/Wolfgang-Nadrag-Tanz-mit-mir-auf-dem-Regenbogen.jpg 1200w\" sizes=\"auto, (max-width: 300px) 100vw, 300px\" \/>Mit seiner neuen Single \u201eTanz mit mir auf dem Regenbogen\u201c bringt Wolfgang Nadrag die Tanzfl\u00e4che zum Leuchten \u2013 emotional, modern und mit einem klaren Bekenntnis zur Liebe in all ihren Facetten. Der eing\u00e4ngige Schlager im mitrei\u00dfenden Discofox-Beat vereint Herz und Rhythmus und l\u00e4dt ein zum Mitsingen, Mittanzen \u2013 und Mitf\u00fchlen.<\/p>\n<p>In \u201eTanz mit mir auf dem Regenbogen\u201c erz\u00e4hlt Wolfgang Nadrag von zwei Menschen, die sich seit Kindheitstagen kennen und nun, nach Jahren des inneren Z\u00f6gerns, erkennen, dass zwischen ihnen mehr ist als nur Freundschaft. Es ist eine ber\u00fchrende Geschichte \u00fcber das Loslassen von Angst, das \u00dcberwinden von Zweifeln und das mutige Bekenntnis zu echten Gef\u00fchlen \u2013 voller Sehnsucht, Ehrlichkeit und Hoffnung.<\/p>\n<p>Der Regenbogen wird dabei zum kraftvollen Symbol: f\u00fcr neue Chancen, f\u00fcr die Vielfalt der Liebe und f\u00fcr den Mut, sie zu leben. Genau das greift auch das Musikvideo zur Single auf \u2013 in dem Wolfgang Nadrag zwei Liebesgeschichten erz\u00e4hlt: die eines lesbischen (Janine Frei und Caro Cremone) und eines schwulen Paars (Percy und Kai). Zwei Geschichten, ein Gef\u00fchl \u2013 Liebe kennt keine Grenzen. Abgerundet wird das Ganze von den preisgekr\u00f6nten Profit\u00e4nzern Birgit Ornig und G\u00fcnter Gruber. Zus\u00e4tzliche Unterst\u00fctzung im Video gab es von Jenny van Bree und Wolfgangs Mama Roswitha Nadrag.<\/p>\n<p>Musikalisch verbindet Nadrag moderne Schlager-Elemente mit einem tanzbaren Beat und einer emotionalen Tiefe, die unter die Haut geht. Der Refrain \u201eTanz mit mir auf dem Regenbogen \/ Lass uns zwei doch im siebten Himmel sein\u201c bleibt im Ohr \u2013 und ber\u00fchrt das Herz.<br \/>\nEntstanden ist der Song in enger Zusammenarbeit mit Jenny van Bree, die sich als Songwriterin unter anderem durch Arbeiten f\u00fcr Fantasy, Rosanna Rocci und viele weitere Namen im Schlager etabliert hat. Gemeinsam mit Wolfgang Nadrag schrieb und komponierte sie \u201eTanz mit mir auf dem Regenbogen\u201c \u2013 eine kraftvolle Kooperation voller musikalischem Feingef\u00fchl und Herzblut.<br \/>\nProduziert und ver\u00f6ffentlicht wurde der Song im hauseigenen Studio von Jenny und Wolfgang unter dem Label Lumina Records, das sich ganz der authentischen und hochwertigen Schlagermusik verschrieben hat.<\/p>\n<p>Die Single erscheint am 23. Mai 2025 auf allen g\u00e4ngigen Streaming-Plattformen und zeigt Wolfgang Nadrag als K\u00fcnstler mit Haltung, Herz und einem sicheren Gesp\u00fcr f\u00fcr zeitgem\u00e4\u00dfen, gef\u00fchlvollen Schlager.<\/p>\n<p><span style=\"color: #800000;\"><strong>Quelle: Lumina Records<\/strong><\/span><\/p>\n<p><span style=\"color: #800000;\"><strong>Dieser Song ist ab dem 23.05.2025 auf allen Download- und Streaming-Portalen erh\u00e4ltlich.\u00a0<\/strong><\/span><\/p>\n<p><span style=\"color: #800000;\"><strong>Airdate (f\u00fcr Radiosender): 23.05.2025<\/strong><\/span><\/p>\n","protected":false},"excerpt":{"rendered":"<p>Mit seiner neuen Single \u201eTanz mit mir auf dem Regenbogen\u201c bringt Wolfgang Nadrag die Tanzfl\u00e4che zum Leuchten \u2013 emotional, modern und mit einem klaren Bekenntnis zur Liebe in all ihren Facetten. Der eing\u00e4ngige Schlager im mitrei\u00dfenden Discofox-Beat vereint Herz und Rhythmus und l\u00e4dt ein zum Mitsingen, Mittanzen \u2013 und Mitf\u00fchlen. In \u201eTanz mit mir auf dem Regenbogen\u201c erz\u00e4hlt Wolfgang Nadrag von zwei Menschen, die sich seit Kindheitstagen kennen und nun, nach Jahren des inneren Z\u00f6gerns, erkennen, dass zwischen ihnen mehr ist als nur Freundschaft. Es ist eine ber\u00fchrende Geschichte \u00fcber das Loslassen von Angst, das \u00dcberwinden von Zweifeln und das mutige Bekenntnis zu echten Gef\u00fchlen&#8230;<\/p>\n","protected":false},"author":1,"featured_media":35450,"comment_status":"open","ping_status":"open","sticky":false,"template":"","format":"standard","meta":{"footnotes":""},"categories":[3231,3616,3298,2,3300],"tags":[3761],"class_list":["post-35449","post","type-post","status-publish","format-standard","has-post-thumbnail","hentry","category-bergers-schlagerparadies","category-lumina-records","category-pop-deutschsprachig","category-schlager","category-volksmusik","tag-wolfgang-nadrag","wpcat-3231-id","wpcat-3616-id","wpcat-3298-id","wpcat-2-id","wpcat-3300-id"],"_links":{"self":[{"href":"https:\/\/bergers-schlagerparadies.de\/index.php?rest_route=\/wp\/v2\/posts\/35449","targetHints":{"allow":["GET"]}}],"collection":[{"href":"https:\/\/bergers-schlagerparadies.de\/index.php?rest_route=\/wp\/v2\/posts"}],"about":[{"href":"https:\/\/bergers-schlagerparadies.de\/index.php?rest_route=\/wp\/v2\/types\/post"}],"author":[{"embeddable":true,"href":"https:\/\/bergers-schlagerparadies.de\/index.php?rest_route=\/wp\/v2\/users\/1"}],"replies":[{"embeddable":true,"href":"https:\/\/bergers-schlagerparadies.de\/index.php?rest_route=%2Fwp%2Fv2%2Fcomments&post=35449"}],"version-history":[{"count":1,"href":"https:\/\/bergers-schlagerparadies.de\/index.php?rest_route=\/wp\/v2\/posts\/35449\/revisions"}],"predecessor-version":[{"id":35451,"href":"https:\/\/bergers-schlagerparadies.de\/index.php?rest_route=\/wp\/v2\/posts\/35449\/revisions\/35451"}],"wp:featuredmedia":[{"embeddable":true,"href":"https:\/\/bergers-schlagerparadies.de\/index.php?rest_route=\/wp\/v2\/media\/35450"}],"wp:attachment":[{"href":"https:\/\/bergers-schlagerparadies.de\/index.php?rest_route=%2Fwp%2Fv2%2Fmedia&parent=35449"}],"wp:term":[{"taxonomy":"category","embeddable":true,"href":"https:\/\/bergers-schlagerparadies.de\/index.php?rest_route=%2Fwp%2Fv2%2Fcategories&post=35449"},{"taxonomy":"post_tag","embeddable":true,"href":"https:\/\/bergers-schlagerparadies.de\/index.php?rest_route=%2Fwp%2Fv2%2Ftags&post=35449"}],"curies":[{"name":"wp","href":"https:\/\/api.w.org\/{rel}","templated":true}]}}