{"id":35295,"date":"2025-05-16T00:39:01","date_gmt":"2025-05-15T22:39:01","guid":{"rendered":"https:\/\/bergers-schlagerparadies.de\/?p=35295"},"modified":"2025-05-16T00:39:01","modified_gmt":"2025-05-15T22:39:01","slug":"andreas-watzinger-die-richtung-stimmt-%c2%b7-bergers-schlagerparadies","status":"publish","type":"post","link":"https:\/\/bergers-schlagerparadies.de\/?p=35295","title":{"rendered":"Andreas Watzinger &#8211; Die Richtung stimmt \u00b7 Berger\u00b4s Schlagerparadies"},"content":{"rendered":"<p><img loading=\"lazy\" decoding=\"async\" class=\"size-medium wp-image-35296 alignleft\" src=\"https:\/\/bergers-schlagerparadies.de\/wp-content\/uploads\/2025\/05\/Andreas-Watzinger-Die-Richtung-stimmt-300x300.jpg\" alt=\"\" width=\"300\" height=\"300\" srcset=\"https:\/\/bergers-schlagerparadies.de\/wp-content\/uploads\/2025\/05\/Andreas-Watzinger-Die-Richtung-stimmt-300x300.jpg 300w, https:\/\/bergers-schlagerparadies.de\/wp-content\/uploads\/2025\/05\/Andreas-Watzinger-Die-Richtung-stimmt-1024x1024.jpg 1024w, https:\/\/bergers-schlagerparadies.de\/wp-content\/uploads\/2025\/05\/Andreas-Watzinger-Die-Richtung-stimmt-150x150.jpg 150w, https:\/\/bergers-schlagerparadies.de\/wp-content\/uploads\/2025\/05\/Andreas-Watzinger-Die-Richtung-stimmt-768x768.jpg 768w, https:\/\/bergers-schlagerparadies.de\/wp-content\/uploads\/2025\/05\/Andreas-Watzinger-Die-Richtung-stimmt-1536x1536.jpg 1536w, https:\/\/bergers-schlagerparadies.de\/wp-content\/uploads\/2025\/05\/Andreas-Watzinger-Die-Richtung-stimmt-2048x2048.jpg 2048w, https:\/\/bergers-schlagerparadies.de\/wp-content\/uploads\/2025\/05\/Andreas-Watzinger-Die-Richtung-stimmt-1200x1200.jpg 1200w, https:\/\/bergers-schlagerparadies.de\/wp-content\/uploads\/2025\/05\/Andreas-Watzinger-Die-Richtung-stimmt-1188x1188.jpg 1188w, https:\/\/bergers-schlagerparadies.de\/wp-content\/uploads\/2025\/05\/Andreas-Watzinger-Die-Richtung-stimmt-100x100.jpg 100w\" sizes=\"auto, (max-width: 300px) 100vw, 300px\" \/>P\u00fcnktlich zum Sommerstart ver\u00f6ffentlicht der aufstrebende Schlager-Newcomer Andreas Watzinger seine neue Single \u201eDie Richtung stimmt\u201c \u2013 ein Song, der genau das verk\u00f6rpert, was seine Karriere aktuell ausmacht: stetiger Aufstieg, klare Ziele und ein Herz, das den eigenen Rhythmus kennt.<br \/>\nSeit seinem mutigen Quereinstieg in die Schlagerbranche geht es f\u00fcr den Ober\u00f6sterreicher konstant bergauf \u2013 getragen von begeisterten Fans, Radio-Rotationen und ersten Chartplatzierungen. \u201eIm Leben geht es nicht immer bergauf\u201c, sagt Andreas, \u201eaber T\u00e4ler sind dazu da, um Kraft f\u00fcr den n\u00e4chsten Aufstieg zu tanken.\u201c<br \/>\nMusikalisch bleibt er seinem kraftvollen Stil treu: Strahlende Gitarren, treibende Beats und moderne Arrangements pr\u00e4gen den Sound, der die Handschrift von Starproduzent Hubert Molander tr\u00e4gt.<br \/>\nMit seiner dritten Single 2025 kn\u00fcpft Andreas nahtlos an die Erfolge seiner Vorg\u00e4nger \u201eHallo\u201c und \u201eLiebe ist\u201c an \u2013 wie ein frischer Wind in der Schlagerwelt, der Freiheit und Optimismus verspr\u00fcht. \u201eDas war so, das ist so und das werden meine Fans auch in Zukunft von mir erwarten k\u00f6nnen\u201c, verspricht der S\u00e4nger l\u00e4chelnd.<\/p>\n<p><span style=\"color: #800000;\"><strong>Quelle: Schlager<\/strong><\/span><\/p>\n<p><span style=\"color: #800000;\"><strong>Dieser Song ist ab dem 16.05.2025 auf allen Download- und Streaming-Portalen erh\u00e4ltlich.\u00a0<\/strong><\/span><\/p>\n<p><span style=\"color: #800000;\"><strong>Airdate (f\u00fcr Radiosender): 16.05.2025<\/strong><\/span><\/p>\n","protected":false},"excerpt":{"rendered":"<p>P\u00fcnktlich zum Sommerstart ver\u00f6ffentlicht der aufstrebende Schlager-Newcomer Andreas Watzinger seine neue Single \u201eDie Richtung stimmt\u201c \u2013 ein Song, der genau das verk\u00f6rpert, was seine Karriere aktuell ausmacht: stetiger Aufstieg, klare Ziele und ein Herz, das den eigenen Rhythmus kennt. Seit seinem mutigen Quereinstieg in die Schlagerbranche geht es f\u00fcr den Ober\u00f6sterreicher konstant bergauf \u2013 getragen von begeisterten Fans, Radio-Rotationen und ersten Chartplatzierungen. \u201eIm Leben geht es nicht immer bergauf\u201c, sagt Andreas, \u201eaber T\u00e4ler sind dazu da, um Kraft f\u00fcr den n\u00e4chsten Aufstieg zu tanken.\u201c Musikalisch bleibt er seinem kraftvollen Stil treu: Strahlende Gitarren, treibende Beats und moderne Arrangements pr\u00e4gen den Sound, der die Handschrift von&#8230;<\/p>\n","protected":false},"author":1,"featured_media":35296,"comment_status":"open","ping_status":"open","sticky":false,"template":"","format":"standard","meta":{"footnotes":""},"categories":[3231,2],"tags":[3207],"class_list":["post-35295","post","type-post","status-publish","format-standard","has-post-thumbnail","hentry","category-bergers-schlagerparadies","category-schlager","tag-andreas-watzinger","wpcat-3231-id","wpcat-2-id"],"_links":{"self":[{"href":"https:\/\/bergers-schlagerparadies.de\/index.php?rest_route=\/wp\/v2\/posts\/35295","targetHints":{"allow":["GET"]}}],"collection":[{"href":"https:\/\/bergers-schlagerparadies.de\/index.php?rest_route=\/wp\/v2\/posts"}],"about":[{"href":"https:\/\/bergers-schlagerparadies.de\/index.php?rest_route=\/wp\/v2\/types\/post"}],"author":[{"embeddable":true,"href":"https:\/\/bergers-schlagerparadies.de\/index.php?rest_route=\/wp\/v2\/users\/1"}],"replies":[{"embeddable":true,"href":"https:\/\/bergers-schlagerparadies.de\/index.php?rest_route=%2Fwp%2Fv2%2Fcomments&post=35295"}],"version-history":[{"count":1,"href":"https:\/\/bergers-schlagerparadies.de\/index.php?rest_route=\/wp\/v2\/posts\/35295\/revisions"}],"predecessor-version":[{"id":35297,"href":"https:\/\/bergers-schlagerparadies.de\/index.php?rest_route=\/wp\/v2\/posts\/35295\/revisions\/35297"}],"wp:featuredmedia":[{"embeddable":true,"href":"https:\/\/bergers-schlagerparadies.de\/index.php?rest_route=\/wp\/v2\/media\/35296"}],"wp:attachment":[{"href":"https:\/\/bergers-schlagerparadies.de\/index.php?rest_route=%2Fwp%2Fv2%2Fmedia&parent=35295"}],"wp:term":[{"taxonomy":"category","embeddable":true,"href":"https:\/\/bergers-schlagerparadies.de\/index.php?rest_route=%2Fwp%2Fv2%2Fcategories&post=35295"},{"taxonomy":"post_tag","embeddable":true,"href":"https:\/\/bergers-schlagerparadies.de\/index.php?rest_route=%2Fwp%2Fv2%2Ftags&post=35295"}],"curies":[{"name":"wp","href":"https:\/\/api.w.org\/{rel}","templated":true}]}}