{"id":35253,"date":"2025-05-15T21:45:15","date_gmt":"2025-05-15T19:45:15","guid":{"rendered":"https:\/\/bergers-schlagerparadies.de\/?p=35253"},"modified":"2025-05-15T21:45:15","modified_gmt":"2025-05-15T19:45:15","slug":"kai-sommer-der-mond-vom-himmel-faellt-%c2%b7-bergers-schlagerparadies","status":"publish","type":"post","link":"https:\/\/bergers-schlagerparadies.de\/?p=35253","title":{"rendered":"Kai Sommer &#8211; Der Mond ( vom Himmel f\u00e4llt ) \u00b7 Berger\u00b4s Schlagerparadies"},"content":{"rendered":"<p><img loading=\"lazy\" decoding=\"async\" class=\"size-medium wp-image-35254 alignleft\" src=\"https:\/\/bergers-schlagerparadies.de\/wp-content\/uploads\/2025\/05\/Kai-Sommer-Der-Mond-vom-Himmel-faellt--300x300.jpg\" alt=\"\" width=\"300\" height=\"300\" srcset=\"https:\/\/bergers-schlagerparadies.de\/wp-content\/uploads\/2025\/05\/Kai-Sommer-Der-Mond-vom-Himmel-faellt--300x300.jpg 300w, https:\/\/bergers-schlagerparadies.de\/wp-content\/uploads\/2025\/05\/Kai-Sommer-Der-Mond-vom-Himmel-faellt--1024x1024.jpg 1024w, https:\/\/bergers-schlagerparadies.de\/wp-content\/uploads\/2025\/05\/Kai-Sommer-Der-Mond-vom-Himmel-faellt--150x150.jpg 150w, https:\/\/bergers-schlagerparadies.de\/wp-content\/uploads\/2025\/05\/Kai-Sommer-Der-Mond-vom-Himmel-faellt--768x768.jpg 768w, https:\/\/bergers-schlagerparadies.de\/wp-content\/uploads\/2025\/05\/Kai-Sommer-Der-Mond-vom-Himmel-faellt--1536x1536.jpg 1536w, https:\/\/bergers-schlagerparadies.de\/wp-content\/uploads\/2025\/05\/Kai-Sommer-Der-Mond-vom-Himmel-faellt--2048x2048.jpg 2048w, https:\/\/bergers-schlagerparadies.de\/wp-content\/uploads\/2025\/05\/Kai-Sommer-Der-Mond-vom-Himmel-faellt--1200x1200.jpg 1200w, https:\/\/bergers-schlagerparadies.de\/wp-content\/uploads\/2025\/05\/Kai-Sommer-Der-Mond-vom-Himmel-faellt--1188x1188.jpg 1188w, https:\/\/bergers-schlagerparadies.de\/wp-content\/uploads\/2025\/05\/Kai-Sommer-Der-Mond-vom-Himmel-faellt--100x100.jpg 100w\" sizes=\"auto, (max-width: 300px) 100vw, 300px\" \/>Ein Comeback mit Strahlkraft<\/p>\n<p>Lange war es ruhig um ihn, doch jetzt meldet sich Kai Sommer mit neuer Musik eindrucksvoll zur\u00fcck. Der beliebte Schlagers\u00e4nger aus Oberhausen ist alles andere als ein unbeschriebenes Blatt: Bereits in den 1980er-Jahren machte er mit seinem Talent im TV und Radio auf sich aufmerksam. 1986 gewann er \u2013 gef\u00f6rdert von seinem musikalischen Mentor Les Montes \u2013 eine gro\u00dfe Talentshow des BVD und legte damit den Grundstein f\u00fcr eine erfolgreiche Karriere. Seine Deb\u00fctsingle \u201eFlaschenpost aus Santa Klara\u201c brachte ihm erste Radioeins\u00e4tze und TV-Pr\u00e4senz.<\/p>\n<p>Nach einer l\u00e4ngeren k\u00fcnstlerischen Pause kehrte er 2006 ins Rampenlicht zur\u00fcck \u2013 mit dem Produzenten Uwe Gall. Sein Cover von \u201eIch schw\u00f6re Dir\u201c im Jahr 2008 wurde ein pers\u00f6nlicher Meilenstein. Es folgten weitere Ver\u00f6ffentlichungen und Live-Auftritte \u2013 unter anderem beim renommierten K\u00fcnstler- &amp; Medienstammtisch in R\u00fcsselsheim, wo er f\u00fcr den Fachmedienpreis 2010 nominiert und schlie\u00dflich ausgezeichnet wurde.<br \/>\n2025 \u2013 das Jahr von Kai Sommer<\/p>\n<p>\u201e2025 wird mein Jahr\u201c, verk\u00fcndete Kai Sommer k\u00fcrzlich voller Entschlossenheit. Gemeinsam mit seinem langj\u00e4hrigen Weg Begleiter Thomas Strack von H\u00f6mmma Records wurde der Grundstein f\u00fcr ein neues Kapitel gelegt. Mit Marco Kloss wurde einer der versiertesten Produzenten des modernen Schlagers ins Boot geholt \u2013 und schon bei den ersten Gespr\u00e4chen war klar: Hier entsteht etwas Besonderes.<\/p>\n<p>\u201eDer Mond\u201c \u2013 ein Titel wie f\u00fcr ihn gemacht<\/p>\n<p>Anfang des Jahres begannen die Studio Arbeiten \u2013 speziell f\u00fcr Kai Sommer wurde ein Song geschrieben, der seine charismatische Stimme perfekt zur Geltung bringt: \u201eDer Mond\u201c. Ein moderner, tanzbarer Schlager mit Tiefgang, klarer Hook und einem Sound, der sofort ins Ohr geht. Ein Titel, der das Potenzial hat, sich auf den Tanzfl\u00e4chen festzusetzen und gleichzeitig Kai Sommers k\u00fcnstlerische St\u00e4rke in neuem Glanz erstrahlen l\u00e4sst.<br \/>\nMit \u201eDer Mond\u201c beweist das Team von H\u00f6mmma Records erneut Fingerspitzengef\u00fchl bei der K\u00fcnstlerauswahl und Songproduktion. Kai Sommer ist zur\u00fcck \u2013 st\u00e4rker denn je.<\/p>\n<p><span style=\"color: #800000;\"><strong>Quelle: H\u00d6MMMA &#8211; Records \u00b7 2Base Records<\/strong><\/span><\/p>\n<p><span style=\"color: #800000;\"><strong>Dieser Song ist ab dem 16.05.2025 auf allen Download- und Streaming-Portalen erh\u00e4ltlich.\u00a0<\/strong><\/span><\/p>\n<p><span style=\"color: #800000;\"><strong>Airdate (f\u00fcr Radiosender): 16.05.2025<\/strong><\/span><\/p>\n<p>&nbsp;<\/p>\n","protected":false},"excerpt":{"rendered":"<p>Ein Comeback mit Strahlkraft Lange war es ruhig um ihn, doch jetzt meldet sich Kai Sommer mit neuer Musik eindrucksvoll zur\u00fcck. Der beliebte Schlagers\u00e4nger aus Oberhausen ist alles andere als ein unbeschriebenes Blatt: Bereits in den 1980er-Jahren machte er mit seinem Talent im TV und Radio auf sich aufmerksam. 1986 gewann er \u2013 gef\u00f6rdert von seinem musikalischen Mentor Les Montes \u2013 eine gro\u00dfe Talentshow des BVD und legte damit den Grundstein f\u00fcr eine erfolgreiche Karriere. Seine Deb\u00fctsingle \u201eFlaschenpost aus Santa Klara\u201c brachte ihm erste Radioeins\u00e4tze und TV-Pr\u00e4senz. Nach einer l\u00e4ngeren k\u00fcnstlerischen Pause kehrte er 2006 ins Rampenlicht zur\u00fcck \u2013 mit dem Produzenten Uwe Gall. Sein&#8230;<\/p>\n","protected":false},"author":1,"featured_media":35254,"comment_status":"open","ping_status":"open","sticky":false,"template":"","format":"standard","meta":{"footnotes":""},"categories":[3252,3231,3276,2],"tags":[1995],"class_list":["post-35253","post","type-post","status-publish","format-standard","has-post-thumbnail","hentry","category-2base-records","category-bergers-schlagerparadies","category-hoemmma-records","category-schlager","tag-kai-sommer","wpcat-3252-id","wpcat-3231-id","wpcat-3276-id","wpcat-2-id"],"_links":{"self":[{"href":"https:\/\/bergers-schlagerparadies.de\/index.php?rest_route=\/wp\/v2\/posts\/35253","targetHints":{"allow":["GET"]}}],"collection":[{"href":"https:\/\/bergers-schlagerparadies.de\/index.php?rest_route=\/wp\/v2\/posts"}],"about":[{"href":"https:\/\/bergers-schlagerparadies.de\/index.php?rest_route=\/wp\/v2\/types\/post"}],"author":[{"embeddable":true,"href":"https:\/\/bergers-schlagerparadies.de\/index.php?rest_route=\/wp\/v2\/users\/1"}],"replies":[{"embeddable":true,"href":"https:\/\/bergers-schlagerparadies.de\/index.php?rest_route=%2Fwp%2Fv2%2Fcomments&post=35253"}],"version-history":[{"count":1,"href":"https:\/\/bergers-schlagerparadies.de\/index.php?rest_route=\/wp\/v2\/posts\/35253\/revisions"}],"predecessor-version":[{"id":35255,"href":"https:\/\/bergers-schlagerparadies.de\/index.php?rest_route=\/wp\/v2\/posts\/35253\/revisions\/35255"}],"wp:featuredmedia":[{"embeddable":true,"href":"https:\/\/bergers-schlagerparadies.de\/index.php?rest_route=\/wp\/v2\/media\/35254"}],"wp:attachment":[{"href":"https:\/\/bergers-schlagerparadies.de\/index.php?rest_route=%2Fwp%2Fv2%2Fmedia&parent=35253"}],"wp:term":[{"taxonomy":"category","embeddable":true,"href":"https:\/\/bergers-schlagerparadies.de\/index.php?rest_route=%2Fwp%2Fv2%2Fcategories&post=35253"},{"taxonomy":"post_tag","embeddable":true,"href":"https:\/\/bergers-schlagerparadies.de\/index.php?rest_route=%2Fwp%2Fv2%2Ftags&post=35253"}],"curies":[{"name":"wp","href":"https:\/\/api.w.org\/{rel}","templated":true}]}}