{"id":35249,"date":"2025-05-15T10:30:45","date_gmt":"2025-05-15T08:30:45","guid":{"rendered":"https:\/\/bergers-schlagerparadies.de\/?p=35249"},"modified":"2025-05-15T22:59:49","modified_gmt":"2025-05-15T20:59:49","slug":"zweiklang-wie-der-wind-wehst-du-mir-ins-gesicht-%c2%b7-bergers-schlagerparadies","status":"publish","type":"post","link":"https:\/\/bergers-schlagerparadies.de\/?p=35249","title":{"rendered":"Zweiklang &#8211; Wie der Wind wehst Du mir ins Gesicht \u00b7 Berger\u00b4s Schlagerparadies"},"content":{"rendered":"<p><img loading=\"lazy\" decoding=\"async\" class=\"size-medium wp-image-35250 alignleft\" src=\"https:\/\/bergers-schlagerparadies.de\/wp-content\/uploads\/2025\/05\/Zweiklang-Wie-der-Wind-wehst-Du-mir-ins-Gesicht-300x300.jpg\" alt=\"\" width=\"300\" height=\"300\" srcset=\"https:\/\/bergers-schlagerparadies.de\/wp-content\/uploads\/2025\/05\/Zweiklang-Wie-der-Wind-wehst-Du-mir-ins-Gesicht-300x300.jpg 300w, https:\/\/bergers-schlagerparadies.de\/wp-content\/uploads\/2025\/05\/Zweiklang-Wie-der-Wind-wehst-Du-mir-ins-Gesicht-1024x1024.jpg 1024w, https:\/\/bergers-schlagerparadies.de\/wp-content\/uploads\/2025\/05\/Zweiklang-Wie-der-Wind-wehst-Du-mir-ins-Gesicht-150x150.jpg 150w, https:\/\/bergers-schlagerparadies.de\/wp-content\/uploads\/2025\/05\/Zweiklang-Wie-der-Wind-wehst-Du-mir-ins-Gesicht-768x768.jpg 768w, https:\/\/bergers-schlagerparadies.de\/wp-content\/uploads\/2025\/05\/Zweiklang-Wie-der-Wind-wehst-Du-mir-ins-Gesicht-1536x1536.jpg 1536w, https:\/\/bergers-schlagerparadies.de\/wp-content\/uploads\/2025\/05\/Zweiklang-Wie-der-Wind-wehst-Du-mir-ins-Gesicht-2048x2048.jpg 2048w, https:\/\/bergers-schlagerparadies.de\/wp-content\/uploads\/2025\/05\/Zweiklang-Wie-der-Wind-wehst-Du-mir-ins-Gesicht-1200x1200.jpg 1200w, https:\/\/bergers-schlagerparadies.de\/wp-content\/uploads\/2025\/05\/Zweiklang-Wie-der-Wind-wehst-Du-mir-ins-Gesicht-1188x1188.jpg 1188w, https:\/\/bergers-schlagerparadies.de\/wp-content\/uploads\/2025\/05\/Zweiklang-Wie-der-Wind-wehst-Du-mir-ins-Gesicht-100x100.jpg 100w\" sizes=\"auto, (max-width: 300px) 100vw, 300px\" \/>Zweiklang ver\u00f6ffentlicht emotionale Coverversion des Brunner &amp; Brunner-Hits \u201eWie der Wind wehst Du mir ins Gesicht\u201c<br class=\"html-br\" \/>Mit ihrer neuen Single \u201eWie der Wind wehst Du mir ins Gesicht\u201c haucht das Duo Zweiklang einem Klassiker des deutschen Schlagers frischen Wind ein. Der urspr\u00fcnglich 1996 von Brunner &amp; Brunner ver\u00f6ffentlichte Titel wurde von Oliver Wittkowski neu produziert und bekommt durch Zweiklang eine ganz eigene Note \u2013 modern, gef\u00fchlvoll und authentisch.<br class=\"html-br\" \/><br class=\"html-br\" \/>Zweiklang \u2013 das sind zwei K\u00fcnstler, die sich auf Instagram kennengelernt und schnell entdeckt haben, dass sie mehr verbindet als nur ein \u00e4hnliches Aussehen. Getragen von ihrer gemeinsamen Leidenschaft f\u00fcr den deutschen Schlager und das Singen, war der Entschluss zu einem gemeinsamen musikalischen Projekt schnell gefasst. Mit viel Herzblut, Harmonie und stimmlicher N\u00e4he interpretiert Zweiklang den Hit neu \u2013 und bleibt dabei doch respektvoll am Original. Der gef\u00fchlvolle Schlager erz\u00e4hlt von N\u00e4he, Sehnsucht und dem Schmerz des Loslassens \u2013 Themen, die heute so aktuell sind wie damals.<br class=\"html-br\" \/><br class=\"html-br\" \/>Die Single erscheint am 23. Mai 2025 \u00fcber das Label 2Base Records und ist auf allen g\u00e4ngigen Download- und Streaming-Plattformen verf\u00fcgbar.<br class=\"html-br\" \/>\u201eWie der Wind wehst Du mir ins Gesicht\u201c ist der Vorbote eines Projekts, das Fans des modernen Schlagers begeistern wird \u2013 ehrlich, emotional und mit einem Hauch Nostalgie.<br class=\"html-br\" \/><br class=\"html-br\" \/>Zweiklang: Ralf Cerne &amp; Michael Kr\u00e4mer<br class=\"html-br\" \/>Produktion: Oliver Wittkowski<br class=\"html-br\" \/>Komponist: ALFONS, WEINDORF<br class=\"html-br\" \/>Textdichter: JOHANN BRUNNER, KARL BRUNNER<br class=\"html-br\" \/>Label: 2Base Records LC 98983<br class=\"html-br\" \/>Verlag: VINE MUSIC EDITION, VINISSIMO OHG, KAJO MUSIKVERLAG BRUNNER OG<\/p>\n<p><span style=\"color: #800000;\"><strong>Quelle: 2Base Records<\/strong><\/span><\/p>\n<p><span style=\"color: #800000;\"><strong>Dieser Song ist ab dem 23.05.2025 auf allen Download- und Streaming-Portalen erh\u00e4ltlich.\u00a0<\/strong><\/span><\/p>\n<p><span style=\"color: #800000;\"><strong>Airdate (f\u00fcr Radiosender): 16.05.2025<\/strong><\/span><\/p>\n","protected":false},"excerpt":{"rendered":"<p>Zweiklang ver\u00f6ffentlicht emotionale Coverversion des Brunner &amp; Brunner-Hits \u201eWie der Wind wehst Du mir ins Gesicht\u201cMit ihrer neuen Single \u201eWie der Wind wehst Du mir ins Gesicht\u201c haucht das Duo Zweiklang einem Klassiker des deutschen Schlagers frischen Wind ein. Der urspr\u00fcnglich 1996 von Brunner &amp; Brunner ver\u00f6ffentlichte Titel wurde von Oliver Wittkowski neu produziert und bekommt durch Zweiklang eine ganz eigene Note \u2013 modern, gef\u00fchlvoll und authentisch.Zweiklang \u2013 das sind zwei K\u00fcnstler, die sich auf Instagram kennengelernt und schnell entdeckt haben, dass sie mehr verbindet als nur ein \u00e4hnliches Aussehen. Getragen von ihrer gemeinsamen Leidenschaft f\u00fcr den deutschen Schlager und das Singen, war der Entschluss&#8230;<\/p>\n","protected":false},"author":1,"featured_media":35250,"comment_status":"open","ping_status":"open","sticky":false,"template":"","format":"standard","meta":{"footnotes":""},"categories":[3252,3231,3255],"tags":[639],"class_list":["post-35249","post","type-post","status-publish","format-standard","has-post-thumbnail","hentry","category-2base-records","category-bergers-schlagerparadies","category-deutsch","tag-zweiklang","wpcat-3252-id","wpcat-3231-id","wpcat-3255-id"],"_links":{"self":[{"href":"https:\/\/bergers-schlagerparadies.de\/index.php?rest_route=\/wp\/v2\/posts\/35249","targetHints":{"allow":["GET"]}}],"collection":[{"href":"https:\/\/bergers-schlagerparadies.de\/index.php?rest_route=\/wp\/v2\/posts"}],"about":[{"href":"https:\/\/bergers-schlagerparadies.de\/index.php?rest_route=\/wp\/v2\/types\/post"}],"author":[{"embeddable":true,"href":"https:\/\/bergers-schlagerparadies.de\/index.php?rest_route=\/wp\/v2\/users\/1"}],"replies":[{"embeddable":true,"href":"https:\/\/bergers-schlagerparadies.de\/index.php?rest_route=%2Fwp%2Fv2%2Fcomments&post=35249"}],"version-history":[{"count":1,"href":"https:\/\/bergers-schlagerparadies.de\/index.php?rest_route=\/wp\/v2\/posts\/35249\/revisions"}],"predecessor-version":[{"id":35251,"href":"https:\/\/bergers-schlagerparadies.de\/index.php?rest_route=\/wp\/v2\/posts\/35249\/revisions\/35251"}],"wp:featuredmedia":[{"embeddable":true,"href":"https:\/\/bergers-schlagerparadies.de\/index.php?rest_route=\/wp\/v2\/media\/35250"}],"wp:attachment":[{"href":"https:\/\/bergers-schlagerparadies.de\/index.php?rest_route=%2Fwp%2Fv2%2Fmedia&parent=35249"}],"wp:term":[{"taxonomy":"category","embeddable":true,"href":"https:\/\/bergers-schlagerparadies.de\/index.php?rest_route=%2Fwp%2Fv2%2Fcategories&post=35249"},{"taxonomy":"post_tag","embeddable":true,"href":"https:\/\/bergers-schlagerparadies.de\/index.php?rest_route=%2Fwp%2Fv2%2Ftags&post=35249"}],"curies":[{"name":"wp","href":"https:\/\/api.w.org\/{rel}","templated":true}]}}