{"id":35228,"date":"2025-05-14T22:32:55","date_gmt":"2025-05-14T20:32:55","guid":{"rendered":"https:\/\/bergers-schlagerparadies.de\/?p=35228"},"modified":"2025-05-14T22:33:12","modified_gmt":"2025-05-14T20:33:12","slug":"der-schlagergotti-ich-komm-zurueck-nach-mendocino_foxmix_dj_digranati-%c2%b7-bergers-schlagerparadies","status":"publish","type":"post","link":"https:\/\/bergers-schlagerparadies.de\/?p=35228","title":{"rendered":"der SchlagerGotti &#8211; Ich komm zur\u00fcck nach Mendocino_Foxmix_DJ_diGranati \u00b7 Berger\u00b4s Schlagerparadies"},"content":{"rendered":"<p><img loading=\"lazy\" decoding=\"async\" class=\"size-medium wp-image-35229 alignleft\" src=\"https:\/\/bergers-schlagerparadies.de\/wp-content\/uploads\/2025\/05\/der-SchlagerGotti-Ich-komm-zurueck-nach-Mendocino_Foxmix_DJ_diGranati-300x300.jpg\" alt=\"\" width=\"300\" height=\"300\" srcset=\"https:\/\/bergers-schlagerparadies.de\/wp-content\/uploads\/2025\/05\/der-SchlagerGotti-Ich-komm-zurueck-nach-Mendocino_Foxmix_DJ_diGranati-300x300.jpg 300w, https:\/\/bergers-schlagerparadies.de\/wp-content\/uploads\/2025\/05\/der-SchlagerGotti-Ich-komm-zurueck-nach-Mendocino_Foxmix_DJ_diGranati-1024x1024.jpg 1024w, https:\/\/bergers-schlagerparadies.de\/wp-content\/uploads\/2025\/05\/der-SchlagerGotti-Ich-komm-zurueck-nach-Mendocino_Foxmix_DJ_diGranati-150x150.jpg 150w, https:\/\/bergers-schlagerparadies.de\/wp-content\/uploads\/2025\/05\/der-SchlagerGotti-Ich-komm-zurueck-nach-Mendocino_Foxmix_DJ_diGranati-768x768.jpg 768w, https:\/\/bergers-schlagerparadies.de\/wp-content\/uploads\/2025\/05\/der-SchlagerGotti-Ich-komm-zurueck-nach-Mendocino_Foxmix_DJ_diGranati-1536x1536.jpg 1536w, https:\/\/bergers-schlagerparadies.de\/wp-content\/uploads\/2025\/05\/der-SchlagerGotti-Ich-komm-zurueck-nach-Mendocino_Foxmix_DJ_diGranati-2048x2048.jpg 2048w, https:\/\/bergers-schlagerparadies.de\/wp-content\/uploads\/2025\/05\/der-SchlagerGotti-Ich-komm-zurueck-nach-Mendocino_Foxmix_DJ_diGranati-1200x1200.jpg 1200w, https:\/\/bergers-schlagerparadies.de\/wp-content\/uploads\/2025\/05\/der-SchlagerGotti-Ich-komm-zurueck-nach-Mendocino_Foxmix_DJ_diGranati-1188x1188.jpg 1188w, https:\/\/bergers-schlagerparadies.de\/wp-content\/uploads\/2025\/05\/der-SchlagerGotti-Ich-komm-zurueck-nach-Mendocino_Foxmix_DJ_diGranati-100x100.jpg 100w\" sizes=\"auto, (max-width: 300px) 100vw, 300px\" \/>55 Jahre sp\u00e4ter ist er wieder da, wo er einst seine gro\u00dfe Liebe fand.<br \/>\nder SchlagerGotti (\u201eDann leg ich Schlager auf\u201c) f\u00fchrt uns zur\u00fcck, zur\u00fcck nach Mendocino, um sein Girl wieder zu finden .<br \/>\nJetzt im tanzbaren DJ di Granati Remix mit dem klassischen Beat des Discofox.<\/p>\n<p><span style=\"color: #800000;\"><strong>Quelle: KLONDIKE Records &amp; Songs<\/strong><\/span><\/p>\n<p><span style=\"color: #800000;\"><strong>Dieser Song ist ab dem 16.05.2025 auf allen Download- und Streaming-Portalen erh\u00e4ltlich.\u00a0<\/strong><\/span><\/p>\n<p><span style=\"color: #800000;\"><strong>Airdate (f\u00fcr Radiosender): 16.05.2025<\/strong><\/span><\/p>\n","protected":false},"excerpt":{"rendered":"<p>55 Jahre sp\u00e4ter ist er wieder da, wo er einst seine gro\u00dfe Liebe fand. der SchlagerGotti (\u201eDann leg ich Schlager auf\u201c) f\u00fchrt uns zur\u00fcck, zur\u00fcck nach Mendocino, um sein Girl wieder zu finden . Jetzt im tanzbaren DJ di Granati Remix mit dem klassischen Beat des Discofox. Quelle: KLONDIKE Records &amp; Songs Dieser Song ist ab dem 16.05.2025 auf allen Download- und Streaming-Portalen erh\u00e4ltlich.\u00a0 Airdate (f\u00fcr Radiosender): 16.05.2025<\/p>\n","protected":false},"author":1,"featured_media":35229,"comment_status":"open","ping_status":"open","sticky":false,"template":"","format":"standard","meta":{"footnotes":""},"categories":[3231,3437,2,3265],"tags":[1963],"class_list":["post-35228","post","type-post","status-publish","format-standard","has-post-thumbnail","hentry","category-bergers-schlagerparadies","category-klondike-records-songs","category-schlager","category-schlager-party","tag-der-schlagergotti","wpcat-3231-id","wpcat-3437-id","wpcat-2-id","wpcat-3265-id"],"_links":{"self":[{"href":"https:\/\/bergers-schlagerparadies.de\/index.php?rest_route=\/wp\/v2\/posts\/35228","targetHints":{"allow":["GET"]}}],"collection":[{"href":"https:\/\/bergers-schlagerparadies.de\/index.php?rest_route=\/wp\/v2\/posts"}],"about":[{"href":"https:\/\/bergers-schlagerparadies.de\/index.php?rest_route=\/wp\/v2\/types\/post"}],"author":[{"embeddable":true,"href":"https:\/\/bergers-schlagerparadies.de\/index.php?rest_route=\/wp\/v2\/users\/1"}],"replies":[{"embeddable":true,"href":"https:\/\/bergers-schlagerparadies.de\/index.php?rest_route=%2Fwp%2Fv2%2Fcomments&post=35228"}],"version-history":[{"count":1,"href":"https:\/\/bergers-schlagerparadies.de\/index.php?rest_route=\/wp\/v2\/posts\/35228\/revisions"}],"predecessor-version":[{"id":35230,"href":"https:\/\/bergers-schlagerparadies.de\/index.php?rest_route=\/wp\/v2\/posts\/35228\/revisions\/35230"}],"wp:featuredmedia":[{"embeddable":true,"href":"https:\/\/bergers-schlagerparadies.de\/index.php?rest_route=\/wp\/v2\/media\/35229"}],"wp:attachment":[{"href":"https:\/\/bergers-schlagerparadies.de\/index.php?rest_route=%2Fwp%2Fv2%2Fmedia&parent=35228"}],"wp:term":[{"taxonomy":"category","embeddable":true,"href":"https:\/\/bergers-schlagerparadies.de\/index.php?rest_route=%2Fwp%2Fv2%2Fcategories&post=35228"},{"taxonomy":"post_tag","embeddable":true,"href":"https:\/\/bergers-schlagerparadies.de\/index.php?rest_route=%2Fwp%2Fv2%2Ftags&post=35228"}],"curies":[{"name":"wp","href":"https:\/\/api.w.org\/{rel}","templated":true}]}}