{"id":35211,"date":"2025-05-14T21:58:33","date_gmt":"2025-05-14T19:58:33","guid":{"rendered":"https:\/\/bergers-schlagerparadies.de\/?p=35211"},"modified":"2025-05-14T21:58:33","modified_gmt":"2025-05-14T19:58:33","slug":"jenny-van-bree-nein-du-bleibst-nicht-ueber-nacht-%c2%b7-bergers-schlagerparadies","status":"publish","type":"post","link":"https:\/\/bergers-schlagerparadies.de\/?p=35211","title":{"rendered":"Jenny van Bree &#8211; Nein du bleibst nicht \u00fcber Nacht \u00b7 Berger\u00b4s Schlagerparadies"},"content":{"rendered":"<p><img loading=\"lazy\" decoding=\"async\" class=\"size-medium wp-image-35212 alignleft\" src=\"https:\/\/bergers-schlagerparadies.de\/wp-content\/uploads\/2025\/05\/Jenny-van-Bree-Nein-du-bleibst-nicht-ueber-Nacht-300x300.jpg\" alt=\"\" width=\"300\" height=\"300\" srcset=\"https:\/\/bergers-schlagerparadies.de\/wp-content\/uploads\/2025\/05\/Jenny-van-Bree-Nein-du-bleibst-nicht-ueber-Nacht-300x300.jpg 300w, https:\/\/bergers-schlagerparadies.de\/wp-content\/uploads\/2025\/05\/Jenny-van-Bree-Nein-du-bleibst-nicht-ueber-Nacht-1024x1024.jpg 1024w, https:\/\/bergers-schlagerparadies.de\/wp-content\/uploads\/2025\/05\/Jenny-van-Bree-Nein-du-bleibst-nicht-ueber-Nacht-150x150.jpg 150w, https:\/\/bergers-schlagerparadies.de\/wp-content\/uploads\/2025\/05\/Jenny-van-Bree-Nein-du-bleibst-nicht-ueber-Nacht-768x768.jpg 768w, https:\/\/bergers-schlagerparadies.de\/wp-content\/uploads\/2025\/05\/Jenny-van-Bree-Nein-du-bleibst-nicht-ueber-Nacht-1188x1188.jpg 1188w, https:\/\/bergers-schlagerparadies.de\/wp-content\/uploads\/2025\/05\/Jenny-van-Bree-Nein-du-bleibst-nicht-ueber-Nacht-100x100.jpg 100w, https:\/\/bergers-schlagerparadies.de\/wp-content\/uploads\/2025\/05\/Jenny-van-Bree-Nein-du-bleibst-nicht-ueber-Nacht.jpg 1200w\" sizes=\"auto, (max-width: 300px) 100vw, 300px\" \/>Wenn Jenny van Bree ihre Lieder singt verstr\u00f6mt eine besondere Magie. Stars wie Alfinito, Fantasy oder die Schlagerpiloten machen es vor. Die allseits beliebten sch\u00f6nen Schlagermelodien werden auch bei Jenny mit tanzbaren Beats pr\u00e4sentiert. Und das mit Erfolg!<\/p>\n<p>Die Songwriterin hatte mit ihrer vorherigen Single \u201eWo schl\u00e4ft dein Herz\u201c gro\u00dfartige Resonanz. In den \u00f6sterreichischen Airplay Radio Charts erreichte sie Platz 31 und hielt sich viele Wochen im Bereich Konservativ Pop. Auch in Deutschland etablierte sich die sanftm\u00fctige S\u00e4ngerin und es folgten viele Interviews sowie TV Termine. Die zahlreichen Auftritte in ihrem diesj\u00e4hrigen Kalender reichen von Deutschland \u00fcber \u00d6sterreich, Mallorca und Italien. Was z\u00e4hlt ist, dass der Funke in die Herzen der H\u00f6rer \u00fcberspringt und das wei\u00df Jenny van Bree durchaus zu erzeugen. Fans nennen sie liebevoll \u201eK\u00f6nigin des Romantik-Schlagers\u201c.<\/p>\n<p>\u201eNein du bleibst nicht \u00fcber Nacht\u201c ist ein frecher Schlager<\/p>\n<p>Der neue Song \u201eNein du bleibst nicht \u00fcber Nacht\u201c reizt mit der Ambivalenz einer starken Frau, die wei\u00df, was sie will. Doch die Versuchung sich wieder f\u00fcr den Ex zu entscheiden brennt wie Feuer in der Luft. Die Produktion des Songs wurde von Wolfgang Nadrag in ihrer gemeinsamen Plattenfirma Lumina Records gezaubert. Gemeinsam mit Matthias Teriet (Kelly, Amigos, Alfinito) gestalteten Jenny und Wolfgang (Fantasy, Rocci, Musik Apostel) diesen aufregenden Titel.<\/p>\n<p>Die Norddeutsche liebt das Wandern in Deutschland und \u00d6sterreich<\/p>\n<p>Die geb\u00fcrtige Norddeutsche liebt die Ostsee und lebt in der N\u00e4he von Schwerin. Das Ankerherz ist ihr Markenzeichen, auch bekannt unter dem Namen \u201eGlaube, Liebe, Hoffnung\u201c. Doch auch ihr weiterer Wohnsitz in der \u00f6sterreichischen Steiermark mit den wundersch\u00f6nen Bergen und Wanderwegen liegt ihr sehr am Herzen. Sie nennt sogar einen Teil des Embergs ihr Eigen. Neben der Musik zieht es die S\u00e4ngerin in die Natur, wo sie sowohl die Steilklippen der Ostsee als auch die Almen \u00d6sterreichs erkundet und dort ihre Seele baumeln l\u00e4sst.<\/p>\n<p>Ein leuchtendes Musikvideo im Ankerpunkt<\/p>\n<p>\u00dcber ihre Firma Lumina Music &amp; Video Production wurde in der beeindruckenden Location \u201eAnkerpunkt\u201c in Tillmitsch (S\u00fcdsteiermark) das Musikvideo gedreht. Hier tritt Jenny am 08.08. bei der legend\u00e4ren \u201eFete Blanche\u201c auf. Die Profit\u00e4nzer im Discofox Birgit Ornigg und G\u00fcnter Gruber untermalen das Video mit einem kunstvollen Tanz, der das F\u00fcr und Wider des Songs gekonnt in Szene setzt. Ein weiteres Highlight ist die speziell f\u00fcr die Single ausgew\u00e4hlte Herz-Kette, gesponsert von Verena Klinkan von Kettenpflicht aus Bruck an der Mur.<\/p>\n<p>Star-Songwriterin<\/p>\n<p>Jenny van Bree schrieb bereits beeindruckende Hits. So zeichnet sie sich zum Beispiel f\u00fcr Songs wie \u201eIo canto per te\u201c von Rosanna &amp; Luca Rocci oder \u201eDas bleibt unter uns Ch\u00e9rie\u201c von Fantasy (Airplay Charts Platz 4 und Silbereisen ausgezeichnet) verantwortlich. F\u00fcr das Fantasy Album erhielt sie k\u00fcrzlich einen GFK Nummer-1 Award f\u00fcr Deutschland und auch f\u00fcr \u00d6sterreich.<\/p>\n<p>Jenny van Bree &#8211; Wie ein norddeutscher Leuchtturm, der die Herzen ber\u00fchrt!<\/p>\n<p><span style=\"color: #800000;\"><strong>Quelle: Lumina Records<\/strong><\/span><\/p>\n<p><span style=\"color: #800000;\"><strong>Dieser Song ist ab dem 16.05.2025 auf allen Download- und Streaming-Portalen erh\u00e4ltlich.\u00a0<\/strong><\/span><\/p>\n<p><span style=\"color: #800000;\"><strong>Airdate (f\u00fcr Radiosender): 14.05.2025<\/strong><\/span><\/p>\n","protected":false},"excerpt":{"rendered":"<p>Wenn Jenny van Bree ihre Lieder singt verstr\u00f6mt eine besondere Magie. Stars wie Alfinito, Fantasy oder die Schlagerpiloten machen es vor. Die allseits beliebten sch\u00f6nen Schlagermelodien werden auch bei Jenny mit tanzbaren Beats pr\u00e4sentiert. Und das mit Erfolg! Die Songwriterin hatte mit ihrer vorherigen Single \u201eWo schl\u00e4ft dein Herz\u201c gro\u00dfartige Resonanz. In den \u00f6sterreichischen Airplay Radio Charts erreichte sie Platz 31 und hielt sich viele Wochen im Bereich Konservativ Pop. Auch in Deutschland etablierte sich die sanftm\u00fctige S\u00e4ngerin und es folgten viele Interviews sowie TV Termine. Die zahlreichen Auftritte in ihrem diesj\u00e4hrigen Kalender reichen von Deutschland \u00fcber \u00d6sterreich, Mallorca und Italien. Was z\u00e4hlt ist, dass&#8230;<\/p>\n","protected":false},"author":1,"featured_media":35212,"comment_status":"open","ping_status":"open","sticky":false,"template":"","format":"standard","meta":{"footnotes":""},"categories":[3231,3616,3237,2,3300],"tags":[3695],"class_list":["post-35211","post","type-post","status-publish","format-standard","has-post-thumbnail","hentry","category-bergers-schlagerparadies","category-lumina-records","category-pop","category-schlager","category-volksmusik","tag-jenny-van-bree","wpcat-3231-id","wpcat-3616-id","wpcat-3237-id","wpcat-2-id","wpcat-3300-id"],"_links":{"self":[{"href":"https:\/\/bergers-schlagerparadies.de\/index.php?rest_route=\/wp\/v2\/posts\/35211","targetHints":{"allow":["GET"]}}],"collection":[{"href":"https:\/\/bergers-schlagerparadies.de\/index.php?rest_route=\/wp\/v2\/posts"}],"about":[{"href":"https:\/\/bergers-schlagerparadies.de\/index.php?rest_route=\/wp\/v2\/types\/post"}],"author":[{"embeddable":true,"href":"https:\/\/bergers-schlagerparadies.de\/index.php?rest_route=\/wp\/v2\/users\/1"}],"replies":[{"embeddable":true,"href":"https:\/\/bergers-schlagerparadies.de\/index.php?rest_route=%2Fwp%2Fv2%2Fcomments&post=35211"}],"version-history":[{"count":1,"href":"https:\/\/bergers-schlagerparadies.de\/index.php?rest_route=\/wp\/v2\/posts\/35211\/revisions"}],"predecessor-version":[{"id":35213,"href":"https:\/\/bergers-schlagerparadies.de\/index.php?rest_route=\/wp\/v2\/posts\/35211\/revisions\/35213"}],"wp:featuredmedia":[{"embeddable":true,"href":"https:\/\/bergers-schlagerparadies.de\/index.php?rest_route=\/wp\/v2\/media\/35212"}],"wp:attachment":[{"href":"https:\/\/bergers-schlagerparadies.de\/index.php?rest_route=%2Fwp%2Fv2%2Fmedia&parent=35211"}],"wp:term":[{"taxonomy":"category","embeddable":true,"href":"https:\/\/bergers-schlagerparadies.de\/index.php?rest_route=%2Fwp%2Fv2%2Fcategories&post=35211"},{"taxonomy":"post_tag","embeddable":true,"href":"https:\/\/bergers-schlagerparadies.de\/index.php?rest_route=%2Fwp%2Fv2%2Ftags&post=35211"}],"curies":[{"name":"wp","href":"https:\/\/api.w.org\/{rel}","templated":true}]}}