{"id":35149,"date":"2025-05-12T10:30:06","date_gmt":"2025-05-12T08:30:06","guid":{"rendered":"https:\/\/bergers-schlagerparadies.de\/?p=35149"},"modified":"2025-05-15T22:10:25","modified_gmt":"2025-05-15T20:10:25","slug":"uwe-hoell-in-diesem-leben-%c2%b7-bergers-schlagerparadies","status":"publish","type":"post","link":"https:\/\/bergers-schlagerparadies.de\/?p=35149","title":{"rendered":"Uwe H\u00f6ll &#8211; In diesem Leben \u00b7 Berger\u00b4s Schlagerparadies"},"content":{"rendered":"<p><img loading=\"lazy\" decoding=\"async\" class=\"size-medium wp-image-35150 alignleft\" src=\"https:\/\/bergers-schlagerparadies.de\/wp-content\/uploads\/2025\/05\/Uwe-Hoell-In-diesem-Leben-300x300.jpg\" alt=\"\" width=\"300\" height=\"300\" srcset=\"https:\/\/bergers-schlagerparadies.de\/wp-content\/uploads\/2025\/05\/Uwe-Hoell-In-diesem-Leben-300x300.jpg 300w, https:\/\/bergers-schlagerparadies.de\/wp-content\/uploads\/2025\/05\/Uwe-Hoell-In-diesem-Leben-1024x1024.jpg 1024w, https:\/\/bergers-schlagerparadies.de\/wp-content\/uploads\/2025\/05\/Uwe-Hoell-In-diesem-Leben-150x150.jpg 150w, https:\/\/bergers-schlagerparadies.de\/wp-content\/uploads\/2025\/05\/Uwe-Hoell-In-diesem-Leben-768x768.jpg 768w, https:\/\/bergers-schlagerparadies.de\/wp-content\/uploads\/2025\/05\/Uwe-Hoell-In-diesem-Leben-1536x1536.jpg 1536w, https:\/\/bergers-schlagerparadies.de\/wp-content\/uploads\/2025\/05\/Uwe-Hoell-In-diesem-Leben-2048x2048.jpg 2048w, https:\/\/bergers-schlagerparadies.de\/wp-content\/uploads\/2025\/05\/Uwe-Hoell-In-diesem-Leben-1200x1200.jpg 1200w, https:\/\/bergers-schlagerparadies.de\/wp-content\/uploads\/2025\/05\/Uwe-Hoell-In-diesem-Leben-1188x1188.jpg 1188w, https:\/\/bergers-schlagerparadies.de\/wp-content\/uploads\/2025\/05\/Uwe-Hoell-In-diesem-Leben-100x100.jpg 100w\" sizes=\"auto, (max-width: 300px) 100vw, 300px\" \/>Mit \u201eIn diesem Leben\u201c meldet sich Uwe H\u00f6ll nach \u00fcber neunmonatiger Pause eindrucksvoll zur\u00fcck.<br \/>\nDie neue Single verbindet modernen, rhythmischen Schlagersound mit einer tiefgr\u00fcndigen Botschaft und zeigt den K\u00fcnstler emotional und musikalisch gereift.<\/p>\n<p>Der Song erz\u00e4hlt von Neuanfang, Lebensfreude und der St\u00e4rke, selbst in schweren Zeiten nicht aufzugeben. Inspiriert von einem engen Freund, der sich trotz einer Krebsdiagnose zur\u00fcck ins Leben k\u00e4mpfte, ist \u201eIn diesem Leben\u201c ein bewegendes und authentisches Statement dar\u00fcber, was im Leben wirklich z\u00e4hlt.<\/p>\n<p>Der Text stammt von Willi Ohler, die Komposition von Markus Frattner, das Arrangement \u00fcbernahm Uwe Altenried, produziert wurde der Titel von Alter Schwede.<\/p>\n<p>\u201eIn diesem Leben\u201c ist mehr als ein Comeback \u2013 es ist ein musikalischer Mutmacher voller Energie, Herz und Hoffnung.<\/p>\n<p><span style=\"color: #800000;\"><strong>Quelle: Fiesta Records<\/strong><\/span><\/p>\n<p><span style=\"color: #800000;\"><strong>Dieser Song ist ab dem 16.05.2025 auf allen Download- und Streaming-Portalen erh\u00e4ltlich.\u00a0<\/strong><\/span><\/p>\n<p><span style=\"color: #800000;\"><strong>Airdate (f\u00fcr Radiosender): 15.05.2025<\/strong><\/span><\/p>\n","protected":false},"excerpt":{"rendered":"<p>Mit \u201eIn diesem Leben\u201c meldet sich Uwe H\u00f6ll nach \u00fcber neunmonatiger Pause eindrucksvoll zur\u00fcck. Die neue Single verbindet modernen, rhythmischen Schlagersound mit einer tiefgr\u00fcndigen Botschaft und zeigt den K\u00fcnstler emotional und musikalisch gereift. Der Song erz\u00e4hlt von Neuanfang, Lebensfreude und der St\u00e4rke, selbst in schweren Zeiten nicht aufzugeben. Inspiriert von einem engen Freund, der sich trotz einer Krebsdiagnose zur\u00fcck ins Leben k\u00e4mpfte, ist \u201eIn diesem Leben\u201c ein bewegendes und authentisches Statement dar\u00fcber, was im Leben wirklich z\u00e4hlt. Der Text stammt von Willi Ohler, die Komposition von Markus Frattner, das Arrangement \u00fcbernahm Uwe Altenried, produziert wurde der Titel von Alter Schwede. \u201eIn diesem Leben\u201c ist mehr&#8230;<\/p>\n","protected":false},"author":1,"featured_media":35150,"comment_status":"open","ping_status":"open","sticky":false,"template":"","format":"standard","meta":{"footnotes":""},"categories":[3231,3232,2],"tags":[1996],"class_list":["post-35149","post","type-post","status-publish","format-standard","has-post-thumbnail","hentry","category-bergers-schlagerparadies","category-fiesta-records","category-schlager","tag-uwe-hoell","wpcat-3231-id","wpcat-3232-id","wpcat-2-id"],"_links":{"self":[{"href":"https:\/\/bergers-schlagerparadies.de\/index.php?rest_route=\/wp\/v2\/posts\/35149","targetHints":{"allow":["GET"]}}],"collection":[{"href":"https:\/\/bergers-schlagerparadies.de\/index.php?rest_route=\/wp\/v2\/posts"}],"about":[{"href":"https:\/\/bergers-schlagerparadies.de\/index.php?rest_route=\/wp\/v2\/types\/post"}],"author":[{"embeddable":true,"href":"https:\/\/bergers-schlagerparadies.de\/index.php?rest_route=\/wp\/v2\/users\/1"}],"replies":[{"embeddable":true,"href":"https:\/\/bergers-schlagerparadies.de\/index.php?rest_route=%2Fwp%2Fv2%2Fcomments&post=35149"}],"version-history":[{"count":2,"href":"https:\/\/bergers-schlagerparadies.de\/index.php?rest_route=\/wp\/v2\/posts\/35149\/revisions"}],"predecessor-version":[{"id":35261,"href":"https:\/\/bergers-schlagerparadies.de\/index.php?rest_route=\/wp\/v2\/posts\/35149\/revisions\/35261"}],"wp:featuredmedia":[{"embeddable":true,"href":"https:\/\/bergers-schlagerparadies.de\/index.php?rest_route=\/wp\/v2\/media\/35150"}],"wp:attachment":[{"href":"https:\/\/bergers-schlagerparadies.de\/index.php?rest_route=%2Fwp%2Fv2%2Fmedia&parent=35149"}],"wp:term":[{"taxonomy":"category","embeddable":true,"href":"https:\/\/bergers-schlagerparadies.de\/index.php?rest_route=%2Fwp%2Fv2%2Fcategories&post=35149"},{"taxonomy":"post_tag","embeddable":true,"href":"https:\/\/bergers-schlagerparadies.de\/index.php?rest_route=%2Fwp%2Fv2%2Ftags&post=35149"}],"curies":[{"name":"wp","href":"https:\/\/api.w.org\/{rel}","templated":true}]}}