{"id":35146,"date":"2025-05-12T10:30:21","date_gmt":"2025-05-12T08:30:21","guid":{"rendered":"https:\/\/bergers-schlagerparadies.de\/?p=35146"},"modified":"2025-05-10T10:01:04","modified_gmt":"2025-05-10T08:01:04","slug":"steffen-sturm-yve-marwan-das-ist-doch-zauberei-%c2%b7-bergers-schlagerparadies","status":"publish","type":"post","link":"https:\/\/bergers-schlagerparadies.de\/?p=35146","title":{"rendered":"Steffen Sturm &#038; Yve Marwan &#8211; Das ist doch Zauberei \u00b7 Berger\u00b4s Schlagerparadies"},"content":{"rendered":"<p><img loading=\"lazy\" decoding=\"async\" class=\"size-medium wp-image-35147 alignleft\" src=\"https:\/\/bergers-schlagerparadies.de\/wp-content\/uploads\/2025\/05\/Steffen-Sturm-Yve-Marwan-Das-ist-doch-Zauberei-300x300.jpg\" alt=\"\" width=\"300\" height=\"300\" srcset=\"https:\/\/bergers-schlagerparadies.de\/wp-content\/uploads\/2025\/05\/Steffen-Sturm-Yve-Marwan-Das-ist-doch-Zauberei-300x300.jpg 300w, https:\/\/bergers-schlagerparadies.de\/wp-content\/uploads\/2025\/05\/Steffen-Sturm-Yve-Marwan-Das-ist-doch-Zauberei-1024x1024.jpg 1024w, https:\/\/bergers-schlagerparadies.de\/wp-content\/uploads\/2025\/05\/Steffen-Sturm-Yve-Marwan-Das-ist-doch-Zauberei-150x150.jpg 150w, https:\/\/bergers-schlagerparadies.de\/wp-content\/uploads\/2025\/05\/Steffen-Sturm-Yve-Marwan-Das-ist-doch-Zauberei-768x768.jpg 768w, https:\/\/bergers-schlagerparadies.de\/wp-content\/uploads\/2025\/05\/Steffen-Sturm-Yve-Marwan-Das-ist-doch-Zauberei-1536x1536.jpg 1536w, https:\/\/bergers-schlagerparadies.de\/wp-content\/uploads\/2025\/05\/Steffen-Sturm-Yve-Marwan-Das-ist-doch-Zauberei-2048x2048.jpg 2048w, https:\/\/bergers-schlagerparadies.de\/wp-content\/uploads\/2025\/05\/Steffen-Sturm-Yve-Marwan-Das-ist-doch-Zauberei-1200x1200.jpg 1200w, https:\/\/bergers-schlagerparadies.de\/wp-content\/uploads\/2025\/05\/Steffen-Sturm-Yve-Marwan-Das-ist-doch-Zauberei-1188x1188.jpg 1188w, https:\/\/bergers-schlagerparadies.de\/wp-content\/uploads\/2025\/05\/Steffen-Sturm-Yve-Marwan-Das-ist-doch-Zauberei-100x100.jpg 100w\" sizes=\"auto, (max-width: 300px) 100vw, 300px\" \/>Es war ein Moment, den keiner der Beteiligten geplant hatte \u2013 und der gerade deshalb so besonders wurde: Als sich die S\u00e4ngerin Yve Marwan und der S\u00e4nger Steffen Sturm zuf\u00e4llig im Studio von den Erfolgsproduzenten Willy Kl\u00fcter und Manfred Hochholzer begegneten, ahnte niemand, dass nur kurz darauf eine emotionale Duett-Single entstehen w\u00fcrde. Yve&#8217;s Wunsch, den Song \u201eDas ist doch Zauberei\u201c als Duett-Titel zu realisieren, fand in Steffen den passenden Partner.<\/p>\n<p>Beide K\u00fcnstler waren unabh\u00e4ngig voneinander f\u00fcr Aufnahmen im Studio \u2013 doch als sich ihre Wege kreuzten, entstand sofort eine besondere Verbindung. \u201eManchmal passiert Musik nicht am Rei\u00dfbrett, sondern einfach aus dem Moment heraus\u201c, beschreiben die beiden K\u00fcnstler.<\/p>\n<p>\u201eDas ist doch Zauberei\u201c ist ein gef\u00fchlvolles Duett und erz\u00e4hlt die Geschichte \u00fcber die Magie unerwarteter Begegnungen, getragen von zwei Stimmen, die sich auf nat\u00fcrliche Weise erg\u00e4nzen. Mit einer eing\u00e4ngigen Melodie und ber\u00fchrendem Text trifft der Titel mitten ins Herz \u2013 und ist gleichzeitig ein Pl\u00e4doyer daf\u00fcr, den Zauber des Augenblicks zuzulassen.<\/p>\n<p><span style=\"color: #800000;\"><strong>Quelle: Herz7<\/strong><\/span><\/p>\n<p><span style=\"color: #800000;\"><strong>Dieser Song ist ab dem 16.05.2025 auf allen Download- und Streaming-Portalen erh\u00e4ltlich.\u00a0<\/strong><\/span><\/p>\n<p><span style=\"color: #800000;\"><strong>Airdate (f\u00fcr Radiosender): 09.05.2025<\/strong><\/span><\/p>\n","protected":false},"excerpt":{"rendered":"<p>Es war ein Moment, den keiner der Beteiligten geplant hatte \u2013 und der gerade deshalb so besonders wurde: Als sich die S\u00e4ngerin Yve Marwan und der S\u00e4nger Steffen Sturm zuf\u00e4llig im Studio von den Erfolgsproduzenten Willy Kl\u00fcter und Manfred Hochholzer begegneten, ahnte niemand, dass nur kurz darauf eine emotionale Duett-Single entstehen w\u00fcrde. Yve&#8217;s Wunsch, den Song \u201eDas ist doch Zauberei\u201c als Duett-Titel zu realisieren, fand in Steffen den passenden Partner. Beide K\u00fcnstler waren unabh\u00e4ngig voneinander f\u00fcr Aufnahmen im Studio \u2013 doch als sich ihre Wege kreuzten, entstand sofort eine besondere Verbindung. \u201eManchmal passiert Musik nicht am Rei\u00dfbrett, sondern einfach aus dem Moment heraus\u201c, beschreiben die&#8230;<\/p>\n","protected":false},"author":1,"featured_media":35147,"comment_status":"open","ping_status":"open","sticky":false,"template":"","format":"standard","meta":{"footnotes":""},"categories":[3231,3451,2],"tags":[3940],"class_list":["post-35146","post","type-post","status-publish","format-standard","has-post-thumbnail","hentry","category-bergers-schlagerparadies","category-herz7","category-schlager","tag-steffen-sturm-yve-marwan","wpcat-3231-id","wpcat-3451-id","wpcat-2-id"],"_links":{"self":[{"href":"https:\/\/bergers-schlagerparadies.de\/index.php?rest_route=\/wp\/v2\/posts\/35146","targetHints":{"allow":["GET"]}}],"collection":[{"href":"https:\/\/bergers-schlagerparadies.de\/index.php?rest_route=\/wp\/v2\/posts"}],"about":[{"href":"https:\/\/bergers-schlagerparadies.de\/index.php?rest_route=\/wp\/v2\/types\/post"}],"author":[{"embeddable":true,"href":"https:\/\/bergers-schlagerparadies.de\/index.php?rest_route=\/wp\/v2\/users\/1"}],"replies":[{"embeddable":true,"href":"https:\/\/bergers-schlagerparadies.de\/index.php?rest_route=%2Fwp%2Fv2%2Fcomments&post=35146"}],"version-history":[{"count":1,"href":"https:\/\/bergers-schlagerparadies.de\/index.php?rest_route=\/wp\/v2\/posts\/35146\/revisions"}],"predecessor-version":[{"id":35148,"href":"https:\/\/bergers-schlagerparadies.de\/index.php?rest_route=\/wp\/v2\/posts\/35146\/revisions\/35148"}],"wp:featuredmedia":[{"embeddable":true,"href":"https:\/\/bergers-schlagerparadies.de\/index.php?rest_route=\/wp\/v2\/media\/35147"}],"wp:attachment":[{"href":"https:\/\/bergers-schlagerparadies.de\/index.php?rest_route=%2Fwp%2Fv2%2Fmedia&parent=35146"}],"wp:term":[{"taxonomy":"category","embeddable":true,"href":"https:\/\/bergers-schlagerparadies.de\/index.php?rest_route=%2Fwp%2Fv2%2Fcategories&post=35146"},{"taxonomy":"post_tag","embeddable":true,"href":"https:\/\/bergers-schlagerparadies.de\/index.php?rest_route=%2Fwp%2Fv2%2Ftags&post=35146"}],"curies":[{"name":"wp","href":"https:\/\/api.w.org\/{rel}","templated":true}]}}