{"id":35098,"date":"2025-05-09T14:43:12","date_gmt":"2025-05-09T12:43:12","guid":{"rendered":"https:\/\/bergers-schlagerparadies.de\/?p=35098"},"modified":"2025-05-09T14:43:12","modified_gmt":"2025-05-09T12:43:12","slug":"annemarie-eilfeld-ich-krieg-nie-genug-%c2%b7-bergers-schlagerparadies","status":"publish","type":"post","link":"https:\/\/bergers-schlagerparadies.de\/?p=35098","title":{"rendered":"Annemarie Eilfeld \u2013 Ich krieg nie genug \u00b7 Berger\u00b4s Schlagerparadies"},"content":{"rendered":"<p><img loading=\"lazy\" decoding=\"async\" class=\"size-medium wp-image-35099 alignleft\" src=\"https:\/\/bergers-schlagerparadies.de\/wp-content\/uploads\/2025\/05\/Annemarie-Eilfeld-\u2013-Ich-krieg-nie-genug-300x300.jpg\" alt=\"\" width=\"300\" height=\"300\" srcset=\"https:\/\/bergers-schlagerparadies.de\/wp-content\/uploads\/2025\/05\/Annemarie-Eilfeld-\u2013-Ich-krieg-nie-genug-300x300.jpg 300w, https:\/\/bergers-schlagerparadies.de\/wp-content\/uploads\/2025\/05\/Annemarie-Eilfeld-\u2013-Ich-krieg-nie-genug-1024x1024.jpg 1024w, https:\/\/bergers-schlagerparadies.de\/wp-content\/uploads\/2025\/05\/Annemarie-Eilfeld-\u2013-Ich-krieg-nie-genug-150x150.jpg 150w, https:\/\/bergers-schlagerparadies.de\/wp-content\/uploads\/2025\/05\/Annemarie-Eilfeld-\u2013-Ich-krieg-nie-genug-768x768.jpg 768w, https:\/\/bergers-schlagerparadies.de\/wp-content\/uploads\/2025\/05\/Annemarie-Eilfeld-\u2013-Ich-krieg-nie-genug-1536x1536.jpg 1536w, https:\/\/bergers-schlagerparadies.de\/wp-content\/uploads\/2025\/05\/Annemarie-Eilfeld-\u2013-Ich-krieg-nie-genug-2048x2048.jpg 2048w, https:\/\/bergers-schlagerparadies.de\/wp-content\/uploads\/2025\/05\/Annemarie-Eilfeld-\u2013-Ich-krieg-nie-genug-1200x1200.jpg 1200w, https:\/\/bergers-schlagerparadies.de\/wp-content\/uploads\/2025\/05\/Annemarie-Eilfeld-\u2013-Ich-krieg-nie-genug-1188x1188.jpg 1188w, https:\/\/bergers-schlagerparadies.de\/wp-content\/uploads\/2025\/05\/Annemarie-Eilfeld-\u2013-Ich-krieg-nie-genug-100x100.jpg 100w\" sizes=\"auto, (max-width: 300px) 100vw, 300px\" \/>ANNEMARIE EILFELD ist zur\u00fcck! Die S\u00e4ngerin und Songwriterin aus Sachsen-Anhalt pr\u00e4sentiert nun nach den beiden bereits erschienenen Singles \u201eLiebe kann\u201c und \u201eHallo\u201c mit \u201eIch krieg nie genug\u201c einen der emotional intensivsten Titel ihres kommenden Albums \u201eNeugeboren\u201c (V\u00d6: 06.06.2025, TELAMO).<\/p>\n<p>Der Song von Benjamin Schwenen, Terence Olivier und der K\u00fcnstlerin selbst geschrieben, vereint kraftvolle Lyrics mit einem mitrei\u00dfenden Sound dazu eine Stimme zwischen gef\u00fchlvoll und verspielt.<\/p>\n<p>Zeilen wie \u201eMit dir will ich alles ausprobieren \/ und nichts bereuen\u201c unterstreichen das unstillbare Verlangen nach N\u00e4he und die Lust am Moment nicht nur zwischenmenschlich, sondern f\u00fcr Annemarie auch im beruflichen Sinn.<\/p>\n<p>\u201eIch krieg nie genug\u201c ist mehr als nur ein Lovesong \u2013 es ist ein musikalisches Bekenntnis zur Leidenschaft einer jungen Frau, die sich nicht mehr zur\u00fcck h\u00e4lt und reiht sich nahtlos in das facettenreiche Album ein, das Eilfelds emotionale Reise der letzten Jahre widerspiegelt. Nach \u00fcber 15 Jahren B\u00fchnenpr\u00e4senz zeigt sich die S\u00e4ngerin so offen, stark und \u201eneugeboren\u201c wie nie zuvor.<\/p>\n<p>\u201eIch krieg nie genug\u201c von Annemarie Eilfeld erscheint am 09.05.2025 bei TELAMO<\/p>\n<p><span style=\"color: #800000;\"><strong>Quelle: Telamo<\/strong><\/span><\/p>\n<p><span style=\"color: #800000;\"><strong>Dieser Song ist ab dem 09.05.2025 auf allen Download- und Streaming-Portalen erh\u00e4ltlich.\u00a0<\/strong><\/span><\/p>\n<p><span style=\"color: #800000;\"><strong>Airdate (f\u00fcr Radiosender): 09.05.2025<\/strong><\/span><\/p>\n","protected":false},"excerpt":{"rendered":"<p>ANNEMARIE EILFELD ist zur\u00fcck! Die S\u00e4ngerin und Songwriterin aus Sachsen-Anhalt pr\u00e4sentiert nun nach den beiden bereits erschienenen Singles \u201eLiebe kann\u201c und \u201eHallo\u201c mit \u201eIch krieg nie genug\u201c einen der emotional intensivsten Titel ihres kommenden Albums \u201eNeugeboren\u201c (V\u00d6: 06.06.2025, TELAMO). Der Song von Benjamin Schwenen, Terence Olivier und der K\u00fcnstlerin selbst geschrieben, vereint kraftvolle Lyrics mit einem mitrei\u00dfenden Sound dazu eine Stimme zwischen gef\u00fchlvoll und verspielt. Zeilen wie \u201eMit dir will ich alles ausprobieren \/ und nichts bereuen\u201c unterstreichen das unstillbare Verlangen nach N\u00e4he und die Lust am Moment nicht nur zwischenmenschlich, sondern f\u00fcr Annemarie auch im beruflichen Sinn. \u201eIch krieg nie genug\u201c ist mehr als&#8230;<\/p>\n","protected":false},"author":1,"featured_media":35099,"comment_status":"open","ping_status":"open","sticky":false,"template":"","format":"standard","meta":{"footnotes":""},"categories":[3231,2,3239],"tags":[771],"class_list":["post-35098","post","type-post","status-publish","format-standard","has-post-thumbnail","hentry","category-bergers-schlagerparadies","category-schlager","category-telamo","tag-annemarie-eilfeld","wpcat-3231-id","wpcat-2-id","wpcat-3239-id"],"_links":{"self":[{"href":"https:\/\/bergers-schlagerparadies.de\/index.php?rest_route=\/wp\/v2\/posts\/35098","targetHints":{"allow":["GET"]}}],"collection":[{"href":"https:\/\/bergers-schlagerparadies.de\/index.php?rest_route=\/wp\/v2\/posts"}],"about":[{"href":"https:\/\/bergers-schlagerparadies.de\/index.php?rest_route=\/wp\/v2\/types\/post"}],"author":[{"embeddable":true,"href":"https:\/\/bergers-schlagerparadies.de\/index.php?rest_route=\/wp\/v2\/users\/1"}],"replies":[{"embeddable":true,"href":"https:\/\/bergers-schlagerparadies.de\/index.php?rest_route=%2Fwp%2Fv2%2Fcomments&post=35098"}],"version-history":[{"count":1,"href":"https:\/\/bergers-schlagerparadies.de\/index.php?rest_route=\/wp\/v2\/posts\/35098\/revisions"}],"predecessor-version":[{"id":35100,"href":"https:\/\/bergers-schlagerparadies.de\/index.php?rest_route=\/wp\/v2\/posts\/35098\/revisions\/35100"}],"wp:featuredmedia":[{"embeddable":true,"href":"https:\/\/bergers-schlagerparadies.de\/index.php?rest_route=\/wp\/v2\/media\/35099"}],"wp:attachment":[{"href":"https:\/\/bergers-schlagerparadies.de\/index.php?rest_route=%2Fwp%2Fv2%2Fmedia&parent=35098"}],"wp:term":[{"taxonomy":"category","embeddable":true,"href":"https:\/\/bergers-schlagerparadies.de\/index.php?rest_route=%2Fwp%2Fv2%2Fcategories&post=35098"},{"taxonomy":"post_tag","embeddable":true,"href":"https:\/\/bergers-schlagerparadies.de\/index.php?rest_route=%2Fwp%2Fv2%2Ftags&post=35098"}],"curies":[{"name":"wp","href":"https:\/\/api.w.org\/{rel}","templated":true}]}}