{"id":35073,"date":"2025-05-09T13:45:04","date_gmt":"2025-05-09T11:45:04","guid":{"rendered":"https:\/\/bergers-schlagerparadies.de\/?p=35073"},"modified":"2025-05-09T13:45:04","modified_gmt":"2025-05-09T11:45:04","slug":"jan-seven-dettwyler-merci-cherie-cover-aus-der-srf-show-esc-mania-%c2%b7-bergers-schlagerparadies","status":"publish","type":"post","link":"https:\/\/bergers-schlagerparadies.de\/?p=35073","title":{"rendered":"jan SEVEN dettwyler &#8211; Merci Ch\u00e9rie ( Cover aus der SRF-Show ESC Mania) \u00b7 Berger\u00b4s Schlagerparadies"},"content":{"rendered":"<p><img loading=\"lazy\" decoding=\"async\" class=\"size-medium wp-image-35074 alignleft\" src=\"https:\/\/bergers-schlagerparadies.de\/wp-content\/uploads\/2025\/05\/jan-SEVEN-dettwyler-300x300.jpg\" alt=\"\" width=\"300\" height=\"300\" srcset=\"https:\/\/bergers-schlagerparadies.de\/wp-content\/uploads\/2025\/05\/jan-SEVEN-dettwyler-300x300.jpg 300w, https:\/\/bergers-schlagerparadies.de\/wp-content\/uploads\/2025\/05\/jan-SEVEN-dettwyler-1024x1024.jpg 1024w, https:\/\/bergers-schlagerparadies.de\/wp-content\/uploads\/2025\/05\/jan-SEVEN-dettwyler-150x150.jpg 150w, https:\/\/bergers-schlagerparadies.de\/wp-content\/uploads\/2025\/05\/jan-SEVEN-dettwyler-768x768.jpg 768w, https:\/\/bergers-schlagerparadies.de\/wp-content\/uploads\/2025\/05\/jan-SEVEN-dettwyler-1200x1200.jpg 1200w, https:\/\/bergers-schlagerparadies.de\/wp-content\/uploads\/2025\/05\/jan-SEVEN-dettwyler-1188x1188.jpg 1188w, https:\/\/bergers-schlagerparadies.de\/wp-content\/uploads\/2025\/05\/jan-SEVEN-dettwyler-100x100.jpg 100w, https:\/\/bergers-schlagerparadies.de\/wp-content\/uploads\/2025\/05\/jan-SEVEN-dettwyler.jpg 1500w\" sizes=\"auto, (max-width: 300px) 100vw, 300px\" \/>Es ist das sch\u00f6nste der traurigen Lieder.<\/p>\n<p>Im Moment der Trauer und des Abschieds den Dank f\u00fcr die gemeinsame Zeit in den Mittelpunkt zu stellen \u2013 das ist wahre Liebe.<\/p>\n<p>\u201eDiese Hommage an einen der gr\u00f6\u00dften deutschsprachigen K\u00fcnstler aller Zeiten ber\u00fchrt mich zutiefst\u201c, so jan SEVEN dettwyler. Durch die Samstagabend-TV-Sendung ESC-Mania im Schweizer Fernsehen wurde er \u00fcberraschend mit dem Song konfrontiert. \u201eDa ich Merci Ch\u00e9rie seit vielen Jahren liebe, ist es ein besonderes Geschenk, dass ausgerechnet ich diesen Song in der Sendung auf meine Weise interpretieren durfte.\u201c Es war ihm ein gro\u00dfes Anliegen, Udo zu ehren \u2013 deshalb hat er den Kontakt zur Familie gesucht. \u201eIhre Freude dar\u00fcber, dass ich Merci Ch\u00e9rie in meiner eigenen Version umsetzen wollte, hat mich sehr bewegt.\u201c<br \/>\nDie Interpretation hat ihnen so gut gefallen, dass nun mit dem Segen der Familie, diese emotionale Live-Aufnahme aus der Sendung ver\u00f6ffentlicht wird.<\/p>\n<p>Stimme, Piano, Streicher \u2013 mehr braucht es nicht, wenn ein Song so stark ist.<br \/>\nMerci, Udo.<\/p>\n<p>Die Reise von jan SEVEN dettwyler begann 2002 als SEVEN und f\u00fchrte ihn in 21 Jahren Weltkarriere mit 13 Studio- und 4 Live-Alben, unz\u00e4hligen Kollaborationen, internationalen Preisen und mehr als 1000 Headliner-Shows immer n\u00e4her zu sich selbst. Mit Supports f\u00fcr Destiny\u2019s Child und Lionel Richie, der Er\u00f6ffnung des US Sundance Festival als erster Europ\u00e4er \u00fcberhaupt, umjubelten Auftritten beim Jazz Festival in Montreux, erste Gold-Ver\u00f6ffentlichungen, der Swiss Music Artist Award in 2017 sind nur einige Meilensteine der Karriere des Ausnahmek\u00fcnstlers. 2020 bringt er mit \u201eBrandneu\u201c erstmals deutsche Songs und ist als Host der Reihe \u201eSing meinen Song \u2013 das Schweizer Tauschkonzert\u201c zu sehen.<\/p>\n<p>Am 10.05. feiert der Titel \u201eMerci Ch\u00e9rie\u201c mit jan SEVEN dettwyler seine Premiere in der ESC-Mania beim Schweizer Fernsehsender SRF.<\/p>\n<p><span style=\"color: #800000;\"><strong>Quelle: Telamo<\/strong><\/span><\/p>\n<p><span style=\"color: #800000;\"><strong>Dieser Song ist ab dem 09.05.2025 auf allen Download- und Streaming-Portalen erh\u00e4ltlich.\u00a0<\/strong><\/span><\/p>\n<p><span style=\"color: #800000;\"><strong>Airdate (f\u00fcr Radiosender): 09.05.2025<\/strong><\/span><\/p>\n","protected":false},"excerpt":{"rendered":"<p>Es ist das sch\u00f6nste der traurigen Lieder. Im Moment der Trauer und des Abschieds den Dank f\u00fcr die gemeinsame Zeit in den Mittelpunkt zu stellen \u2013 das ist wahre Liebe. \u201eDiese Hommage an einen der gr\u00f6\u00dften deutschsprachigen K\u00fcnstler aller Zeiten ber\u00fchrt mich zutiefst\u201c, so jan SEVEN dettwyler. Durch die Samstagabend-TV-Sendung ESC-Mania im Schweizer Fernsehen wurde er \u00fcberraschend mit dem Song konfrontiert. \u201eDa ich Merci Ch\u00e9rie seit vielen Jahren liebe, ist es ein besonderes Geschenk, dass ausgerechnet ich diesen Song in der Sendung auf meine Weise interpretieren durfte.\u201c Es war ihm ein gro\u00dfes Anliegen, Udo zu ehren \u2013 deshalb hat er den Kontakt zur Familie gesucht&#8230;.<\/p>\n","protected":false},"author":1,"featured_media":35074,"comment_status":"open","ping_status":"open","sticky":false,"template":"","format":"standard","meta":{"footnotes":""},"categories":[3231,2,3239],"tags":[2370],"class_list":["post-35073","post","type-post","status-publish","format-standard","has-post-thumbnail","hentry","category-bergers-schlagerparadies","category-schlager","category-telamo","tag-jan-seven-dettwyler","wpcat-3231-id","wpcat-2-id","wpcat-3239-id"],"_links":{"self":[{"href":"https:\/\/bergers-schlagerparadies.de\/index.php?rest_route=\/wp\/v2\/posts\/35073","targetHints":{"allow":["GET"]}}],"collection":[{"href":"https:\/\/bergers-schlagerparadies.de\/index.php?rest_route=\/wp\/v2\/posts"}],"about":[{"href":"https:\/\/bergers-schlagerparadies.de\/index.php?rest_route=\/wp\/v2\/types\/post"}],"author":[{"embeddable":true,"href":"https:\/\/bergers-schlagerparadies.de\/index.php?rest_route=\/wp\/v2\/users\/1"}],"replies":[{"embeddable":true,"href":"https:\/\/bergers-schlagerparadies.de\/index.php?rest_route=%2Fwp%2Fv2%2Fcomments&post=35073"}],"version-history":[{"count":1,"href":"https:\/\/bergers-schlagerparadies.de\/index.php?rest_route=\/wp\/v2\/posts\/35073\/revisions"}],"predecessor-version":[{"id":35075,"href":"https:\/\/bergers-schlagerparadies.de\/index.php?rest_route=\/wp\/v2\/posts\/35073\/revisions\/35075"}],"wp:featuredmedia":[{"embeddable":true,"href":"https:\/\/bergers-schlagerparadies.de\/index.php?rest_route=\/wp\/v2\/media\/35074"}],"wp:attachment":[{"href":"https:\/\/bergers-schlagerparadies.de\/index.php?rest_route=%2Fwp%2Fv2%2Fmedia&parent=35073"}],"wp:term":[{"taxonomy":"category","embeddable":true,"href":"https:\/\/bergers-schlagerparadies.de\/index.php?rest_route=%2Fwp%2Fv2%2Fcategories&post=35073"},{"taxonomy":"post_tag","embeddable":true,"href":"https:\/\/bergers-schlagerparadies.de\/index.php?rest_route=%2Fwp%2Fv2%2Ftags&post=35073"}],"curies":[{"name":"wp","href":"https:\/\/api.w.org\/{rel}","templated":true}]}}