{"id":35069,"date":"2025-05-09T13:35:33","date_gmt":"2025-05-09T11:35:33","guid":{"rendered":"https:\/\/bergers-schlagerparadies.de\/?p=35069"},"modified":"2025-05-09T13:35:33","modified_gmt":"2025-05-09T11:35:33","slug":"ferne-22-ich-denk-an-dich-%c2%b7-bergers-schlagerparadies","status":"publish","type":"post","link":"https:\/\/bergers-schlagerparadies.de\/?p=35069","title":{"rendered":"FERNE 22 &#8211; Ich denk an dich \u00b7 Berger\u00b4s Schlagerparadies"},"content":{"rendered":"<p><img loading=\"lazy\" decoding=\"async\" class=\"size-medium wp-image-35070 alignleft\" src=\"https:\/\/bergers-schlagerparadies.de\/wp-content\/uploads\/2025\/05\/FERNE-22-Ich-denk-an-dich-300x300.jpg\" alt=\"\" width=\"300\" height=\"300\" srcset=\"https:\/\/bergers-schlagerparadies.de\/wp-content\/uploads\/2025\/05\/FERNE-22-Ich-denk-an-dich-300x300.jpg 300w, https:\/\/bergers-schlagerparadies.de\/wp-content\/uploads\/2025\/05\/FERNE-22-Ich-denk-an-dich-1024x1024.jpg 1024w, https:\/\/bergers-schlagerparadies.de\/wp-content\/uploads\/2025\/05\/FERNE-22-Ich-denk-an-dich-150x150.jpg 150w, https:\/\/bergers-schlagerparadies.de\/wp-content\/uploads\/2025\/05\/FERNE-22-Ich-denk-an-dich-768x768.jpg 768w, https:\/\/bergers-schlagerparadies.de\/wp-content\/uploads\/2025\/05\/FERNE-22-Ich-denk-an-dich-1536x1536.jpg 1536w, https:\/\/bergers-schlagerparadies.de\/wp-content\/uploads\/2025\/05\/FERNE-22-Ich-denk-an-dich-2048x2048.jpg 2048w, https:\/\/bergers-schlagerparadies.de\/wp-content\/uploads\/2025\/05\/FERNE-22-Ich-denk-an-dich-1200x1200.jpg 1200w, https:\/\/bergers-schlagerparadies.de\/wp-content\/uploads\/2025\/05\/FERNE-22-Ich-denk-an-dich-1188x1188.jpg 1188w, https:\/\/bergers-schlagerparadies.de\/wp-content\/uploads\/2025\/05\/FERNE-22-Ich-denk-an-dich-100x100.jpg 100w\" sizes=\"auto, (max-width: 300px) 100vw, 300px\" \/>Ferne 22 ist der Name eines Duos, das mit ihrer ersten Single<br \/>\n\u201eIch denk an dich\u201c ihren fulminanten Einstand bei Klondike Records feiert. Heinz Oho, der bereits einige Ver\u00f6ffentlichungen im Popbereich auf Englisch vorweisen kann, gr\u00fcndete das Projekt zusammen mit seinem Partner Rafael Jarzabek.<br \/>\nDie beiden Freunde machen nunmehr seit fast drei Jahrzehnten gemeinsam Musik, komponieren und texten ihre St\u00fccke eigenh\u00e4ndig.<br \/>\nMit Unterst\u00fctzung von Willy Kl\u00fcter und Manfred Hochholzer haben sie im M\u00fcnchner Graffiti Tonstudio ihren Sound verfeinert und nehmen nun Kurs auf die Charts.<br \/>\nMit einer gelungenen Mischung aus Gitarren und Synthesizern hat das Team einen eing\u00e4ngigen, wunderbar melancholischen Song geschaffen, der den Geist der 80er Jahre aufgreift und doch frisch und modern klingt. Bereits beim ersten H\u00f6ren bleibt der Titel im Ohr.<br \/>\nEr bewegt sich geschickt zwischen Pop und Schlager und bringt einen spezifischen Sound, der definitiv frischen Wind in die aktuelle Musikszene weht.<br \/>\nNeben der Musik stehen f\u00fcr die beiden erfahrenen K\u00fcnstler vor allem Familie, Sport und Fitness im Mittelpunkt ihres Lebens.<br \/>\nIhr kreatives Potenzial zeigen sie auch jenseits der Musik, indem sie Drehbuch und Regie ihrer eigenen Musikvideos \u00fcbernehmen.<br \/>\nWir sind gespannt, was noch alles \u201eaus der Ferne\u201c an musikalischen \u00dcberraschungen anrollen wird!<\/p>\n<p><span style=\"color: #800000;\"><strong>Quelle: KLONDIKE Records<\/strong><\/span><\/p>\n<p><span style=\"color: #800000;\"><strong>Dieser Song ist ab dem 09.05.2025 auf allen Download- und Streaming-Portalen erh\u00e4ltlich.\u00a0<\/strong><\/span><\/p>\n<p><span style=\"color: #800000;\"><strong>Airdate (f\u00fcr Radiosender): 09.05.2025<\/strong><\/span><\/p>\n","protected":false},"excerpt":{"rendered":"<p>Ferne 22 ist der Name eines Duos, das mit ihrer ersten Single \u201eIch denk an dich\u201c ihren fulminanten Einstand bei Klondike Records feiert. Heinz Oho, der bereits einige Ver\u00f6ffentlichungen im Popbereich auf Englisch vorweisen kann, gr\u00fcndete das Projekt zusammen mit seinem Partner Rafael Jarzabek. Die beiden Freunde machen nunmehr seit fast drei Jahrzehnten gemeinsam Musik, komponieren und texten ihre St\u00fccke eigenh\u00e4ndig. Mit Unterst\u00fctzung von Willy Kl\u00fcter und Manfred Hochholzer haben sie im M\u00fcnchner Graffiti Tonstudio ihren Sound verfeinert und nehmen nun Kurs auf die Charts. Mit einer gelungenen Mischung aus Gitarren und Synthesizern hat das Team einen eing\u00e4ngigen, wunderbar melancholischen Song geschaffen, der den Geist&#8230;<\/p>\n","protected":false},"author":1,"featured_media":35070,"comment_status":"open","ping_status":"open","sticky":false,"template":"","format":"standard","meta":{"footnotes":""},"categories":[3231,3437,3237,2],"tags":[3934],"class_list":["post-35069","post","type-post","status-publish","format-standard","has-post-thumbnail","hentry","category-bergers-schlagerparadies","category-klondike-records-songs","category-pop","category-schlager","tag-ferne-22","wpcat-3231-id","wpcat-3437-id","wpcat-3237-id","wpcat-2-id"],"_links":{"self":[{"href":"https:\/\/bergers-schlagerparadies.de\/index.php?rest_route=\/wp\/v2\/posts\/35069","targetHints":{"allow":["GET"]}}],"collection":[{"href":"https:\/\/bergers-schlagerparadies.de\/index.php?rest_route=\/wp\/v2\/posts"}],"about":[{"href":"https:\/\/bergers-schlagerparadies.de\/index.php?rest_route=\/wp\/v2\/types\/post"}],"author":[{"embeddable":true,"href":"https:\/\/bergers-schlagerparadies.de\/index.php?rest_route=\/wp\/v2\/users\/1"}],"replies":[{"embeddable":true,"href":"https:\/\/bergers-schlagerparadies.de\/index.php?rest_route=%2Fwp%2Fv2%2Fcomments&post=35069"}],"version-history":[{"count":1,"href":"https:\/\/bergers-schlagerparadies.de\/index.php?rest_route=\/wp\/v2\/posts\/35069\/revisions"}],"predecessor-version":[{"id":35071,"href":"https:\/\/bergers-schlagerparadies.de\/index.php?rest_route=\/wp\/v2\/posts\/35069\/revisions\/35071"}],"wp:featuredmedia":[{"embeddable":true,"href":"https:\/\/bergers-schlagerparadies.de\/index.php?rest_route=\/wp\/v2\/media\/35070"}],"wp:attachment":[{"href":"https:\/\/bergers-schlagerparadies.de\/index.php?rest_route=%2Fwp%2Fv2%2Fmedia&parent=35069"}],"wp:term":[{"taxonomy":"category","embeddable":true,"href":"https:\/\/bergers-schlagerparadies.de\/index.php?rest_route=%2Fwp%2Fv2%2Fcategories&post=35069"},{"taxonomy":"post_tag","embeddable":true,"href":"https:\/\/bergers-schlagerparadies.de\/index.php?rest_route=%2Fwp%2Fv2%2Ftags&post=35069"}],"curies":[{"name":"wp","href":"https:\/\/api.w.org\/{rel}","templated":true}]}}