{"id":35036,"date":"2025-05-09T11:46:33","date_gmt":"2025-05-09T09:46:33","guid":{"rendered":"https:\/\/bergers-schlagerparadies.de\/?p=35036"},"modified":"2025-05-09T11:49:41","modified_gmt":"2025-05-09T09:49:41","slug":"anna-carina-woitschack-du-ja-du-%c2%b7-bergers-schlagerparadies","status":"publish","type":"post","link":"https:\/\/bergers-schlagerparadies.de\/?p=35036","title":{"rendered":"Anna-Carina Woitschack &#8211; Du ja Du \u00b7 Berger\u00b4s Schlagerparadies"},"content":{"rendered":"<p><img loading=\"lazy\" decoding=\"async\" class=\"size-medium wp-image-35037 alignleft\" src=\"https:\/\/bergers-schlagerparadies.de\/wp-content\/uploads\/2025\/05\/Anna-Carina-Woitschack-Du-ja-Du-300x300.jpg\" alt=\"\" width=\"300\" height=\"300\" srcset=\"https:\/\/bergers-schlagerparadies.de\/wp-content\/uploads\/2025\/05\/Anna-Carina-Woitschack-Du-ja-Du-300x300.jpg 300w, https:\/\/bergers-schlagerparadies.de\/wp-content\/uploads\/2025\/05\/Anna-Carina-Woitschack-Du-ja-Du-1024x1024.jpg 1024w, https:\/\/bergers-schlagerparadies.de\/wp-content\/uploads\/2025\/05\/Anna-Carina-Woitschack-Du-ja-Du-150x150.jpg 150w, https:\/\/bergers-schlagerparadies.de\/wp-content\/uploads\/2025\/05\/Anna-Carina-Woitschack-Du-ja-Du-768x768.jpg 768w, https:\/\/bergers-schlagerparadies.de\/wp-content\/uploads\/2025\/05\/Anna-Carina-Woitschack-Du-ja-Du-1200x1200.jpg 1200w, https:\/\/bergers-schlagerparadies.de\/wp-content\/uploads\/2025\/05\/Anna-Carina-Woitschack-Du-ja-Du-1188x1188.jpg 1188w, https:\/\/bergers-schlagerparadies.de\/wp-content\/uploads\/2025\/05\/Anna-Carina-Woitschack-Du-ja-Du-100x100.jpg 100w, https:\/\/bergers-schlagerparadies.de\/wp-content\/uploads\/2025\/05\/Anna-Carina-Woitschack-Du-ja-Du.jpg 1400w\" sizes=\"auto, (max-width: 300px) 100vw, 300px\" \/>Der Fr\u00fchling ist da \u2013 passend zu dieser Jahreszeit \u00fcberzeugt Anna-Carina Woitschack mit einer echten Hymne auf die Liebe. Am 09.05.25 erscheint \u201eDu, ja Du\u201c, die zweite Single aus ihrem kommenden Album \u201eAbenteuerlust\u201c.<\/p>\n<p>Vor 14 Jahren begann Anna-Carina Woitschack ihre musikalische Reise bei \u201eDSDS\u201c \u2013 seitdem befindet sich das Allroundtalent auf der absoluten \u00dcberholspur. Mit ihren letzten vier Alben landete sie immer in der Top10 der deutschen Albumcharts. Am 22. August erscheint ihr neues Album \u201eAbenteuerlust\u201c, das die musikalische Entwicklung von Anna-Carina perfekt widerspiegelt. Nach der Gute-Laune-Nummer \u201eSpring mit mir\u201c stellt die S\u00e4ngerin nun den zweiten Single-Vorboten vor, der sich dem sch\u00f6nsten Gef\u00fchl der Welt widmet: der Liebe!<\/p>\n<p>Geschrieben wurde die Nummer von Tom Marquardt und produziert von Alex Wende. Damit erweitert Anna-Carina Woitschack ihr Produzententeam, bleibt aber nat\u00fcrlich ihrem hitverd\u00e4chtigen Musikstil treu. Der Song geht sofort ins Ohr und bleibt dank seines eing\u00e4ngigen Refrains und des Uptempo-Sounds nicht nur im Kopf, sondern wird viele auch direkt auf die Tanzfl\u00e4che ziehen. Anna-Carina Woitschack \u00fcber ihre neue Single: \u201eIch liebe das Wortspiel \u201aDu, ja Du \u2013 mit dir w\u00fcrd ich\u2018s immer wieder tun &#8211; mich in dich verlieben\u2018. Der Song weckt einfach Fr\u00fchlingsgef\u00fchle. Es geht um das sch\u00f6nste Gef\u00fchl der Welt und die Nummer macht einfach schon beim Zuh\u00f6ren Lust auf das Verliebtsein.<\/p>\n<p>In den vergangenen Jahren konnte sich die S\u00e4ngerin eine gro\u00dfe Fanbase erarbeiten. Neben der Musik wagte sie das RTL-TV-Experiment \u201eDie Verr\u00e4ter\u201c, welches sie souver\u00e4n gewann. In diesem Jahr folgte die Teilnahme am Erfolgsformat \u201eIch bin ein Star \u2013 holt mich hier raus!\u201c Und eines steht bereits jetzt fest: Es folgen noch spannende Projekte und zahlreiche Auftritte in diesem Jahr. Anna-Carina Woitschack freut sich vor allem darauf, ihre Fans live zu sehen &#8211; und diese sollten sich vor allem einen Termin bereits dick im Kalender ankreuzen. Am 15.11.25 spielt das Allroundtalent ihr gro\u00dfes Solokonzert zum neuen Album \u201eAbenteuerlust\u201c. Jetzt verk\u00fcrzt sie uns die Wartezeit aber erstmal mit ihrer neuen Single!<\/p>\n<p>Die neue Single \u201eDu ja Du\u201c erscheint am 09.05.2025 bei Telamo.<\/p>\n<p><span style=\"color: #800000;\"><strong>Quelle: Telamo<\/strong><\/span><\/p>\n<p><span style=\"color: #800000;\"><strong>Dieser Song ist ab dem 09.05.2025 auf allen Download- und Streaming-Portalen erh\u00e4ltlich.\u00a0<\/strong><\/span><\/p>\n<p><span style=\"color: #800000;\"><strong>Airdate (f\u00fcr Radiosender): 09.05.2025<\/strong><\/span><\/p>\n","protected":false},"excerpt":{"rendered":"<p>Der Fr\u00fchling ist da \u2013 passend zu dieser Jahreszeit \u00fcberzeugt Anna-Carina Woitschack mit einer echten Hymne auf die Liebe. Am 09.05.25 erscheint \u201eDu, ja Du\u201c, die zweite Single aus ihrem kommenden Album \u201eAbenteuerlust\u201c. Vor 14 Jahren begann Anna-Carina Woitschack ihre musikalische Reise bei \u201eDSDS\u201c \u2013 seitdem befindet sich das Allroundtalent auf der absoluten \u00dcberholspur. Mit ihren letzten vier Alben landete sie immer in der Top10 der deutschen Albumcharts. Am 22. August erscheint ihr neues Album \u201eAbenteuerlust\u201c, das die musikalische Entwicklung von Anna-Carina perfekt widerspiegelt. Nach der Gute-Laune-Nummer \u201eSpring mit mir\u201c stellt die S\u00e4ngerin nun den zweiten Single-Vorboten vor, der sich dem sch\u00f6nsten Gef\u00fchl der Welt&#8230;<\/p>\n","protected":false},"author":1,"featured_media":35037,"comment_status":"open","ping_status":"open","sticky":false,"template":"","format":"standard","meta":{"footnotes":""},"categories":[3231,2,3239],"tags":[567],"class_list":["post-35036","post","type-post","status-publish","format-standard","has-post-thumbnail","hentry","category-bergers-schlagerparadies","category-schlager","category-telamo","tag-anna-carina-woitschack","wpcat-3231-id","wpcat-2-id","wpcat-3239-id"],"_links":{"self":[{"href":"https:\/\/bergers-schlagerparadies.de\/index.php?rest_route=\/wp\/v2\/posts\/35036","targetHints":{"allow":["GET"]}}],"collection":[{"href":"https:\/\/bergers-schlagerparadies.de\/index.php?rest_route=\/wp\/v2\/posts"}],"about":[{"href":"https:\/\/bergers-schlagerparadies.de\/index.php?rest_route=\/wp\/v2\/types\/post"}],"author":[{"embeddable":true,"href":"https:\/\/bergers-schlagerparadies.de\/index.php?rest_route=\/wp\/v2\/users\/1"}],"replies":[{"embeddable":true,"href":"https:\/\/bergers-schlagerparadies.de\/index.php?rest_route=%2Fwp%2Fv2%2Fcomments&post=35036"}],"version-history":[{"count":2,"href":"https:\/\/bergers-schlagerparadies.de\/index.php?rest_route=\/wp\/v2\/posts\/35036\/revisions"}],"predecessor-version":[{"id":35040,"href":"https:\/\/bergers-schlagerparadies.de\/index.php?rest_route=\/wp\/v2\/posts\/35036\/revisions\/35040"}],"wp:featuredmedia":[{"embeddable":true,"href":"https:\/\/bergers-schlagerparadies.de\/index.php?rest_route=\/wp\/v2\/media\/35037"}],"wp:attachment":[{"href":"https:\/\/bergers-schlagerparadies.de\/index.php?rest_route=%2Fwp%2Fv2%2Fmedia&parent=35036"}],"wp:term":[{"taxonomy":"category","embeddable":true,"href":"https:\/\/bergers-schlagerparadies.de\/index.php?rest_route=%2Fwp%2Fv2%2Fcategories&post=35036"},{"taxonomy":"post_tag","embeddable":true,"href":"https:\/\/bergers-schlagerparadies.de\/index.php?rest_route=%2Fwp%2Fv2%2Ftags&post=35036"}],"curies":[{"name":"wp","href":"https:\/\/api.w.org\/{rel}","templated":true}]}}