{"id":35024,"date":"2025-05-19T10:30:13","date_gmt":"2025-05-19T08:30:13","guid":{"rendered":"https:\/\/bergers-schlagerparadies.de\/?p=35024"},"modified":"2025-05-09T10:55:18","modified_gmt":"2025-05-09T08:55:18","slug":"seelenverwandt-leb-den-moment-%c2%b7-bergers-schlagerparadies","status":"publish","type":"post","link":"https:\/\/bergers-schlagerparadies.de\/?p=35024","title":{"rendered":"Seelenverwandt &#8211; Leb den Moment \u00b7 Berger\u00b4s Schlagerparadies"},"content":{"rendered":"<p><img loading=\"lazy\" decoding=\"async\" class=\"size-medium wp-image-35025 alignleft\" src=\"https:\/\/bergers-schlagerparadies.de\/wp-content\/uploads\/2025\/05\/Seelenverwandt-Leb-den-Moment-300x300.jpg\" alt=\"\" width=\"300\" height=\"300\" srcset=\"https:\/\/bergers-schlagerparadies.de\/wp-content\/uploads\/2025\/05\/Seelenverwandt-Leb-den-Moment-300x300.jpg 300w, https:\/\/bergers-schlagerparadies.de\/wp-content\/uploads\/2025\/05\/Seelenverwandt-Leb-den-Moment-1024x1024.jpg 1024w, https:\/\/bergers-schlagerparadies.de\/wp-content\/uploads\/2025\/05\/Seelenverwandt-Leb-den-Moment-150x150.jpg 150w, https:\/\/bergers-schlagerparadies.de\/wp-content\/uploads\/2025\/05\/Seelenverwandt-Leb-den-Moment-768x768.jpg 768w, https:\/\/bergers-schlagerparadies.de\/wp-content\/uploads\/2025\/05\/Seelenverwandt-Leb-den-Moment-1188x1188.jpg 1188w, https:\/\/bergers-schlagerparadies.de\/wp-content\/uploads\/2025\/05\/Seelenverwandt-Leb-den-Moment-100x100.jpg 100w, https:\/\/bergers-schlagerparadies.de\/wp-content\/uploads\/2025\/05\/Seelenverwandt-Leb-den-Moment.jpg 1200w\" sizes=\"auto, (max-width: 300px) 100vw, 300px\" \/>Mit ihrer neuen Single ,LEB DEN MOMENT\u2019 setzen Seelenverwandt, das Top-Woman-Duo bestehend aus Lilly Kristin und Tina Anders ein kraftvolles Zeichen f\u00fcr Lebensfreude, Mut, emotionale Tiefe und verspricht, das Lebensgef\u00fchl einer ganzen Generation auf den Punkt zu bringen.<br \/>\n,LEB DEN MOMENT\u2019 ist ein mitrei\u00dfende Eigenkomposition, der beiden bekannten K\u00fcnstlerinnen, um mit Leichtigkeit in den Sommer zu starten! Das Lied erinnert daran, wie kostbar jeder einzelne Augenblick ist. Mit klarer Botschaft und eing\u00e4ngigem Refrain motiviert der Titel dazu, das Leben in vollen Z\u00fcgen zu genie\u00dfen \u2013 ohne Reue, ohne Angst, aber mit offenem Herzen. Die zwei Stimmen von Seelenverwandt verschmelzen dabei erneut zu einer ber\u00fchrenden Einheit, die direkt ins Herz trifft.<\/p>\n<p><span style=\"color: #800000;\"><strong>Quelle: Stella musica<\/strong><\/span><\/p>\n<p><span style=\"color: #800000;\"><strong>Dieser Song ist ab dem 23.05.2025 auf allen Download- und Streaming-Portalen erh\u00e4ltlich.\u00a0<\/strong><\/span><\/p>\n<p><span style=\"color: #800000;\"><strong>Airdate (f\u00fcr Radiosender): 23.05.2025<\/strong><\/span><\/p>\n","protected":false},"excerpt":{"rendered":"<p>Mit ihrer neuen Single ,LEB DEN MOMENT\u2019 setzen Seelenverwandt, das Top-Woman-Duo bestehend aus Lilly Kristin und Tina Anders ein kraftvolles Zeichen f\u00fcr Lebensfreude, Mut, emotionale Tiefe und verspricht, das Lebensgef\u00fchl einer ganzen Generation auf den Punkt zu bringen. ,LEB DEN MOMENT\u2019 ist ein mitrei\u00dfende Eigenkomposition, der beiden bekannten K\u00fcnstlerinnen, um mit Leichtigkeit in den Sommer zu starten! Das Lied erinnert daran, wie kostbar jeder einzelne Augenblick ist. Mit klarer Botschaft und eing\u00e4ngigem Refrain motiviert der Titel dazu, das Leben in vollen Z\u00fcgen zu genie\u00dfen \u2013 ohne Reue, ohne Angst, aber mit offenem Herzen. Die zwei Stimmen von Seelenverwandt verschmelzen dabei erneut zu einer ber\u00fchrenden Einheit,&#8230;<\/p>\n","protected":false},"author":1,"featured_media":35025,"comment_status":"open","ping_status":"open","sticky":false,"template":"","format":"standard","meta":{"footnotes":""},"categories":[3231,3511,3298,3486],"tags":[2388],"class_list":["post-35024","post","type-post","status-publish","format-standard","has-post-thumbnail","hentry","category-bergers-schlagerparadies","category-liedermacher","category-pop-deutschsprachig","category-stella-musica","tag-seelenverwandt","wpcat-3231-id","wpcat-3511-id","wpcat-3298-id","wpcat-3486-id"],"_links":{"self":[{"href":"https:\/\/bergers-schlagerparadies.de\/index.php?rest_route=\/wp\/v2\/posts\/35024","targetHints":{"allow":["GET"]}}],"collection":[{"href":"https:\/\/bergers-schlagerparadies.de\/index.php?rest_route=\/wp\/v2\/posts"}],"about":[{"href":"https:\/\/bergers-schlagerparadies.de\/index.php?rest_route=\/wp\/v2\/types\/post"}],"author":[{"embeddable":true,"href":"https:\/\/bergers-schlagerparadies.de\/index.php?rest_route=\/wp\/v2\/users\/1"}],"replies":[{"embeddable":true,"href":"https:\/\/bergers-schlagerparadies.de\/index.php?rest_route=%2Fwp%2Fv2%2Fcomments&post=35024"}],"version-history":[{"count":1,"href":"https:\/\/bergers-schlagerparadies.de\/index.php?rest_route=\/wp\/v2\/posts\/35024\/revisions"}],"predecessor-version":[{"id":35026,"href":"https:\/\/bergers-schlagerparadies.de\/index.php?rest_route=\/wp\/v2\/posts\/35024\/revisions\/35026"}],"wp:featuredmedia":[{"embeddable":true,"href":"https:\/\/bergers-schlagerparadies.de\/index.php?rest_route=\/wp\/v2\/media\/35025"}],"wp:attachment":[{"href":"https:\/\/bergers-schlagerparadies.de\/index.php?rest_route=%2Fwp%2Fv2%2Fmedia&parent=35024"}],"wp:term":[{"taxonomy":"category","embeddable":true,"href":"https:\/\/bergers-schlagerparadies.de\/index.php?rest_route=%2Fwp%2Fv2%2Fcategories&post=35024"},{"taxonomy":"post_tag","embeddable":true,"href":"https:\/\/bergers-schlagerparadies.de\/index.php?rest_route=%2Fwp%2Fv2%2Ftags&post=35024"}],"curies":[{"name":"wp","href":"https:\/\/api.w.org\/{rel}","templated":true}]}}