{"id":34932,"date":"2025-05-06T16:30:52","date_gmt":"2025-05-06T14:30:52","guid":{"rendered":"https:\/\/bergers-schlagerparadies.de\/?p=34932"},"modified":"2025-05-06T16:30:52","modified_gmt":"2025-05-06T14:30:52","slug":"susan-ebrahimi-gesichter-%c2%b7-bergers-schlagerparadies","status":"publish","type":"post","link":"https:\/\/bergers-schlagerparadies.de\/?p=34932","title":{"rendered":"Susan Ebrahimi &#8211; Gesichter \u00b7 Berger\u00b4s Schlagerparadies"},"content":{"rendered":"<p><img loading=\"lazy\" decoding=\"async\" class=\"size-medium wp-image-34933 alignleft\" src=\"https:\/\/bergers-schlagerparadies.de\/wp-content\/uploads\/2025\/05\/Susan-Ebrahimi-Gesichter-300x300.jpg\" alt=\"\" width=\"300\" height=\"300\" srcset=\"https:\/\/bergers-schlagerparadies.de\/wp-content\/uploads\/2025\/05\/Susan-Ebrahimi-Gesichter-300x300.jpg 300w, https:\/\/bergers-schlagerparadies.de\/wp-content\/uploads\/2025\/05\/Susan-Ebrahimi-Gesichter-1024x1024.jpg 1024w, https:\/\/bergers-schlagerparadies.de\/wp-content\/uploads\/2025\/05\/Susan-Ebrahimi-Gesichter-150x150.jpg 150w, https:\/\/bergers-schlagerparadies.de\/wp-content\/uploads\/2025\/05\/Susan-Ebrahimi-Gesichter-768x768.jpg 768w, https:\/\/bergers-schlagerparadies.de\/wp-content\/uploads\/2025\/05\/Susan-Ebrahimi-Gesichter-1536x1536.jpg 1536w, https:\/\/bergers-schlagerparadies.de\/wp-content\/uploads\/2025\/05\/Susan-Ebrahimi-Gesichter-2048x2048.jpg 2048w, https:\/\/bergers-schlagerparadies.de\/wp-content\/uploads\/2025\/05\/Susan-Ebrahimi-Gesichter-1200x1200.jpg 1200w, https:\/\/bergers-schlagerparadies.de\/wp-content\/uploads\/2025\/05\/Susan-Ebrahimi-Gesichter-1188x1188.jpg 1188w, https:\/\/bergers-schlagerparadies.de\/wp-content\/uploads\/2025\/05\/Susan-Ebrahimi-Gesichter-100x100.jpg 100w\" sizes=\"auto, (max-width: 300px) 100vw, 300px\" \/>S\u00e4ngerin, Texterin, Labelchefin \u2013 Susan Ebrahimi ist eine Frau mit vielen \u201cGesichtern\u201d. Passenderweise tr\u00e4gt ihre aktuelle Single genau diesen Titel. Schon das Cover verr\u00e4t auf den ersten Blick die beeindruckende optische Wandlungsf\u00e4higkeit dieser vielseitigen K\u00fcnstlerin.<\/p>\n<p>Doch nicht nur visuell, sondern auch musikalisch beweist sie seit Jahren ihre Vielseitigkeit mit zahlreichen Charterfolgen.<\/p>\n<p>Willy Kl\u00fcter und Manfred Hochholzer haben erneut ganze Arbeit geleistet und eine f\u00fcr Susan typische Melodie komponiert, die es ihr erlaubt, stimmlich in Moll und Melancholie zu schwelgen und gleichzeitig eine positive, fast philosophische Botschaft zu vermitteln.<\/p>\n<p>Der Songtext von\u00a0<em>Gesichter<\/em>\u00a0beschreibt die Vielfalt und Sch\u00f6nheit menschlicher Geschichten, die sich in individuellen Gesichtern widerspiegeln. Jedes Gesicht ist auf seine Weise einzigartig und ausdrucksstark \u2013 gezeichnet von Freude, Trauer, St\u00e4rke und Zerbrechlichkeit. Unabh\u00e4ngig davon, ob die Menschen vom Leben gek\u00fcsst oder vom Schicksal gezeichnet sind, tragen sie Geschichten voller Mut, Menschlichkeit und Dankbarkeit in sich.<br \/>\nMit ihren einf\u00fchlsamen Worten vermittelt Susan eine Botschaft der Wertsch\u00e4tzung und Anerkennung f\u00fcr die pers\u00f6nliche Lebensreise jedes Einzelnen und feiert damit die bunte Vielfalt des menschlichen Daseins.<\/p>\n<p><em>Gesichter<\/em>\u00a0ist die letzte Auskopplung aus dem gleichnamigen Album \u2013 und es bleibt spannend, welche neuen Gesichter und Geschichten Susan Ebrahimi in Zukunft pr\u00e4sentieren wird.<\/p>\n<p><span style=\"color: #800000;\"><strong>Quelle: KLONDIKE Records &amp; Songs<\/strong><\/span><\/p>\n<p><span style=\"color: #800000;\"><strong>Dieser Song ist ab dem 09.05.2025 auf allen Download- und Streaming-Portalen erh\u00e4ltlich.\u00a0<\/strong><\/span><\/p>\n<p><span style=\"color: #800000;\"><strong>Airdate (f\u00fcr Radiosender): 09.05.2025<\/strong><\/span><\/p>\n","protected":false},"excerpt":{"rendered":"<p>S\u00e4ngerin, Texterin, Labelchefin \u2013 Susan Ebrahimi ist eine Frau mit vielen \u201cGesichtern\u201d. Passenderweise tr\u00e4gt ihre aktuelle Single genau diesen Titel. Schon das Cover verr\u00e4t auf den ersten Blick die beeindruckende optische Wandlungsf\u00e4higkeit dieser vielseitigen K\u00fcnstlerin. Doch nicht nur visuell, sondern auch musikalisch beweist sie seit Jahren ihre Vielseitigkeit mit zahlreichen Charterfolgen. Willy Kl\u00fcter und Manfred Hochholzer haben erneut ganze Arbeit geleistet und eine f\u00fcr Susan typische Melodie komponiert, die es ihr erlaubt, stimmlich in Moll und Melancholie zu schwelgen und gleichzeitig eine positive, fast philosophische Botschaft zu vermitteln. Der Songtext von\u00a0Gesichter\u00a0beschreibt die Vielfalt und Sch\u00f6nheit menschlicher Geschichten, die sich in individuellen Gesichtern widerspiegeln. Jedes Gesicht&#8230;<\/p>\n","protected":false},"author":1,"featured_media":34933,"comment_status":"open","ping_status":"open","sticky":false,"template":"","format":"standard","meta":{"footnotes":""},"categories":[3231,3437,2],"tags":[807],"class_list":["post-34932","post","type-post","status-publish","format-standard","has-post-thumbnail","hentry","category-bergers-schlagerparadies","category-klondike-records-songs","category-schlager","tag-susan-ebrahimi","wpcat-3231-id","wpcat-3437-id","wpcat-2-id"],"_links":{"self":[{"href":"https:\/\/bergers-schlagerparadies.de\/index.php?rest_route=\/wp\/v2\/posts\/34932","targetHints":{"allow":["GET"]}}],"collection":[{"href":"https:\/\/bergers-schlagerparadies.de\/index.php?rest_route=\/wp\/v2\/posts"}],"about":[{"href":"https:\/\/bergers-schlagerparadies.de\/index.php?rest_route=\/wp\/v2\/types\/post"}],"author":[{"embeddable":true,"href":"https:\/\/bergers-schlagerparadies.de\/index.php?rest_route=\/wp\/v2\/users\/1"}],"replies":[{"embeddable":true,"href":"https:\/\/bergers-schlagerparadies.de\/index.php?rest_route=%2Fwp%2Fv2%2Fcomments&post=34932"}],"version-history":[{"count":1,"href":"https:\/\/bergers-schlagerparadies.de\/index.php?rest_route=\/wp\/v2\/posts\/34932\/revisions"}],"predecessor-version":[{"id":34934,"href":"https:\/\/bergers-schlagerparadies.de\/index.php?rest_route=\/wp\/v2\/posts\/34932\/revisions\/34934"}],"wp:featuredmedia":[{"embeddable":true,"href":"https:\/\/bergers-schlagerparadies.de\/index.php?rest_route=\/wp\/v2\/media\/34933"}],"wp:attachment":[{"href":"https:\/\/bergers-schlagerparadies.de\/index.php?rest_route=%2Fwp%2Fv2%2Fmedia&parent=34932"}],"wp:term":[{"taxonomy":"category","embeddable":true,"href":"https:\/\/bergers-schlagerparadies.de\/index.php?rest_route=%2Fwp%2Fv2%2Fcategories&post=34932"},{"taxonomy":"post_tag","embeddable":true,"href":"https:\/\/bergers-schlagerparadies.de\/index.php?rest_route=%2Fwp%2Fv2%2Ftags&post=34932"}],"curies":[{"name":"wp","href":"https:\/\/api.w.org\/{rel}","templated":true}]}}