{"id":34928,"date":"2025-05-06T12:04:10","date_gmt":"2025-05-06T10:04:10","guid":{"rendered":"https:\/\/bergers-schlagerparadies.de\/?p=34928"},"modified":"2025-05-06T12:04:10","modified_gmt":"2025-05-06T10:04:10","slug":"andrea-berg-wir-sehen-uns-%c2%b7-bergers-schlagerparadies","status":"publish","type":"post","link":"https:\/\/bergers-schlagerparadies.de\/?p=34928","title":{"rendered":"Andrea Berg &#8211; Wir sehen uns \u00b7 Berger\u00b4s Schlagerparadies"},"content":{"rendered":"<p><img loading=\"lazy\" decoding=\"async\" class=\"size-medium wp-image-34929 alignleft\" src=\"https:\/\/bergers-schlagerparadies.de\/wp-content\/uploads\/2025\/05\/Andrea-Berg-Wir-sehen-uns-300x300.jpg\" alt=\"\" width=\"300\" height=\"300\" srcset=\"https:\/\/bergers-schlagerparadies.de\/wp-content\/uploads\/2025\/05\/Andrea-Berg-Wir-sehen-uns-300x300.jpg 300w, https:\/\/bergers-schlagerparadies.de\/wp-content\/uploads\/2025\/05\/Andrea-Berg-Wir-sehen-uns-1024x1024.jpg 1024w, https:\/\/bergers-schlagerparadies.de\/wp-content\/uploads\/2025\/05\/Andrea-Berg-Wir-sehen-uns-150x150.jpg 150w, https:\/\/bergers-schlagerparadies.de\/wp-content\/uploads\/2025\/05\/Andrea-Berg-Wir-sehen-uns-768x768.jpg 768w, https:\/\/bergers-schlagerparadies.de\/wp-content\/uploads\/2025\/05\/Andrea-Berg-Wir-sehen-uns-1536x1536.jpg 1536w, https:\/\/bergers-schlagerparadies.de\/wp-content\/uploads\/2025\/05\/Andrea-Berg-Wir-sehen-uns-2048x2048.jpg 2048w, https:\/\/bergers-schlagerparadies.de\/wp-content\/uploads\/2025\/05\/Andrea-Berg-Wir-sehen-uns-1200x1200.jpg 1200w, https:\/\/bergers-schlagerparadies.de\/wp-content\/uploads\/2025\/05\/Andrea-Berg-Wir-sehen-uns-1188x1188.jpg 1188w, https:\/\/bergers-schlagerparadies.de\/wp-content\/uploads\/2025\/05\/Andrea-Berg-Wir-sehen-uns-100x100.jpg 100w\" sizes=\"auto, (max-width: 300px) 100vw, 300px\" \/>Mit \u201eWir sehen uns\u201c liefert Andrea Berg einen ersten Vorgeschmack auf ihr neues Live Album \u201eAndrea Berg Live \u2013 Die Tournee 2025\u201c: Die neue Single der Ausnahmek\u00fcnstlerin<br \/>\nist als Bonustrack auf dem Album enthalten, das Mitte Juni ver\u00f6ffentlicht wird und bereits<br \/>\nunter www.andrea-berg.de sowie bei allen H\u00e4ndlern mit Presale-Service vorbestellt<br \/>\nwerden kann. Bereits ab 2. Mai ist die Single bei allen g\u00e4ngigen Streaming- und<br \/>\nDownloadportalen verf\u00fcgbar.<br \/>\n\u201eWir sehen uns heute Nacht, denn Tr\u00e4umer bleiben wach. Da, wo das Licht noch brennt, ersp\u00fcrn<br \/>\nwir den Moment, der alles anders macht\u201c. Die musikalische Botschaft von Andrea Berg an ihre Fans<br \/>\nist deutlich: Lasst uns den Moment im Hier und Jetzt genie\u00dfen und nichts aufschieben!<\/p>\n<p><span style=\"color: #800000;\"><strong>Quelle: SMD\/ Bergrecords distributed by Sony Music<\/strong><\/span><\/p>\n<p><span style=\"color: #800000;\"><strong>Dieser Song ist ab dem 05.05.2025 auf allen Download- und Streaming-Portalen erh\u00e4ltlich.\u00a0<\/strong><\/span><\/p>\n<p><span style=\"color: #800000;\"><strong>Airdate (f\u00fcr Radiosender): 02.05.2025<\/strong><\/span><\/p>\n","protected":false},"excerpt":{"rendered":"<p>Mit \u201eWir sehen uns\u201c liefert Andrea Berg einen ersten Vorgeschmack auf ihr neues Live Album \u201eAndrea Berg Live \u2013 Die Tournee 2025\u201c: Die neue Single der Ausnahmek\u00fcnstlerin ist als Bonustrack auf dem Album enthalten, das Mitte Juni ver\u00f6ffentlicht wird und bereits unter www.andrea-berg.de sowie bei allen H\u00e4ndlern mit Presale-Service vorbestellt werden kann. Bereits ab 2. Mai ist die Single bei allen g\u00e4ngigen Streaming- und Downloadportalen verf\u00fcgbar. \u201eWir sehen uns heute Nacht, denn Tr\u00e4umer bleiben wach. Da, wo das Licht noch brennt, ersp\u00fcrn wir den Moment, der alles anders macht\u201c. Die musikalische Botschaft von Andrea Berg an ihre Fans ist deutlich: Lasst uns den Moment im&#8230;<\/p>\n","protected":false},"author":1,"featured_media":34929,"comment_status":"open","ping_status":"open","sticky":false,"template":"","format":"standard","meta":{"footnotes":""},"categories":[3231,2,3911],"tags":[363],"class_list":["post-34928","post","type-post","status-publish","format-standard","has-post-thumbnail","hentry","category-bergers-schlagerparadies","category-schlager","category-smd-bergrecords-distributed-by-sony-music","tag-andrea-berg","wpcat-3231-id","wpcat-2-id","wpcat-3911-id"],"_links":{"self":[{"href":"https:\/\/bergers-schlagerparadies.de\/index.php?rest_route=\/wp\/v2\/posts\/34928","targetHints":{"allow":["GET"]}}],"collection":[{"href":"https:\/\/bergers-schlagerparadies.de\/index.php?rest_route=\/wp\/v2\/posts"}],"about":[{"href":"https:\/\/bergers-schlagerparadies.de\/index.php?rest_route=\/wp\/v2\/types\/post"}],"author":[{"embeddable":true,"href":"https:\/\/bergers-schlagerparadies.de\/index.php?rest_route=\/wp\/v2\/users\/1"}],"replies":[{"embeddable":true,"href":"https:\/\/bergers-schlagerparadies.de\/index.php?rest_route=%2Fwp%2Fv2%2Fcomments&post=34928"}],"version-history":[{"count":1,"href":"https:\/\/bergers-schlagerparadies.de\/index.php?rest_route=\/wp\/v2\/posts\/34928\/revisions"}],"predecessor-version":[{"id":34930,"href":"https:\/\/bergers-schlagerparadies.de\/index.php?rest_route=\/wp\/v2\/posts\/34928\/revisions\/34930"}],"wp:featuredmedia":[{"embeddable":true,"href":"https:\/\/bergers-schlagerparadies.de\/index.php?rest_route=\/wp\/v2\/media\/34929"}],"wp:attachment":[{"href":"https:\/\/bergers-schlagerparadies.de\/index.php?rest_route=%2Fwp%2Fv2%2Fmedia&parent=34928"}],"wp:term":[{"taxonomy":"category","embeddable":true,"href":"https:\/\/bergers-schlagerparadies.de\/index.php?rest_route=%2Fwp%2Fv2%2Fcategories&post=34928"},{"taxonomy":"post_tag","embeddable":true,"href":"https:\/\/bergers-schlagerparadies.de\/index.php?rest_route=%2Fwp%2Fv2%2Ftags&post=34928"}],"curies":[{"name":"wp","href":"https:\/\/api.w.org\/{rel}","templated":true}]}}