{"id":34827,"date":"2025-05-02T14:02:20","date_gmt":"2025-05-02T12:02:20","guid":{"rendered":"https:\/\/bergers-schlagerparadies.de\/?p=34827"},"modified":"2025-05-02T14:02:20","modified_gmt":"2025-05-02T12:02:20","slug":"pascal-bornkessel-mallorca-lebt-%c2%b7-bergers-schlagerparadies","status":"publish","type":"post","link":"https:\/\/bergers-schlagerparadies.de\/?p=34827","title":{"rendered":"Pascal Bornkessel &#8211; Mallorca lebt \u00b7 Berger\u00b4s Schlagerparadies"},"content":{"rendered":"<p><img loading=\"lazy\" decoding=\"async\" class=\"size-medium wp-image-34828 alignleft\" src=\"https:\/\/bergers-schlagerparadies.de\/wp-content\/uploads\/2025\/05\/Pascal-Bornkessel-Mallorca-lebt-300x300.jpg\" alt=\"\" width=\"300\" height=\"300\" srcset=\"https:\/\/bergers-schlagerparadies.de\/wp-content\/uploads\/2025\/05\/Pascal-Bornkessel-Mallorca-lebt-300x300.jpg 300w, https:\/\/bergers-schlagerparadies.de\/wp-content\/uploads\/2025\/05\/Pascal-Bornkessel-Mallorca-lebt-1024x1024.jpg 1024w, https:\/\/bergers-schlagerparadies.de\/wp-content\/uploads\/2025\/05\/Pascal-Bornkessel-Mallorca-lebt-150x150.jpg 150w, https:\/\/bergers-schlagerparadies.de\/wp-content\/uploads\/2025\/05\/Pascal-Bornkessel-Mallorca-lebt-768x768.jpg 768w, https:\/\/bergers-schlagerparadies.de\/wp-content\/uploads\/2025\/05\/Pascal-Bornkessel-Mallorca-lebt-1536x1536.jpg 1536w, https:\/\/bergers-schlagerparadies.de\/wp-content\/uploads\/2025\/05\/Pascal-Bornkessel-Mallorca-lebt-2048x2048.jpg 2048w, https:\/\/bergers-schlagerparadies.de\/wp-content\/uploads\/2025\/05\/Pascal-Bornkessel-Mallorca-lebt-1200x1200.jpg 1200w, https:\/\/bergers-schlagerparadies.de\/wp-content\/uploads\/2025\/05\/Pascal-Bornkessel-Mallorca-lebt-1188x1188.jpg 1188w, https:\/\/bergers-schlagerparadies.de\/wp-content\/uploads\/2025\/05\/Pascal-Bornkessel-Mallorca-lebt-100x100.jpg 100w\" sizes=\"auto, (max-width: 300px) 100vw, 300px\" \/>Pascal Bornkessel ver\u00f6ffentlicht seine neue Single \u201eMallorca lebt\u201c \u2013 begleitet von einem stimmungsvollen Musikvideo auf YouTube.<\/p>\n<p>Pascal Bornkessel ist ein vielseitiger K\u00fcnstler: Schauspieler, S\u00e4nger, Autor und Dozent f\u00fcr Entspannungskurse \u2013 und immer auf der Suche nach neuen Wegen, seine Leidenschaft auszudr\u00fccken. Mit \u201eMallorca lebt\u201c bringt er seine Liebe zur Musik zum Ausdruck und liefert einen Song, der pure Lebensfreude verspr\u00fcht, Urlaubsgef\u00fchle weckt und beste Partystimmung garantiert.<\/p>\n<p>Musikalisch orientiert sich \u201eMallorca lebt\u201c am Stil der bekannten Ballermann-Hits: eing\u00e4ngig, mitrei\u00dfend und voller Energie \u2013 perfekt als Soundtrack f\u00fcr die kommende Partysaison.<\/p>\n<p>Besonders am Herzen liegt Pascal Bornkessel auch eine Botschaft: Als erster offen schwuler Ballermann-S\u00e4nger m\u00f6chte er auf Mallorca auftreten und damit ein klares Zeichen f\u00fcr Vielfalt, Toleranz und Lebensfreude setzen. Ein pers\u00f6nlicher Traum w\u00e4re es f\u00fcr ihn, seinen Song direkt am Ballermann live erleben zu d\u00fcrfen.<\/p>\n<p>Mit seiner offenen Art, seinem positiven Lebensgef\u00fchl und einem ansteckenden Sound bringt Pascal Bornkessel Sommerstimmung in jede Playlist. \u201eMallorca lebt\u201c \u2013 ein Song, der zum Feiern einl\u00e4dt und einfach gute Laune macht!<\/p>\n<p><span style=\"color: #800000;\"><strong>Quelle: Fiesta Records<\/strong><\/span><\/p>\n<p><span style=\"color: #800000;\"><strong>Dieser Song ist ab dem 02.05.2025 auf allen Download- und Streaming-Portalen erh\u00e4ltlich.\u00a0<\/strong><\/span><\/p>\n<p><span style=\"color: #800000;\"><strong>Airdate (f\u00fcr Radiosender): 02.05.2025<\/strong><\/span><\/p>\n","protected":false},"excerpt":{"rendered":"<p>Pascal Bornkessel ver\u00f6ffentlicht seine neue Single \u201eMallorca lebt\u201c \u2013 begleitet von einem stimmungsvollen Musikvideo auf YouTube. Pascal Bornkessel ist ein vielseitiger K\u00fcnstler: Schauspieler, S\u00e4nger, Autor und Dozent f\u00fcr Entspannungskurse \u2013 und immer auf der Suche nach neuen Wegen, seine Leidenschaft auszudr\u00fccken. Mit \u201eMallorca lebt\u201c bringt er seine Liebe zur Musik zum Ausdruck und liefert einen Song, der pure Lebensfreude verspr\u00fcht, Urlaubsgef\u00fchle weckt und beste Partystimmung garantiert. Musikalisch orientiert sich \u201eMallorca lebt\u201c am Stil der bekannten Ballermann-Hits: eing\u00e4ngig, mitrei\u00dfend und voller Energie \u2013 perfekt als Soundtrack f\u00fcr die kommende Partysaison. Besonders am Herzen liegt Pascal Bornkessel auch eine Botschaft: Als erster offen schwuler Ballermann-S\u00e4nger m\u00f6chte er&#8230;<\/p>\n","protected":false},"author":1,"featured_media":34828,"comment_status":"open","ping_status":"open","sticky":false,"template":"","format":"standard","meta":{"footnotes":""},"categories":[3231,3232,3298],"tags":[1379],"class_list":["post-34827","post","type-post","status-publish","format-standard","has-post-thumbnail","hentry","category-bergers-schlagerparadies","category-fiesta-records","category-pop-deutschsprachig","tag-pascal-bornkessel","wpcat-3231-id","wpcat-3232-id","wpcat-3298-id"],"_links":{"self":[{"href":"https:\/\/bergers-schlagerparadies.de\/index.php?rest_route=\/wp\/v2\/posts\/34827","targetHints":{"allow":["GET"]}}],"collection":[{"href":"https:\/\/bergers-schlagerparadies.de\/index.php?rest_route=\/wp\/v2\/posts"}],"about":[{"href":"https:\/\/bergers-schlagerparadies.de\/index.php?rest_route=\/wp\/v2\/types\/post"}],"author":[{"embeddable":true,"href":"https:\/\/bergers-schlagerparadies.de\/index.php?rest_route=\/wp\/v2\/users\/1"}],"replies":[{"embeddable":true,"href":"https:\/\/bergers-schlagerparadies.de\/index.php?rest_route=%2Fwp%2Fv2%2Fcomments&post=34827"}],"version-history":[{"count":1,"href":"https:\/\/bergers-schlagerparadies.de\/index.php?rest_route=\/wp\/v2\/posts\/34827\/revisions"}],"predecessor-version":[{"id":34829,"href":"https:\/\/bergers-schlagerparadies.de\/index.php?rest_route=\/wp\/v2\/posts\/34827\/revisions\/34829"}],"wp:featuredmedia":[{"embeddable":true,"href":"https:\/\/bergers-schlagerparadies.de\/index.php?rest_route=\/wp\/v2\/media\/34828"}],"wp:attachment":[{"href":"https:\/\/bergers-schlagerparadies.de\/index.php?rest_route=%2Fwp%2Fv2%2Fmedia&parent=34827"}],"wp:term":[{"taxonomy":"category","embeddable":true,"href":"https:\/\/bergers-schlagerparadies.de\/index.php?rest_route=%2Fwp%2Fv2%2Fcategories&post=34827"},{"taxonomy":"post_tag","embeddable":true,"href":"https:\/\/bergers-schlagerparadies.de\/index.php?rest_route=%2Fwp%2Fv2%2Ftags&post=34827"}],"curies":[{"name":"wp","href":"https:\/\/api.w.org\/{rel}","templated":true}]}}