{"id":34797,"date":"2025-05-01T21:33:41","date_gmt":"2025-05-01T19:33:41","guid":{"rendered":"https:\/\/bergers-schlagerparadies.de\/?p=34797"},"modified":"2025-05-01T21:33:41","modified_gmt":"2025-05-01T19:33:41","slug":"alex-engel-palma-de-mallorca-2025-radio-mix-%c2%b7-bergers-schlagerparadies","status":"publish","type":"post","link":"https:\/\/bergers-schlagerparadies.de\/?p=34797","title":{"rendered":"Alex Engel &#8211; Palma de Mallorca (2025 Radio Mix) \u00b7 Berger\u00b4s Schlagerparadies"},"content":{"rendered":"<p><img loading=\"lazy\" decoding=\"async\" class=\"size-medium wp-image-34798 alignleft\" src=\"https:\/\/bergers-schlagerparadies.de\/wp-content\/uploads\/2025\/05\/Alex-Engel-Palma-de-Mallorca-2025-Radio-Mix-300x300.jpg\" alt=\"\" width=\"300\" height=\"300\" srcset=\"https:\/\/bergers-schlagerparadies.de\/wp-content\/uploads\/2025\/05\/Alex-Engel-Palma-de-Mallorca-2025-Radio-Mix-300x300.jpg 300w, https:\/\/bergers-schlagerparadies.de\/wp-content\/uploads\/2025\/05\/Alex-Engel-Palma-de-Mallorca-2025-Radio-Mix-1024x1024.jpg 1024w, https:\/\/bergers-schlagerparadies.de\/wp-content\/uploads\/2025\/05\/Alex-Engel-Palma-de-Mallorca-2025-Radio-Mix-150x150.jpg 150w, https:\/\/bergers-schlagerparadies.de\/wp-content\/uploads\/2025\/05\/Alex-Engel-Palma-de-Mallorca-2025-Radio-Mix-768x768.jpg 768w, https:\/\/bergers-schlagerparadies.de\/wp-content\/uploads\/2025\/05\/Alex-Engel-Palma-de-Mallorca-2025-Radio-Mix-1536x1536.jpg 1536w, https:\/\/bergers-schlagerparadies.de\/wp-content\/uploads\/2025\/05\/Alex-Engel-Palma-de-Mallorca-2025-Radio-Mix-2048x2048.jpg 2048w, https:\/\/bergers-schlagerparadies.de\/wp-content\/uploads\/2025\/05\/Alex-Engel-Palma-de-Mallorca-2025-Radio-Mix-1200x1200.jpg 1200w, https:\/\/bergers-schlagerparadies.de\/wp-content\/uploads\/2025\/05\/Alex-Engel-Palma-de-Mallorca-2025-Radio-Mix-1188x1188.jpg 1188w, https:\/\/bergers-schlagerparadies.de\/wp-content\/uploads\/2025\/05\/Alex-Engel-Palma-de-Mallorca-2025-Radio-Mix-100x100.jpg 100w\" sizes=\"auto, (max-width: 300px) 100vw, 300px\" \/>Alex Engel bringt \u201ePalma de Mallorca\u201c zur\u00fcck<br \/>\nMallorca Saison startet mit Neuauflage des Sommer-Klassikers<br \/>\nWas w\u00e4re die Partysaison ohne einen echten Klassiker? P\u00fcnktlich zum Start in die Mallorca-Saison 2025 bringt Alex Engel ab dem 25. April ein echtes St\u00fcck Musikgeschichte zur\u00fcck: Der beliebte S\u00e4nger ver\u00f6ffentlicht seine Version von einem der bekanntesten Songs \u00fcber die Insel: \u201ePalma de Mallorca\u201c.<br \/>\n\u201e\u201aPalma de Mallorca\u2018 ist f\u00fcr viele wie eine musikalische Urlaubserinnerung \u2013 und genau dieses Gef\u00fchl m\u00f6chte ich mit meiner Version neu aufleben lassen.\u201c erz\u00e4hlt Alex Engel, Mallorcas meistgebuchter Schlagers\u00e4nger.<br \/>\nDamit kn\u00fcpft Engel nahtlos an das Ende seiner Mallorca-Saison 2024 an. In seinem letztj\u00e4hrigen Song mit DJ Pepi aus der legend\u00e4ren \u201aRutschbahn\u2018 an der Playa de Palma hatte der Musiker sich die alten Zeiten auf der Deutschen liebsten Ferieninsel zur\u00fcck gew\u00fcnscht. Mit der Neuinterpretation des Klassikers von Chris Wolff erweckt er diese nun selber wieder zum Leben.<br \/>\nNormalerweise schreibt der geb\u00fcrtige Berliner die Songs, die er pro Jahr bei \u00fcber 200 Live- Auftritten auf Mallorca, den Kanaren oder in Deutschland, \u00d6sterreich und der Schweiz performt, selbst. Doch \u201ePalma de Mallorca\u201c ist Kult und geh\u00f6rt seit fast vierzig Jahren auf jede gute Mallorca-Playlist. F\u00fcr den Wahlmallorquiner Alex Engel war es daher ein Herzensprojekt, diesem Evergreen neues Leben einzuhauchen \u2013 und ihn mit frischen und modernen Sounds in die heutige Zeit zu \u00fcberf\u00fchren.<br \/>\nProduziert wurde der Song vom renommierten Produzenten Dirk Fiebich mit dem Ziel, bei Live-Auftritten genauso zu z\u00fcnden wie auf der n\u00e4chsten Sommerparty im Garten. Ob an der Playa de Palma, auf Gran Canaria oder in der Apres-Ski-Playlist der Fans \u2013 der Song ist universell einsetzbar und bringt garantiert gute Laune.<br \/>\nAb dem 25. April 2025 ist \u201ePalma de Mallorca\u201c in der neuen Version von Alex Engel auf allen bekannten Musikportalen verf\u00fcgbar.<br \/>\nWer den musikalischen Engel live erleben will, hat in der anstehenden Sommersaison bei zahlreichen Auftritten Gelegenheit dazu \u2013 an vielen angesagten Hotspots auf der gesamten Insel und nat\u00fcrlich auch an der Playa de Palma.<br \/>\nWeitere Infos zu Mallorcas meistgebuchtem Schlagers\u00e4nger Alex Engel und die Termine seiner Live-Auftritte auf der Webseite www.alex-engel.de<\/p>\n<p><span style=\"color: #800000;\"><strong>Quelle: Engel Musik<\/strong><\/span><\/p>\n<p><span style=\"color: #800000;\"><strong>Dieser Song ist ab dem 25.04.2025 auf allen Download- und Streaming-Portalen erh\u00e4ltlich.\u00a0<\/strong><\/span><\/p>\n<p><span style=\"color: #800000;\"><strong>Airdate (f\u00fcr Radiosender): 01.05.2025<\/strong><\/span><\/p>\n","protected":false},"excerpt":{"rendered":"<p>Alex Engel bringt \u201ePalma de Mallorca\u201c zur\u00fcck Mallorca Saison startet mit Neuauflage des Sommer-Klassikers Was w\u00e4re die Partysaison ohne einen echten Klassiker? P\u00fcnktlich zum Start in die Mallorca-Saison 2025 bringt Alex Engel ab dem 25. April ein echtes St\u00fcck Musikgeschichte zur\u00fcck: Der beliebte S\u00e4nger ver\u00f6ffentlicht seine Version von einem der bekanntesten Songs \u00fcber die Insel: \u201ePalma de Mallorca\u201c. \u201e\u201aPalma de Mallorca\u2018 ist f\u00fcr viele wie eine musikalische Urlaubserinnerung \u2013 und genau dieses Gef\u00fchl m\u00f6chte ich mit meiner Version neu aufleben lassen.\u201c erz\u00e4hlt Alex Engel, Mallorcas meistgebuchter Schlagers\u00e4nger. Damit kn\u00fcpft Engel nahtlos an das Ende seiner Mallorca-Saison 2024 an. In seinem letztj\u00e4hrigen Song mit DJ Pepi&#8230;<\/p>\n","protected":false},"author":1,"featured_media":34798,"comment_status":"open","ping_status":"open","sticky":false,"template":"","format":"standard","meta":{"footnotes":""},"categories":[3231,3255,3891,3265],"tags":[40],"class_list":["post-34797","post","type-post","status-publish","format-standard","has-post-thumbnail","hentry","category-bergers-schlagerparadies","category-deutsch","category-engel-musik","category-schlager-party","tag-alex-engel","wpcat-3231-id","wpcat-3255-id","wpcat-3891-id","wpcat-3265-id"],"_links":{"self":[{"href":"https:\/\/bergers-schlagerparadies.de\/index.php?rest_route=\/wp\/v2\/posts\/34797","targetHints":{"allow":["GET"]}}],"collection":[{"href":"https:\/\/bergers-schlagerparadies.de\/index.php?rest_route=\/wp\/v2\/posts"}],"about":[{"href":"https:\/\/bergers-schlagerparadies.de\/index.php?rest_route=\/wp\/v2\/types\/post"}],"author":[{"embeddable":true,"href":"https:\/\/bergers-schlagerparadies.de\/index.php?rest_route=\/wp\/v2\/users\/1"}],"replies":[{"embeddable":true,"href":"https:\/\/bergers-schlagerparadies.de\/index.php?rest_route=%2Fwp%2Fv2%2Fcomments&post=34797"}],"version-history":[{"count":1,"href":"https:\/\/bergers-schlagerparadies.de\/index.php?rest_route=\/wp\/v2\/posts\/34797\/revisions"}],"predecessor-version":[{"id":34799,"href":"https:\/\/bergers-schlagerparadies.de\/index.php?rest_route=\/wp\/v2\/posts\/34797\/revisions\/34799"}],"wp:featuredmedia":[{"embeddable":true,"href":"https:\/\/bergers-schlagerparadies.de\/index.php?rest_route=\/wp\/v2\/media\/34798"}],"wp:attachment":[{"href":"https:\/\/bergers-schlagerparadies.de\/index.php?rest_route=%2Fwp%2Fv2%2Fmedia&parent=34797"}],"wp:term":[{"taxonomy":"category","embeddable":true,"href":"https:\/\/bergers-schlagerparadies.de\/index.php?rest_route=%2Fwp%2Fv2%2Fcategories&post=34797"},{"taxonomy":"post_tag","embeddable":true,"href":"https:\/\/bergers-schlagerparadies.de\/index.php?rest_route=%2Fwp%2Fv2%2Ftags&post=34797"}],"curies":[{"name":"wp","href":"https:\/\/api.w.org\/{rel}","templated":true}]}}