{"id":34703,"date":"2025-04-28T14:28:32","date_gmt":"2025-04-28T12:28:32","guid":{"rendered":"https:\/\/bergers-schlagerparadies.de\/?p=34703"},"modified":"2025-04-28T14:28:52","modified_gmt":"2025-04-28T12:28:52","slug":"die-fantastischen-vier-long-player-on-tour-album-%c2%b7-bergers-schlagerparadies","status":"publish","type":"post","link":"https:\/\/bergers-schlagerparadies.de\/?p=34703","title":{"rendered":"Die Fantastischen Vier &#8211; Long Player On Tour (Album) \u00b7 Berger\u00b4s Schlagerparadies"},"content":{"rendered":"<p><img loading=\"lazy\" decoding=\"async\" class=\"size-medium wp-image-34704 alignleft\" src=\"https:\/\/bergers-schlagerparadies.de\/wp-content\/uploads\/2025\/04\/Die-Fantastischen-Vier-Long-Player-On-Tour-Album-300x300.jpg\" alt=\"\" width=\"300\" height=\"300\" srcset=\"https:\/\/bergers-schlagerparadies.de\/wp-content\/uploads\/2025\/04\/Die-Fantastischen-Vier-Long-Player-On-Tour-Album-300x300.jpg 300w, https:\/\/bergers-schlagerparadies.de\/wp-content\/uploads\/2025\/04\/Die-Fantastischen-Vier-Long-Player-On-Tour-Album-1024x1024.jpg 1024w, https:\/\/bergers-schlagerparadies.de\/wp-content\/uploads\/2025\/04\/Die-Fantastischen-Vier-Long-Player-On-Tour-Album-150x150.jpg 150w, https:\/\/bergers-schlagerparadies.de\/wp-content\/uploads\/2025\/04\/Die-Fantastischen-Vier-Long-Player-On-Tour-Album-768x768.jpg 768w, https:\/\/bergers-schlagerparadies.de\/wp-content\/uploads\/2025\/04\/Die-Fantastischen-Vier-Long-Player-On-Tour-Album-1200x1200.jpg 1200w, https:\/\/bergers-schlagerparadies.de\/wp-content\/uploads\/2025\/04\/Die-Fantastischen-Vier-Long-Player-On-Tour-Album-1188x1188.jpg 1188w, https:\/\/bergers-schlagerparadies.de\/wp-content\/uploads\/2025\/04\/Die-Fantastischen-Vier-Long-Player-On-Tour-Album-100x100.jpg 100w, https:\/\/bergers-schlagerparadies.de\/wp-content\/uploads\/2025\/04\/Die-Fantastischen-Vier-Long-Player-On-Tour-Album.jpg 1280w\" sizes=\"auto, (max-width: 300px) 100vw, 300px\" \/>Die Fantastischen Vier ver\u00f6ffentlichen Live-Album \u201eLong Player On Tour\u201c<br \/>\nV\u00f6 02.05.2025<br \/>\n***Single \u201eAufh\u00f6ren\u201c (Studio Version &amp; Live Version) V\u00f6\/MPN 25.4.25***<\/p>\n<p>Der Mitschnitt des legend\u00e4ren Stuttgart-Konzerts vom 22.12.2024 kommt.<\/p>\n<p>Die Fantastischen Vier melden sich nach kurzer Tourneepause zur\u00fcck: Am 02.Mai 2025 ver\u00f6ffentlichen sie ihr neues Live-Album \u201eLong Player On Tour\u201c.<\/p>\n<p>Der Mitschnitt des legend\u00e4ren Konzerts in Stuttgart, das im Rahmen der gleichnamigen Tournee stattfand, wird als DVD\/Blu-ray-Bundle sowie als 3-fach Langspielplatte erh\u00e4ltlich sein.<\/p>\n<p>Der Single &#8211; Fokustrack \u201eAufh\u00f6ren\u201c wird am 25.April mit einem gro\u00dfartigen Video, welches in Zusammenarbeit mit den troysten Fanta 4 Fans entstanden ist, ver\u00f6ffentlicht.<\/p>\n<p>\u201eDie Stimmung in Stuttgart war einfach unglaublich\u201c, schw\u00e4rmt Thomas D, \u201eEes war ein Abend voller Energie, den wir f\u00fcr die Ewigkeit festhalten wollten.\u201c<\/p>\n<p>\u201eDie &#8218;Long Player On Tour&#8216; war ein voller Erfolg. Die Fantas haben in deutschlandweit in ausverkauften Hallen gespielt und die Fans haben jede Sekunde der Show gefeiert. Das Live-Album ist auch ein Dankesch\u00f6n an alle, die dabei waren!<\/p>\n<p><span style=\"color: #800000;\"><strong>Quelle: Rekord Music and Distribution<\/strong><\/span><\/p>\n<p><span style=\"color: #800000;\"><strong>Dieses Album ist ab dem 02.05.2025 auf allen Download- und Streaming-Portalen erh\u00e4ltlich.\u00a0<\/strong><\/span><\/p>\n<p><span style=\"color: #800000;\"><strong>Airdate (f\u00fcr Radiosender): 02.05.2025<\/strong><\/span><\/p>\n","protected":false},"excerpt":{"rendered":"<p>Die Fantastischen Vier ver\u00f6ffentlichen Live-Album \u201eLong Player On Tour\u201c V\u00f6 02.05.2025 ***Single \u201eAufh\u00f6ren\u201c (Studio Version &amp; Live Version) V\u00f6\/MPN 25.4.25*** Der Mitschnitt des legend\u00e4ren Stuttgart-Konzerts vom 22.12.2024 kommt. Die Fantastischen Vier melden sich nach kurzer Tourneepause zur\u00fcck: Am 02.Mai 2025 ver\u00f6ffentlichen sie ihr neues Live-Album \u201eLong Player On Tour\u201c. Der Mitschnitt des legend\u00e4ren Konzerts in Stuttgart, das im Rahmen der gleichnamigen Tournee stattfand, wird als DVD\/Blu-ray-Bundle sowie als 3-fach Langspielplatte erh\u00e4ltlich sein. Der Single &#8211; Fokustrack \u201eAufh\u00f6ren\u201c wird am 25.April mit einem gro\u00dfartigen Video, welches in Zusammenarbeit mit den troysten Fanta 4 Fans entstanden ist, ver\u00f6ffentlicht. \u201eDie Stimmung in Stuttgart war einfach unglaublich\u201c, schw\u00e4rmt Thomas&#8230;<\/p>\n","protected":false},"author":1,"featured_media":34704,"comment_status":"open","ping_status":"open","sticky":false,"template":"","format":"standard","meta":{"footnotes":""},"categories":[3257,3231,3878,3879],"tags":[3880],"class_list":["post-34703","post","type-post","status-publish","format-standard","has-post-thumbnail","hentry","category-album","category-bergers-schlagerparadies","category-deutschspr-hiphop-rap","category-rekord-music-and-distribution","tag-die-fantastischen-vier","wpcat-3257-id","wpcat-3231-id","wpcat-3878-id","wpcat-3879-id"],"_links":{"self":[{"href":"https:\/\/bergers-schlagerparadies.de\/index.php?rest_route=\/wp\/v2\/posts\/34703","targetHints":{"allow":["GET"]}}],"collection":[{"href":"https:\/\/bergers-schlagerparadies.de\/index.php?rest_route=\/wp\/v2\/posts"}],"about":[{"href":"https:\/\/bergers-schlagerparadies.de\/index.php?rest_route=\/wp\/v2\/types\/post"}],"author":[{"embeddable":true,"href":"https:\/\/bergers-schlagerparadies.de\/index.php?rest_route=\/wp\/v2\/users\/1"}],"replies":[{"embeddable":true,"href":"https:\/\/bergers-schlagerparadies.de\/index.php?rest_route=%2Fwp%2Fv2%2Fcomments&post=34703"}],"version-history":[{"count":1,"href":"https:\/\/bergers-schlagerparadies.de\/index.php?rest_route=\/wp\/v2\/posts\/34703\/revisions"}],"predecessor-version":[{"id":34705,"href":"https:\/\/bergers-schlagerparadies.de\/index.php?rest_route=\/wp\/v2\/posts\/34703\/revisions\/34705"}],"wp:featuredmedia":[{"embeddable":true,"href":"https:\/\/bergers-schlagerparadies.de\/index.php?rest_route=\/wp\/v2\/media\/34704"}],"wp:attachment":[{"href":"https:\/\/bergers-schlagerparadies.de\/index.php?rest_route=%2Fwp%2Fv2%2Fmedia&parent=34703"}],"wp:term":[{"taxonomy":"category","embeddable":true,"href":"https:\/\/bergers-schlagerparadies.de\/index.php?rest_route=%2Fwp%2Fv2%2Fcategories&post=34703"},{"taxonomy":"post_tag","embeddable":true,"href":"https:\/\/bergers-schlagerparadies.de\/index.php?rest_route=%2Fwp%2Fv2%2Ftags&post=34703"}],"curies":[{"name":"wp","href":"https:\/\/api.w.org\/{rel}","templated":true}]}}