{"id":34646,"date":"2025-04-25T14:05:09","date_gmt":"2025-04-25T12:05:09","guid":{"rendered":"https:\/\/bergers-schlagerparadies.de\/?p=34646"},"modified":"2025-04-25T14:05:09","modified_gmt":"2025-04-25T12:05:09","slug":"estefania-kometen-%c2%b7-bergers-schlagerparadies","status":"publish","type":"post","link":"https:\/\/bergers-schlagerparadies.de\/?p=34646","title":{"rendered":"Estefania &#8211; Kometen \u00b7 Berger\u00b4s Schlagerparadies"},"content":{"rendered":"<p><img loading=\"lazy\" decoding=\"async\" class=\"size-medium wp-image-34647 alignleft\" src=\"https:\/\/bergers-schlagerparadies.de\/wp-content\/uploads\/2025\/04\/Estefania-Kometen-300x300.jpg\" alt=\"\" width=\"300\" height=\"300\" srcset=\"https:\/\/bergers-schlagerparadies.de\/wp-content\/uploads\/2025\/04\/Estefania-Kometen-300x300.jpg 300w, https:\/\/bergers-schlagerparadies.de\/wp-content\/uploads\/2025\/04\/Estefania-Kometen-1024x1024.jpg 1024w, https:\/\/bergers-schlagerparadies.de\/wp-content\/uploads\/2025\/04\/Estefania-Kometen-150x150.jpg 150w, https:\/\/bergers-schlagerparadies.de\/wp-content\/uploads\/2025\/04\/Estefania-Kometen-768x768.jpg 768w, https:\/\/bergers-schlagerparadies.de\/wp-content\/uploads\/2025\/04\/Estefania-Kometen-1536x1536.jpg 1536w, https:\/\/bergers-schlagerparadies.de\/wp-content\/uploads\/2025\/04\/Estefania-Kometen-2048x2048.jpg 2048w, https:\/\/bergers-schlagerparadies.de\/wp-content\/uploads\/2025\/04\/Estefania-Kometen-1200x1200.jpg 1200w, https:\/\/bergers-schlagerparadies.de\/wp-content\/uploads\/2025\/04\/Estefania-Kometen-1188x1188.jpg 1188w, https:\/\/bergers-schlagerparadies.de\/wp-content\/uploads\/2025\/04\/Estefania-Kometen-100x100.jpg 100w\" sizes=\"auto, (max-width: 300px) 100vw, 300px\" \/>Estefania startet in 2025 wieder musikalisch durch und pr\u00e4sentiert ihre neue Single.<br \/>\n&#8222;Kometen&#8220; ist ein kraftvolles und emotionales Lied, das die Zuh\u00f6rer auf eine musikalische Reise mitnimmt. Mit eing\u00e4ngigen Melodien und tiefgr\u00fcndigen Texten thematisiert Estefania die Sehnsucht nach Freiheit und die Suche nach dem eigenen Platz im Universum.<br \/>\n\u201eWie Kometen\u201c beschreibt die \u00fcberw\u00e4ltigende Beziehung zwischen zwei Menschen, die sich aufbaut und weit \u00fcber den fl\u00fcchtigen Augenblick hinausgeht. Diese Situation erleben wir in der heutigen Zeit leider viel zu selten.<\/p>\n<p>&nbsp;<\/p>\n<p><span style=\"color: #800000;\"><strong>Quelle: El Cartel Music<\/strong><\/span><\/p>\n<p><span style=\"color: #800000;\"><strong>Dieser Song ist ab dem 25.04.2025 auf allen Download- und Streaming-Portalen erh\u00e4ltlich.\u00a0<\/strong><\/span><\/p>\n<p><span style=\"color: #800000;\"><strong>Airdate (f\u00fcr Radiosender): 25.04.2025<\/strong><\/span><\/p>\n","protected":false},"excerpt":{"rendered":"<p>Estefania startet in 2025 wieder musikalisch durch und pr\u00e4sentiert ihre neue Single. &#8222;Kometen&#8220; ist ein kraftvolles und emotionales Lied, das die Zuh\u00f6rer auf eine musikalische Reise mitnimmt. Mit eing\u00e4ngigen Melodien und tiefgr\u00fcndigen Texten thematisiert Estefania die Sehnsucht nach Freiheit und die Suche nach dem eigenen Platz im Universum. \u201eWie Kometen\u201c beschreibt die \u00fcberw\u00e4ltigende Beziehung zwischen zwei Menschen, die sich aufbaut und weit \u00fcber den fl\u00fcchtigen Augenblick hinausgeht. Diese Situation erleben wir in der heutigen Zeit leider viel zu selten. &nbsp; Quelle: El Cartel Music Dieser Song ist ab dem 25.04.2025 auf allen Download- und Streaming-Portalen erh\u00e4ltlich.\u00a0 Airdate (f\u00fcr Radiosender): 25.04.2025<\/p>\n","protected":false},"author":1,"featured_media":34647,"comment_status":"open","ping_status":"open","sticky":false,"template":"","format":"standard","meta":{"footnotes":""},"categories":[3231,3575,3237,3298],"tags":[599],"class_list":["post-34646","post","type-post","status-publish","format-standard","has-post-thumbnail","hentry","category-bergers-schlagerparadies","category-el-cartel-music","category-pop","category-pop-deutschsprachig","tag-estefania","wpcat-3231-id","wpcat-3575-id","wpcat-3237-id","wpcat-3298-id"],"_links":{"self":[{"href":"https:\/\/bergers-schlagerparadies.de\/index.php?rest_route=\/wp\/v2\/posts\/34646","targetHints":{"allow":["GET"]}}],"collection":[{"href":"https:\/\/bergers-schlagerparadies.de\/index.php?rest_route=\/wp\/v2\/posts"}],"about":[{"href":"https:\/\/bergers-schlagerparadies.de\/index.php?rest_route=\/wp\/v2\/types\/post"}],"author":[{"embeddable":true,"href":"https:\/\/bergers-schlagerparadies.de\/index.php?rest_route=\/wp\/v2\/users\/1"}],"replies":[{"embeddable":true,"href":"https:\/\/bergers-schlagerparadies.de\/index.php?rest_route=%2Fwp%2Fv2%2Fcomments&post=34646"}],"version-history":[{"count":1,"href":"https:\/\/bergers-schlagerparadies.de\/index.php?rest_route=\/wp\/v2\/posts\/34646\/revisions"}],"predecessor-version":[{"id":34648,"href":"https:\/\/bergers-schlagerparadies.de\/index.php?rest_route=\/wp\/v2\/posts\/34646\/revisions\/34648"}],"wp:featuredmedia":[{"embeddable":true,"href":"https:\/\/bergers-schlagerparadies.de\/index.php?rest_route=\/wp\/v2\/media\/34647"}],"wp:attachment":[{"href":"https:\/\/bergers-schlagerparadies.de\/index.php?rest_route=%2Fwp%2Fv2%2Fmedia&parent=34646"}],"wp:term":[{"taxonomy":"category","embeddable":true,"href":"https:\/\/bergers-schlagerparadies.de\/index.php?rest_route=%2Fwp%2Fv2%2Fcategories&post=34646"},{"taxonomy":"post_tag","embeddable":true,"href":"https:\/\/bergers-schlagerparadies.de\/index.php?rest_route=%2Fwp%2Fv2%2Ftags&post=34646"}],"curies":[{"name":"wp","href":"https:\/\/api.w.org\/{rel}","templated":true}]}}