{"id":34609,"date":"2025-04-30T10:30:19","date_gmt":"2025-04-30T08:30:19","guid":{"rendered":"https:\/\/bergers-schlagerparadies.de\/?p=34609"},"modified":"2025-04-30T17:11:15","modified_gmt":"2025-04-30T15:11:15","slug":"marie-vell-spanische-naechte-%c2%b7-bergers-schlagerparadies","status":"publish","type":"post","link":"https:\/\/bergers-schlagerparadies.de\/?p=34609","title":{"rendered":"Marie Vell &#8211; Spanische N\u00e4chte \u00b7 Berger\u00b4s Schlagerparadies"},"content":{"rendered":"<p><img loading=\"lazy\" decoding=\"async\" class=\"size-medium wp-image-34610 alignleft\" src=\"https:\/\/bergers-schlagerparadies.de\/wp-content\/uploads\/2025\/04\/Marie-Vell-Spanische-Naechte-300x300.jpg\" alt=\"\" width=\"300\" height=\"300\" srcset=\"https:\/\/bergers-schlagerparadies.de\/wp-content\/uploads\/2025\/04\/Marie-Vell-Spanische-Naechte-300x300.jpg 300w, https:\/\/bergers-schlagerparadies.de\/wp-content\/uploads\/2025\/04\/Marie-Vell-Spanische-Naechte-1024x1024.jpg 1024w, https:\/\/bergers-schlagerparadies.de\/wp-content\/uploads\/2025\/04\/Marie-Vell-Spanische-Naechte-150x150.jpg 150w, https:\/\/bergers-schlagerparadies.de\/wp-content\/uploads\/2025\/04\/Marie-Vell-Spanische-Naechte-768x768.jpg 768w, https:\/\/bergers-schlagerparadies.de\/wp-content\/uploads\/2025\/04\/Marie-Vell-Spanische-Naechte-1536x1536.jpg 1536w, https:\/\/bergers-schlagerparadies.de\/wp-content\/uploads\/2025\/04\/Marie-Vell-Spanische-Naechte-1200x1200.jpg 1200w, https:\/\/bergers-schlagerparadies.de\/wp-content\/uploads\/2025\/04\/Marie-Vell-Spanische-Naechte-1188x1188.jpg 1188w, https:\/\/bergers-schlagerparadies.de\/wp-content\/uploads\/2025\/04\/Marie-Vell-Spanische-Naechte-100x100.jpg 100w, https:\/\/bergers-schlagerparadies.de\/wp-content\/uploads\/2025\/04\/Marie-Vell-Spanische-Naechte.jpg 2000w\" sizes=\"auto, (max-width: 300px) 100vw, 300px\" \/>Nach einer gro\u00dfen Karriere, mit zwei erfolgreichen Duetten mit Dr. Maibach, mitrei\u00dfenden Solo-Ver\u00f6ffentlichung wie dem Chartnotierten \u201eHals \u00fcber Kopf\u201c hat sich Schlager-Legende Marie Vell nun etwas ganz Besonderes einfallen lassen: Zur Kr\u00f6nung ihrer jahrzehntelangen Karriere ver\u00f6ffentlicht sie eine Serie mit f\u00fcnf Single-Ver\u00f6ffentlichungen, die durch zwei Dinge bestechen: eine hohe Qualit\u00e4t und viel Chartpotenz. Den Start macht ihre ebenso souver\u00e4ne wie gelungene Interpretation eines zwar unbekannten aber sehr kultigen Hanne Haller-Songs: Mit \u201eHans du hast mein Herz gestohlen\u201c. Mit ihrer neuen Single \u201eSpanische N\u00e4chte\u201c, ver\u00f6ffentlicht die in Marbella lebende charismatische S\u00e4ngerin eine Hommage an ihre geliebte Wahlheimat. Der sommerlicher Popschlager erster G\u00fcte ist der zweite Vorbote ihres im Herbst erscheinenden Albums.<\/p>\n<p>Marie Vell, weitgereist und hochausgebildet, blickt auf ein wahrlich aufregendes Leben zur\u00fcck. In Karlsruhe geboren hat sie als Schauspielerin und Moderatorin gearbeitet, re\u00fcssierte als T\u00e4nzerin, Model und Hotelchefin \u2013 und dies weltweit.<\/p>\n<p>Man darf gespannt sein, was die attraktive Powerfrau noch im K\u00f6cher hat.<\/p>\n<p><span style=\"color: #800000;\"><strong>Quelle: Herz7<\/strong><\/span><\/p>\n<p><span style=\"color: #800000;\"><strong>Dieser Song ist ab dem 02.05.2025 auf allen Download- und Streaming-Portalen erh\u00e4ltlich.\u00a0<\/strong><\/span><\/p>\n<p><span style=\"color: #800000;\"><strong>Airdate (f\u00fcr Radiosender): 02.05.2025<\/strong><\/span><\/p>\n","protected":false},"excerpt":{"rendered":"<p>Nach einer gro\u00dfen Karriere, mit zwei erfolgreichen Duetten mit Dr. Maibach, mitrei\u00dfenden Solo-Ver\u00f6ffentlichung wie dem Chartnotierten \u201eHals \u00fcber Kopf\u201c hat sich Schlager-Legende Marie Vell nun etwas ganz Besonderes einfallen lassen: Zur Kr\u00f6nung ihrer jahrzehntelangen Karriere ver\u00f6ffentlicht sie eine Serie mit f\u00fcnf Single-Ver\u00f6ffentlichungen, die durch zwei Dinge bestechen: eine hohe Qualit\u00e4t und viel Chartpotenz. Den Start macht ihre ebenso souver\u00e4ne wie gelungene Interpretation eines zwar unbekannten aber sehr kultigen Hanne Haller-Songs: Mit \u201eHans du hast mein Herz gestohlen\u201c. Mit ihrer neuen Single \u201eSpanische N\u00e4chte\u201c, ver\u00f6ffentlicht die in Marbella lebende charismatische S\u00e4ngerin eine Hommage an ihre geliebte Wahlheimat. Der sommerlicher Popschlager erster G\u00fcte ist der zweite Vorbote&#8230;<\/p>\n","protected":false},"author":1,"featured_media":34610,"comment_status":"open","ping_status":"open","sticky":false,"template":"","format":"standard","meta":{"footnotes":""},"categories":[3231,3451,2],"tags":[515],"class_list":["post-34609","post","type-post","status-publish","format-standard","has-post-thumbnail","hentry","category-bergers-schlagerparadies","category-herz7","category-schlager","tag-marie-vell","wpcat-3231-id","wpcat-3451-id","wpcat-2-id"],"_links":{"self":[{"href":"https:\/\/bergers-schlagerparadies.de\/index.php?rest_route=\/wp\/v2\/posts\/34609","targetHints":{"allow":["GET"]}}],"collection":[{"href":"https:\/\/bergers-schlagerparadies.de\/index.php?rest_route=\/wp\/v2\/posts"}],"about":[{"href":"https:\/\/bergers-schlagerparadies.de\/index.php?rest_route=\/wp\/v2\/types\/post"}],"author":[{"embeddable":true,"href":"https:\/\/bergers-schlagerparadies.de\/index.php?rest_route=\/wp\/v2\/users\/1"}],"replies":[{"embeddable":true,"href":"https:\/\/bergers-schlagerparadies.de\/index.php?rest_route=%2Fwp%2Fv2%2Fcomments&post=34609"}],"version-history":[{"count":2,"href":"https:\/\/bergers-schlagerparadies.de\/index.php?rest_route=\/wp\/v2\/posts\/34609\/revisions"}],"predecessor-version":[{"id":34772,"href":"https:\/\/bergers-schlagerparadies.de\/index.php?rest_route=\/wp\/v2\/posts\/34609\/revisions\/34772"}],"wp:featuredmedia":[{"embeddable":true,"href":"https:\/\/bergers-schlagerparadies.de\/index.php?rest_route=\/wp\/v2\/media\/34610"}],"wp:attachment":[{"href":"https:\/\/bergers-schlagerparadies.de\/index.php?rest_route=%2Fwp%2Fv2%2Fmedia&parent=34609"}],"wp:term":[{"taxonomy":"category","embeddable":true,"href":"https:\/\/bergers-schlagerparadies.de\/index.php?rest_route=%2Fwp%2Fv2%2Fcategories&post=34609"},{"taxonomy":"post_tag","embeddable":true,"href":"https:\/\/bergers-schlagerparadies.de\/index.php?rest_route=%2Fwp%2Fv2%2Ftags&post=34609"}],"curies":[{"name":"wp","href":"https:\/\/api.w.org\/{rel}","templated":true}]}}