{"id":34476,"date":"2025-04-18T14:10:05","date_gmt":"2025-04-18T12:10:05","guid":{"rendered":"https:\/\/bergers-schlagerparadies.de\/?p=34476"},"modified":"2025-04-18T14:10:05","modified_gmt":"2025-04-18T12:10:05","slug":"sueli-de-melo-liebe-liebe-%c2%b7-bergers-schlagerparadies","status":"publish","type":"post","link":"https:\/\/bergers-schlagerparadies.de\/?p=34476","title":{"rendered":"Sueli de Melo &#8211; Liebe Liebe \u00b7 Berger\u00b4s Schlagerparadies"},"content":{"rendered":"<p><img loading=\"lazy\" decoding=\"async\" class=\"size-medium wp-image-34477 alignleft\" src=\"https:\/\/bergers-schlagerparadies.de\/wp-content\/uploads\/2025\/04\/Sueli-de-Melo-Liebe-Liebe-300x300.jpg\" alt=\"\" width=\"300\" height=\"300\" srcset=\"https:\/\/bergers-schlagerparadies.de\/wp-content\/uploads\/2025\/04\/Sueli-de-Melo-Liebe-Liebe-300x300.jpg 300w, https:\/\/bergers-schlagerparadies.de\/wp-content\/uploads\/2025\/04\/Sueli-de-Melo-Liebe-Liebe-1024x1024.jpg 1024w, https:\/\/bergers-schlagerparadies.de\/wp-content\/uploads\/2025\/04\/Sueli-de-Melo-Liebe-Liebe-150x150.jpg 150w, https:\/\/bergers-schlagerparadies.de\/wp-content\/uploads\/2025\/04\/Sueli-de-Melo-Liebe-Liebe-768x768.jpg 768w, https:\/\/bergers-schlagerparadies.de\/wp-content\/uploads\/2025\/04\/Sueli-de-Melo-Liebe-Liebe-1188x1188.jpg 1188w, https:\/\/bergers-schlagerparadies.de\/wp-content\/uploads\/2025\/04\/Sueli-de-Melo-Liebe-Liebe-100x100.jpg 100w, https:\/\/bergers-schlagerparadies.de\/wp-content\/uploads\/2025\/04\/Sueli-de-Melo-Liebe-Liebe.jpg 1200w\" sizes=\"auto, (max-width: 300px) 100vw, 300px\" \/>Mit ihrem neuen Schlagerhit &#8222;Liebe Liebe&#8220; erz\u00e4hlt Sueli de Melo eine herzerw\u00e4rmende und inspirierende Liebesgeschichte, die keine Grenzen kennt. Geboren und aufgewachsen in Rio de Janeiro &#8211; Brasilien, bringt Sueli de Melo die Leidenschaft und Lebensfreude ihrer Heimat in ihre Musik ein.<\/p>\n<p>Liebe Liebe ist eine Hommage an ihre eigene Liebesgeschichte, die sie von Rio de Janeiro ins ferne \u00d6sterreich brachte. Eine Liebesgeschichte die Kulturen, Ozeane und Sprachen \u00fcberwindet. In mitrei\u00dfenden Kl\u00e4ngen und gef\u00fchlvollen Texten f\u00e4ngt Sueli de Melo die Kraft der wahren Liebe ein und l\u00e4dt ihre Zuh\u00f6rer dazu ein, an ihrer Reise teilzuhaben.<\/p>\n<p>Dieser neue Titel beweist einmal mehr, dass Sueli nicht nur musikalisch talentiert, sondern auch eine Erz\u00e4hlerin mit Herz ist. Liebe Liebe ist mehr als ein Lied \u2013 es ist eine Botschaft der Hoffnung, der Verbindung und der universellen Sprache der Liebe.<\/p>\n<p><span style=\"color: #800000;\"><strong>Quelle: SchlagerLabel<\/strong><\/span><\/p>\n<p><span style=\"color: #800000;\"><strong>Dieser Song ist ab dem 18.04.2025 auf allen Download- und Streaming-Portalen erh\u00e4ltlich.\u00a0<\/strong><\/span><\/p>\n<p><span style=\"color: #800000;\"><strong>Airdate (f\u00fcr Radiosender): 18.04.2025<\/strong><\/span><\/p>\n","protected":false},"excerpt":{"rendered":"<p>Mit ihrem neuen Schlagerhit &#8222;Liebe Liebe&#8220; erz\u00e4hlt Sueli de Melo eine herzerw\u00e4rmende und inspirierende Liebesgeschichte, die keine Grenzen kennt. Geboren und aufgewachsen in Rio de Janeiro &#8211; Brasilien, bringt Sueli de Melo die Leidenschaft und Lebensfreude ihrer Heimat in ihre Musik ein. Liebe Liebe ist eine Hommage an ihre eigene Liebesgeschichte, die sie von Rio de Janeiro ins ferne \u00d6sterreich brachte. Eine Liebesgeschichte die Kulturen, Ozeane und Sprachen \u00fcberwindet. In mitrei\u00dfenden Kl\u00e4ngen und gef\u00fchlvollen Texten f\u00e4ngt Sueli de Melo die Kraft der wahren Liebe ein und l\u00e4dt ihre Zuh\u00f6rer dazu ein, an ihrer Reise teilzuhaben. Dieser neue Titel beweist einmal mehr, dass Sueli nicht nur&#8230;<\/p>\n","protected":false},"author":1,"featured_media":34477,"comment_status":"open","ping_status":"open","sticky":false,"template":"","format":"standard","meta":{"footnotes":""},"categories":[3231,3255,2,3711],"tags":[3844],"class_list":["post-34476","post","type-post","status-publish","format-standard","has-post-thumbnail","hentry","category-bergers-schlagerparadies","category-deutsch","category-schlager","category-schlagerlabel","tag-sueli-de-melo","wpcat-3231-id","wpcat-3255-id","wpcat-2-id","wpcat-3711-id"],"_links":{"self":[{"href":"https:\/\/bergers-schlagerparadies.de\/index.php?rest_route=\/wp\/v2\/posts\/34476","targetHints":{"allow":["GET"]}}],"collection":[{"href":"https:\/\/bergers-schlagerparadies.de\/index.php?rest_route=\/wp\/v2\/posts"}],"about":[{"href":"https:\/\/bergers-schlagerparadies.de\/index.php?rest_route=\/wp\/v2\/types\/post"}],"author":[{"embeddable":true,"href":"https:\/\/bergers-schlagerparadies.de\/index.php?rest_route=\/wp\/v2\/users\/1"}],"replies":[{"embeddable":true,"href":"https:\/\/bergers-schlagerparadies.de\/index.php?rest_route=%2Fwp%2Fv2%2Fcomments&post=34476"}],"version-history":[{"count":1,"href":"https:\/\/bergers-schlagerparadies.de\/index.php?rest_route=\/wp\/v2\/posts\/34476\/revisions"}],"predecessor-version":[{"id":34478,"href":"https:\/\/bergers-schlagerparadies.de\/index.php?rest_route=\/wp\/v2\/posts\/34476\/revisions\/34478"}],"wp:featuredmedia":[{"embeddable":true,"href":"https:\/\/bergers-schlagerparadies.de\/index.php?rest_route=\/wp\/v2\/media\/34477"}],"wp:attachment":[{"href":"https:\/\/bergers-schlagerparadies.de\/index.php?rest_route=%2Fwp%2Fv2%2Fmedia&parent=34476"}],"wp:term":[{"taxonomy":"category","embeddable":true,"href":"https:\/\/bergers-schlagerparadies.de\/index.php?rest_route=%2Fwp%2Fv2%2Fcategories&post=34476"},{"taxonomy":"post_tag","embeddable":true,"href":"https:\/\/bergers-schlagerparadies.de\/index.php?rest_route=%2Fwp%2Fv2%2Ftags&post=34476"}],"curies":[{"name":"wp","href":"https:\/\/api.w.org\/{rel}","templated":true}]}}