{"id":34148,"date":"2025-04-04T14:30:30","date_gmt":"2025-04-04T12:30:30","guid":{"rendered":"https:\/\/bergers-schlagerparadies.de\/?p=34148"},"modified":"2025-04-04T14:30:30","modified_gmt":"2025-04-04T12:30:30","slug":"uli-haider-unsere-zeit-25-schoene-jahre-%c2%b7-bergers-schlagerparadies","status":"publish","type":"post","link":"https:\/\/bergers-schlagerparadies.de\/?p=34148","title":{"rendered":"Uli Haider &#8211; Unsere Zeit (25 sch\u00f6ne Jahre) \u00b7 Berger\u00b4s Schlagerparadies"},"content":{"rendered":"<p><img loading=\"lazy\" decoding=\"async\" class=\"size-medium wp-image-34149 alignleft\" src=\"https:\/\/bergers-schlagerparadies.de\/wp-content\/uploads\/2025\/04\/Uli-Haider-Unsere-Zeit-25-schoene-Jahre-300x300.jpeg\" alt=\"\" width=\"300\" height=\"300\" srcset=\"https:\/\/bergers-schlagerparadies.de\/wp-content\/uploads\/2025\/04\/Uli-Haider-Unsere-Zeit-25-schoene-Jahre-300x300.jpeg 300w, https:\/\/bergers-schlagerparadies.de\/wp-content\/uploads\/2025\/04\/Uli-Haider-Unsere-Zeit-25-schoene-Jahre-1024x1024.jpeg 1024w, https:\/\/bergers-schlagerparadies.de\/wp-content\/uploads\/2025\/04\/Uli-Haider-Unsere-Zeit-25-schoene-Jahre-150x150.jpeg 150w, https:\/\/bergers-schlagerparadies.de\/wp-content\/uploads\/2025\/04\/Uli-Haider-Unsere-Zeit-25-schoene-Jahre-768x768.jpeg 768w, https:\/\/bergers-schlagerparadies.de\/wp-content\/uploads\/2025\/04\/Uli-Haider-Unsere-Zeit-25-schoene-Jahre-1188x1188.jpeg 1188w, https:\/\/bergers-schlagerparadies.de\/wp-content\/uploads\/2025\/04\/Uli-Haider-Unsere-Zeit-25-schoene-Jahre-100x100.jpeg 100w, https:\/\/bergers-schlagerparadies.de\/wp-content\/uploads\/2025\/04\/Uli-Haider-Unsere-Zeit-25-schoene-Jahre.jpeg 1200w\" sizes=\"auto, (max-width: 300px) 100vw, 300px\" \/>Uli Haider ver\u00f6ffentlicht seinen neuen Song &#8222;Unsere Zeit (25 sch\u00f6ne Jahre)&#8220; \u2013 eine Hymne f\u00fcr langj\u00e4hrige Paare<\/p>\n<p>Am 04. April 2025 ver\u00f6ffentlicht der vielseitige K\u00fcnstler Uli Haider seinen neuen Song &#8222;Unsere Zeit (25 sch\u00f6ne Jahre)&#8220; \u2013 eine Hymne f\u00fcr Paare, die gemeinsam durch die H\u00f6hen und Tiefen des Lebens gegangen sind. Inspiriert von der Silberhochzeit enger Freunde, f\u00e4ngt dieses Lied die tiefen Emotionen und Worte ein, die man nach vielen gemeinsamen Jahren miteinander teilen m\u00f6chte. Es erinnert daran, wie wertvoll es ist, auch nach langer Zeit gemeinsam in die Zukunft zu blicken.<br \/>\n\u00dcber Uli Haider<\/p>\n<p>Uli Haider begann seine musikalische Karriere als Disc-Jockey und machte sich schnell einen Namen in der Szene. Doch seine Leidenschaft f\u00fcr das Singen lie\u00df ihn nicht los \u2013 er ver\u00f6ffentlichte eigene Songs und feierte beachtliche Erfolge.<\/p>\n<p>Ein Meilenstein in Haiders Karriere war 2006, als er bei der Fu\u00dfball-WM in D\u00fcsseldorf Gunter Gabriel traf. Die beiden kannten sich seit den 70ern, und Gabriel hielt endlich sein Versprechen, ein Duett aufzunehmen. Ihr Song \u201eEhrbares M\u00e4dchen\u201c wurde ein Hit und lief in mehreren L\u00e4ndern im Radio sowie in den Charts.<\/p>\n<p>2007 ver\u00f6ffentlichte Uli Haider ein weiteren Erfolgstitel. Mit dem von Gunter Gabriel komponierten Song \u201eDas lernt man nur beim Camping\u201c eroberte er die Herzen aller Camping-Fans. Der Song wurde zur offiziellen Hymne f\u00fcr alle \u201eCamper-Freaks\u201c und lief landauf, landab in den Radios. Mit \u201eUnsere Zeit\u201c setzt Uli Haider seine musikalische Reise fort und liefert erneut einen Song, der das Leben, die Liebe und gemeinsame Erinnerungen feiert.<\/p>\n<p><span style=\"color: #800000;\"><strong>Quelle: Wolkenschloss<\/strong><\/span><\/p>\n<p><span style=\"color: #800000;\"><strong>Dieser Song ist ab dem 04.04.2025 auf allen Download- und Streaming-Portalen erh\u00e4ltlich.\u00a0<\/strong><\/span><\/p>\n<p><span style=\"color: #800000;\"><strong>Airdate (f\u00fcr Radiosender): 04.04.2025<\/strong><\/span><\/p>\n","protected":false},"excerpt":{"rendered":"<p>Uli Haider ver\u00f6ffentlicht seinen neuen Song &#8222;Unsere Zeit (25 sch\u00f6ne Jahre)&#8220; \u2013 eine Hymne f\u00fcr langj\u00e4hrige Paare Am 04. April 2025 ver\u00f6ffentlicht der vielseitige K\u00fcnstler Uli Haider seinen neuen Song &#8222;Unsere Zeit (25 sch\u00f6ne Jahre)&#8220; \u2013 eine Hymne f\u00fcr Paare, die gemeinsam durch die H\u00f6hen und Tiefen des Lebens gegangen sind. Inspiriert von der Silberhochzeit enger Freunde, f\u00e4ngt dieses Lied die tiefen Emotionen und Worte ein, die man nach vielen gemeinsamen Jahren miteinander teilen m\u00f6chte. Es erinnert daran, wie wertvoll es ist, auch nach langer Zeit gemeinsam in die Zukunft zu blicken. \u00dcber Uli Haider Uli Haider begann seine musikalische Karriere als Disc-Jockey und machte&#8230;<\/p>\n","protected":false},"author":1,"featured_media":34149,"comment_status":"open","ping_status":"open","sticky":false,"template":"","format":"standard","meta":{"footnotes":""},"categories":[3231,2,3513],"tags":[1428],"class_list":["post-34148","post","type-post","status-publish","format-standard","has-post-thumbnail","hentry","category-bergers-schlagerparadies","category-schlager","category-wolkenschloss","tag-uli-haider","wpcat-3231-id","wpcat-2-id","wpcat-3513-id"],"_links":{"self":[{"href":"https:\/\/bergers-schlagerparadies.de\/index.php?rest_route=\/wp\/v2\/posts\/34148","targetHints":{"allow":["GET"]}}],"collection":[{"href":"https:\/\/bergers-schlagerparadies.de\/index.php?rest_route=\/wp\/v2\/posts"}],"about":[{"href":"https:\/\/bergers-schlagerparadies.de\/index.php?rest_route=\/wp\/v2\/types\/post"}],"author":[{"embeddable":true,"href":"https:\/\/bergers-schlagerparadies.de\/index.php?rest_route=\/wp\/v2\/users\/1"}],"replies":[{"embeddable":true,"href":"https:\/\/bergers-schlagerparadies.de\/index.php?rest_route=%2Fwp%2Fv2%2Fcomments&post=34148"}],"version-history":[{"count":1,"href":"https:\/\/bergers-schlagerparadies.de\/index.php?rest_route=\/wp\/v2\/posts\/34148\/revisions"}],"predecessor-version":[{"id":34150,"href":"https:\/\/bergers-schlagerparadies.de\/index.php?rest_route=\/wp\/v2\/posts\/34148\/revisions\/34150"}],"wp:featuredmedia":[{"embeddable":true,"href":"https:\/\/bergers-schlagerparadies.de\/index.php?rest_route=\/wp\/v2\/media\/34149"}],"wp:attachment":[{"href":"https:\/\/bergers-schlagerparadies.de\/index.php?rest_route=%2Fwp%2Fv2%2Fmedia&parent=34148"}],"wp:term":[{"taxonomy":"category","embeddable":true,"href":"https:\/\/bergers-schlagerparadies.de\/index.php?rest_route=%2Fwp%2Fv2%2Fcategories&post=34148"},{"taxonomy":"post_tag","embeddable":true,"href":"https:\/\/bergers-schlagerparadies.de\/index.php?rest_route=%2Fwp%2Fv2%2Ftags&post=34148"}],"curies":[{"name":"wp","href":"https:\/\/api.w.org\/{rel}","templated":true}]}}