{"id":34075,"date":"2025-04-08T10:30:33","date_gmt":"2025-04-08T08:30:33","guid":{"rendered":"https:\/\/bergers-schlagerparadies.de\/?p=34075"},"modified":"2025-04-08T23:07:28","modified_gmt":"2025-04-08T21:07:28","slug":"elvira-fischer-im-schwarzen-kleid-%c2%b7-bergers-schlagerparadies","status":"publish","type":"post","link":"https:\/\/bergers-schlagerparadies.de\/?p=34075","title":{"rendered":"Elvira Fischer &#8211; Im schwarzen Kleid \u00b7 Berger\u00b4s Schlagerparadies"},"content":{"rendered":"<p><img loading=\"lazy\" decoding=\"async\" class=\"size-medium wp-image-34076 alignleft\" src=\"https:\/\/bergers-schlagerparadies.de\/wp-content\/uploads\/2025\/04\/Elvira-Fischer-Im-schwarzen-Kleid-300x300.jpeg\" alt=\"\" width=\"300\" height=\"300\" srcset=\"https:\/\/bergers-schlagerparadies.de\/wp-content\/uploads\/2025\/04\/Elvira-Fischer-Im-schwarzen-Kleid-300x300.jpeg 300w, https:\/\/bergers-schlagerparadies.de\/wp-content\/uploads\/2025\/04\/Elvira-Fischer-Im-schwarzen-Kleid-1024x1024.jpeg 1024w, https:\/\/bergers-schlagerparadies.de\/wp-content\/uploads\/2025\/04\/Elvira-Fischer-Im-schwarzen-Kleid-150x150.jpeg 150w, https:\/\/bergers-schlagerparadies.de\/wp-content\/uploads\/2025\/04\/Elvira-Fischer-Im-schwarzen-Kleid-768x768.jpeg 768w, https:\/\/bergers-schlagerparadies.de\/wp-content\/uploads\/2025\/04\/Elvira-Fischer-Im-schwarzen-Kleid-1536x1536.jpeg 1536w, https:\/\/bergers-schlagerparadies.de\/wp-content\/uploads\/2025\/04\/Elvira-Fischer-Im-schwarzen-Kleid-2048x2048.jpeg 2048w, https:\/\/bergers-schlagerparadies.de\/wp-content\/uploads\/2025\/04\/Elvira-Fischer-Im-schwarzen-Kleid-1200x1200.jpeg 1200w, https:\/\/bergers-schlagerparadies.de\/wp-content\/uploads\/2025\/04\/Elvira-Fischer-Im-schwarzen-Kleid-1188x1188.jpeg 1188w, https:\/\/bergers-schlagerparadies.de\/wp-content\/uploads\/2025\/04\/Elvira-Fischer-Im-schwarzen-Kleid-100x100.jpeg 100w\" sizes=\"auto, (max-width: 300px) 100vw, 300px\" \/>Mit \u201eIm schwarzen Kleid\u201c ver\u00f6ffentlicht Elvira Fischer die zweite Singleauskopplung aus ihrem bald erscheinenden Album \u201eRuhelos\u201c \u2013 und liefert damit erneut einen Hit, der die Fans begeistert!<\/p>\n<p>Der Song \u00fcberzeugt mit einem mitrei\u00dfenden Discofox-Sound, der perfekt auf ihre energiegeladene B\u00fchnenpr\u00e4senz und ihr Temperament zugeschnitten ist.<\/p>\n<p>Tanzbar, modern und voller Charisma \u2013 genau das macht diesen Titel zu einem echten Highlight f\u00fcr die Tanzfl\u00e4chen.<\/p>\n<p>Elvira Fischer beweist einmal mehr ihr Gesp\u00fcr f\u00fcr eing\u00e4ngige Melodien und mitrei\u00dfende Rhythmen, die sofort ins Ohr gehen und die Tanzszene elektrisieren werden.<\/p>\n<p>Mit \u201eIm schwarzen Kleid\u201c zeigt sich die K\u00fcnstlerin erneut von ihrer besten Seite und liefert einen Song, der nicht nur musikalisch \u00fcberzeugt, sondern auch ihre unverwechselbare Handschrift tr\u00e4gt.<\/p>\n<p>Fans d\u00fcrfen sich also auf ein Album freuen, das voller Energie, Leidenschaft und musikalischer Highlights steckt!<\/p>\n<p><span style=\"color: #800000;\"><strong>Quelle: Fiesta Records \/ Herzrausch Musik<\/strong><\/span><\/p>\n<p><span style=\"color: #800000;\"><strong>Dieser Song ist ab dem 11.04.2025 auf allen Download- und Streaming-Portalen erh\u00e4ltlich.\u00a0<\/strong><\/span><\/p>\n<p><span style=\"color: #800000;\"><strong>Airdate (f\u00fcr Radiosender): 08.04.2025<\/strong><\/span><\/p>\n","protected":false},"excerpt":{"rendered":"<p>Mit \u201eIm schwarzen Kleid\u201c ver\u00f6ffentlicht Elvira Fischer die zweite Singleauskopplung aus ihrem bald erscheinenden Album \u201eRuhelos\u201c \u2013 und liefert damit erneut einen Hit, der die Fans begeistert! Der Song \u00fcberzeugt mit einem mitrei\u00dfenden Discofox-Sound, der perfekt auf ihre energiegeladene B\u00fchnenpr\u00e4senz und ihr Temperament zugeschnitten ist. Tanzbar, modern und voller Charisma \u2013 genau das macht diesen Titel zu einem echten Highlight f\u00fcr die Tanzfl\u00e4chen. Elvira Fischer beweist einmal mehr ihr Gesp\u00fcr f\u00fcr eing\u00e4ngige Melodien und mitrei\u00dfende Rhythmen, die sofort ins Ohr gehen und die Tanzszene elektrisieren werden. Mit \u201eIm schwarzen Kleid\u201c zeigt sich die K\u00fcnstlerin erneut von ihrer besten Seite und liefert einen Song, der nicht&#8230;<\/p>\n","protected":false},"author":1,"featured_media":34076,"comment_status":"open","ping_status":"open","sticky":false,"template":"","format":"standard","meta":{"footnotes":""},"categories":[3231,3255,3264,3232,3573,2],"tags":[346],"class_list":["post-34075","post","type-post","status-publish","format-standard","has-post-thumbnail","hentry","category-bergers-schlagerparadies","category-deutsch","category-deutsch-pop","category-fiesta-records","category-herzrausch-musik","category-schlager","tag-elvira-fischer","wpcat-3231-id","wpcat-3255-id","wpcat-3264-id","wpcat-3232-id","wpcat-3573-id","wpcat-2-id"],"_links":{"self":[{"href":"https:\/\/bergers-schlagerparadies.de\/index.php?rest_route=\/wp\/v2\/posts\/34075","targetHints":{"allow":["GET"]}}],"collection":[{"href":"https:\/\/bergers-schlagerparadies.de\/index.php?rest_route=\/wp\/v2\/posts"}],"about":[{"href":"https:\/\/bergers-schlagerparadies.de\/index.php?rest_route=\/wp\/v2\/types\/post"}],"author":[{"embeddable":true,"href":"https:\/\/bergers-schlagerparadies.de\/index.php?rest_route=\/wp\/v2\/users\/1"}],"replies":[{"embeddable":true,"href":"https:\/\/bergers-schlagerparadies.de\/index.php?rest_route=%2Fwp%2Fv2%2Fcomments&post=34075"}],"version-history":[{"count":2,"href":"https:\/\/bergers-schlagerparadies.de\/index.php?rest_route=\/wp\/v2\/posts\/34075\/revisions"}],"predecessor-version":[{"id":34204,"href":"https:\/\/bergers-schlagerparadies.de\/index.php?rest_route=\/wp\/v2\/posts\/34075\/revisions\/34204"}],"wp:featuredmedia":[{"embeddable":true,"href":"https:\/\/bergers-schlagerparadies.de\/index.php?rest_route=\/wp\/v2\/media\/34076"}],"wp:attachment":[{"href":"https:\/\/bergers-schlagerparadies.de\/index.php?rest_route=%2Fwp%2Fv2%2Fmedia&parent=34075"}],"wp:term":[{"taxonomy":"category","embeddable":true,"href":"https:\/\/bergers-schlagerparadies.de\/index.php?rest_route=%2Fwp%2Fv2%2Fcategories&post=34075"},{"taxonomy":"post_tag","embeddable":true,"href":"https:\/\/bergers-schlagerparadies.de\/index.php?rest_route=%2Fwp%2Fv2%2Ftags&post=34075"}],"curies":[{"name":"wp","href":"https:\/\/api.w.org\/{rel}","templated":true}]}}