{"id":33965,"date":"2025-03-31T23:24:25","date_gmt":"2025-03-31T21:24:25","guid":{"rendered":"https:\/\/bergers-schlagerparadies.de\/?p=33965"},"modified":"2025-03-31T23:24:25","modified_gmt":"2025-03-31T21:24:25","slug":"teddy-blue-jetzt-bist-du-fort-%c2%b7-bergers-schlagerparadies","status":"publish","type":"post","link":"https:\/\/bergers-schlagerparadies.de\/?p=33965","title":{"rendered":"Teddy Blue &#8211; Jetzt bist Du fort \u00b7 Berger\u00b4s Schlagerparadies"},"content":{"rendered":"<p><img loading=\"lazy\" decoding=\"async\" class=\"size-medium wp-image-33966 alignleft\" src=\"https:\/\/bergers-schlagerparadies.de\/wp-content\/uploads\/2025\/03\/Teddy-Blue-Jetzt-bist-Du-fort-300x300.jpeg\" alt=\"\" width=\"300\" height=\"300\" srcset=\"https:\/\/bergers-schlagerparadies.de\/wp-content\/uploads\/2025\/03\/Teddy-Blue-Jetzt-bist-Du-fort-300x300.jpeg 300w, https:\/\/bergers-schlagerparadies.de\/wp-content\/uploads\/2025\/03\/Teddy-Blue-Jetzt-bist-Du-fort-1024x1024.jpeg 1024w, https:\/\/bergers-schlagerparadies.de\/wp-content\/uploads\/2025\/03\/Teddy-Blue-Jetzt-bist-Du-fort-150x150.jpeg 150w, https:\/\/bergers-schlagerparadies.de\/wp-content\/uploads\/2025\/03\/Teddy-Blue-Jetzt-bist-Du-fort-768x768.jpeg 768w, https:\/\/bergers-schlagerparadies.de\/wp-content\/uploads\/2025\/03\/Teddy-Blue-Jetzt-bist-Du-fort-1536x1536.jpeg 1536w, https:\/\/bergers-schlagerparadies.de\/wp-content\/uploads\/2025\/03\/Teddy-Blue-Jetzt-bist-Du-fort-2048x2048.jpeg 2048w, https:\/\/bergers-schlagerparadies.de\/wp-content\/uploads\/2025\/03\/Teddy-Blue-Jetzt-bist-Du-fort-1200x1200.jpeg 1200w, https:\/\/bergers-schlagerparadies.de\/wp-content\/uploads\/2025\/03\/Teddy-Blue-Jetzt-bist-Du-fort-1188x1188.jpeg 1188w, https:\/\/bergers-schlagerparadies.de\/wp-content\/uploads\/2025\/03\/Teddy-Blue-Jetzt-bist-Du-fort-100x100.jpeg 100w\" sizes=\"auto, (max-width: 300px) 100vw, 300px\" \/>Teddy Blue ber\u00fchrt mit neuer Single \u201eJetzt bist du fort\u201c \u2013 Eine emotionale Ballade \u00fcber Verlust und Sehnsucht<br \/>\nNach langer Zeit ist es endlich soweit: Teddy Blue aus Augsburg meldet sich mit seiner neuen Single \u201eJetzt bist du fort\u201c zur\u00fcck. Die gef\u00fchlvolle Ballade geht tief unter die Haut und spricht all jenen aus der Seele, die einen geliebten Menschen verloren haben. Mit seiner warmen, ausdrucksstarken Stimme transportiert Teddy Blue die Sehnsucht, den Schmerz und die Erinnerungen an eine Zeit, die nicht mehr zur\u00fcckkehrt.<br \/>\nDer S\u00e4nger, der sich von seinem gro\u00dfen Idol Roy Black inspiriert f\u00fchlt, bleibt seiner Linie treu und pr\u00e4sentiert einen hochwertigen Song, der den Nerv der Zeit trifft. \u201eJetzt bist du fort\u201c verbindet gef\u00fchlvolle Melodik mit tiefgehenden Lyrics \u2013 ein Lied, das ber\u00fchrt und nachhallt.<br \/>\nMit dieser Ver\u00f6ffentlichung beweist Teddy Blue einmal mehr seine musikalische Tiefe und emotionale Ausdruckskraft. Ein Muss f\u00fcr alle, die ehrliche, bewegende Musik sch\u00e4tzen!<br \/>\nMusik : Andreas Franz Hammerschmidt \/ Stefan Krug Text: Andreas Franz Hammerschmidt \/ Markus Linder Label: ah-Ton<\/p>\n<p><span style=\"color: #800000;\"><strong>Quelle: ah-Ton<\/strong><\/span><\/p>\n<p><span style=\"color: #800000;\"><strong>Dieser Song ist ab dem 28.03.2025 auf allen Download- und Streaming-Portalen erh\u00e4ltlich.\u00a0<\/strong><\/span><\/p>\n<p><span style=\"color: #800000;\"><strong>Airdate (f\u00fcr Radiosender): 28.03.2025<\/strong><\/span><\/p>\n","protected":false},"excerpt":{"rendered":"<p>Teddy Blue ber\u00fchrt mit neuer Single \u201eJetzt bist du fort\u201c \u2013 Eine emotionale Ballade \u00fcber Verlust und Sehnsucht Nach langer Zeit ist es endlich soweit: Teddy Blue aus Augsburg meldet sich mit seiner neuen Single \u201eJetzt bist du fort\u201c zur\u00fcck. Die gef\u00fchlvolle Ballade geht tief unter die Haut und spricht all jenen aus der Seele, die einen geliebten Menschen verloren haben. Mit seiner warmen, ausdrucksstarken Stimme transportiert Teddy Blue die Sehnsucht, den Schmerz und die Erinnerungen an eine Zeit, die nicht mehr zur\u00fcckkehrt. Der S\u00e4nger, der sich von seinem gro\u00dfen Idol Roy Black inspiriert f\u00fchlt, bleibt seiner Linie treu und pr\u00e4sentiert einen hochwertigen Song, der&#8230;<\/p>\n","protected":false},"author":1,"featured_media":33966,"comment_status":"open","ping_status":"open","sticky":false,"template":"","format":"standard","meta":{"footnotes":""},"categories":[3361,3231,3255],"tags":[3780],"class_list":["post-33965","post","type-post","status-publish","format-standard","has-post-thumbnail","hentry","category-ah-ton","category-bergers-schlagerparadies","category-deutsch","tag-teddy-blue","wpcat-3361-id","wpcat-3231-id","wpcat-3255-id"],"_links":{"self":[{"href":"https:\/\/bergers-schlagerparadies.de\/index.php?rest_route=\/wp\/v2\/posts\/33965","targetHints":{"allow":["GET"]}}],"collection":[{"href":"https:\/\/bergers-schlagerparadies.de\/index.php?rest_route=\/wp\/v2\/posts"}],"about":[{"href":"https:\/\/bergers-schlagerparadies.de\/index.php?rest_route=\/wp\/v2\/types\/post"}],"author":[{"embeddable":true,"href":"https:\/\/bergers-schlagerparadies.de\/index.php?rest_route=\/wp\/v2\/users\/1"}],"replies":[{"embeddable":true,"href":"https:\/\/bergers-schlagerparadies.de\/index.php?rest_route=%2Fwp%2Fv2%2Fcomments&post=33965"}],"version-history":[{"count":1,"href":"https:\/\/bergers-schlagerparadies.de\/index.php?rest_route=\/wp\/v2\/posts\/33965\/revisions"}],"predecessor-version":[{"id":33967,"href":"https:\/\/bergers-schlagerparadies.de\/index.php?rest_route=\/wp\/v2\/posts\/33965\/revisions\/33967"}],"wp:featuredmedia":[{"embeddable":true,"href":"https:\/\/bergers-schlagerparadies.de\/index.php?rest_route=\/wp\/v2\/media\/33966"}],"wp:attachment":[{"href":"https:\/\/bergers-schlagerparadies.de\/index.php?rest_route=%2Fwp%2Fv2%2Fmedia&parent=33965"}],"wp:term":[{"taxonomy":"category","embeddable":true,"href":"https:\/\/bergers-schlagerparadies.de\/index.php?rest_route=%2Fwp%2Fv2%2Fcategories&post=33965"},{"taxonomy":"post_tag","embeddable":true,"href":"https:\/\/bergers-schlagerparadies.de\/index.php?rest_route=%2Fwp%2Fv2%2Ftags&post=33965"}],"curies":[{"name":"wp","href":"https:\/\/api.w.org\/{rel}","templated":true}]}}