{"id":33947,"date":"2025-03-31T22:29:01","date_gmt":"2025-03-31T20:29:01","guid":{"rendered":"https:\/\/bergers-schlagerparadies.de\/?p=33947"},"modified":"2025-03-31T22:29:01","modified_gmt":"2025-03-31T20:29:01","slug":"pit-focke-tus-fuer-mich-%c2%b7-bergers-schlagerparadies","status":"publish","type":"post","link":"https:\/\/bergers-schlagerparadies.de\/?p=33947","title":{"rendered":"Pit Focke &#8211; Tu\u2019s f\u00fcr mich \u00b7 Berger\u00b4s Schlagerparadies"},"content":{"rendered":"<p><img loading=\"lazy\" decoding=\"async\" class=\"size-medium wp-image-33948 alignleft\" src=\"https:\/\/bergers-schlagerparadies.de\/wp-content\/uploads\/2025\/03\/Pit-Focke-Tus-fuer-mich-300x300.jpeg\" alt=\"\" width=\"300\" height=\"300\" srcset=\"https:\/\/bergers-schlagerparadies.de\/wp-content\/uploads\/2025\/03\/Pit-Focke-Tus-fuer-mich-300x300.jpeg 300w, https:\/\/bergers-schlagerparadies.de\/wp-content\/uploads\/2025\/03\/Pit-Focke-Tus-fuer-mich-1024x1024.jpeg 1024w, https:\/\/bergers-schlagerparadies.de\/wp-content\/uploads\/2025\/03\/Pit-Focke-Tus-fuer-mich-150x150.jpeg 150w, https:\/\/bergers-schlagerparadies.de\/wp-content\/uploads\/2025\/03\/Pit-Focke-Tus-fuer-mich-768x768.jpeg 768w, https:\/\/bergers-schlagerparadies.de\/wp-content\/uploads\/2025\/03\/Pit-Focke-Tus-fuer-mich-1200x1200.jpeg 1200w, https:\/\/bergers-schlagerparadies.de\/wp-content\/uploads\/2025\/03\/Pit-Focke-Tus-fuer-mich-1188x1188.jpeg 1188w, https:\/\/bergers-schlagerparadies.de\/wp-content\/uploads\/2025\/03\/Pit-Focke-Tus-fuer-mich-100x100.jpeg 100w, https:\/\/bergers-schlagerparadies.de\/wp-content\/uploads\/2025\/03\/Pit-Focke-Tus-fuer-mich.jpeg 1465w\" sizes=\"auto, (max-width: 300px) 100vw, 300px\" \/>Pit Focke \u2013 \u201eTu\u2019s f\u00fcr mich\u201c: Ein Pop-Schlager mit Herz und Tiefgang<\/p>\n<p>Die au\u00dfergew\u00f6hnliche Stimme aus Esslingen ist zur\u00fcck! Pit Focke pr\u00e4sentiert mit \u201eTu\u2019s f\u00fcr mich\u201c seine brandneue Single \u2013 ein mitrei\u00dfender deutscher Pop-Schlager, der Tanzbarkeit mit Emotion verbindet.<\/p>\n<p>Der Song ist eine Hommage an die Liebe und das Leben. Er erinnert daran, jeden Moment intensiv zu genie\u00dfen \u2013 als w\u00e4re es der letzte. Mit seiner eing\u00e4ngigen Melodie und einer kraftvollen Botschaft von Hoffnung und St\u00e4rke ber\u00fchrt \u201eTu\u2019s f\u00fcr mich\u201c nicht nur das Herz, sondern bringt auch die Tanzfl\u00e4chen zum Beben.<\/p>\n<p>Pit Focke ist kein Unbekannter in der Szene: TV- und Radio-Pr\u00e4senz bei SWR (Andy\u2019s Schlagerspa\u00df), Pro7, RTL, ARD, MDR und vielen weiteren Medien haben ihn l\u00e4ngst als festen Bestandteil der Schlagerszene etabliert.<\/p>\n<p>Mit \u201eTu\u2019s f\u00fcr mich\u201c liefert er erneut einen Song mit Hitpotenzial, der das Publikum begeistert. Jetzt reinh\u00f6ren und mitf\u00fchlen!<\/p>\n<p>Musik: Andreas Franz Hammerschmidt, Stefan Krug<br \/>\nText: Andreas Franz Hammerschmidt<br \/>\nAudioproduktion: Stefan Krug &#8211; JUNIVISION f\u00fcr JUNIRECORDS<br \/>\nLabel: JUNIRECORDS<br \/>\nVerlag: Juni Musikverlag \/ Edition EMMAAS<br \/>\nProduziert von: Stefan Krug, Andreas Hammerschmidt<\/p>\n<p><span style=\"color: #800000;\"><strong>Quelle: JUNIRECORDS<\/strong><\/span><\/p>\n<p><span style=\"color: #800000;\"><strong>Dieser Song ist ab dem 28.03.2025 auf allen Download- und Streaming-Portalen erh\u00e4ltlich.\u00a0<\/strong><\/span><\/p>\n<p><span style=\"color: #800000;\"><strong>Airdate (f\u00fcr Radiosender): 26.03.2025<\/strong><\/span><\/p>\n<p>&nbsp;<\/p>\n","protected":false},"excerpt":{"rendered":"<p>Pit Focke \u2013 \u201eTu\u2019s f\u00fcr mich\u201c: Ein Pop-Schlager mit Herz und Tiefgang Die au\u00dfergew\u00f6hnliche Stimme aus Esslingen ist zur\u00fcck! Pit Focke pr\u00e4sentiert mit \u201eTu\u2019s f\u00fcr mich\u201c seine brandneue Single \u2013 ein mitrei\u00dfender deutscher Pop-Schlager, der Tanzbarkeit mit Emotion verbindet. Der Song ist eine Hommage an die Liebe und das Leben. Er erinnert daran, jeden Moment intensiv zu genie\u00dfen \u2013 als w\u00e4re es der letzte. Mit seiner eing\u00e4ngigen Melodie und einer kraftvollen Botschaft von Hoffnung und St\u00e4rke ber\u00fchrt \u201eTu\u2019s f\u00fcr mich\u201c nicht nur das Herz, sondern bringt auch die Tanzfl\u00e4chen zum Beben. Pit Focke ist kein Unbekannter in der Szene: TV- und Radio-Pr\u00e4senz bei SWR (Andy\u2019s&#8230;<\/p>\n","protected":false},"author":1,"featured_media":33948,"comment_status":"open","ping_status":"open","sticky":false,"template":"","format":"standard","meta":{"footnotes":""},"categories":[3231,3296,3265],"tags":[1380],"class_list":["post-33947","post","type-post","status-publish","format-standard","has-post-thumbnail","hentry","category-bergers-schlagerparadies","category-junirecords","category-schlager-party","tag-pit-focke","wpcat-3231-id","wpcat-3296-id","wpcat-3265-id"],"_links":{"self":[{"href":"https:\/\/bergers-schlagerparadies.de\/index.php?rest_route=\/wp\/v2\/posts\/33947","targetHints":{"allow":["GET"]}}],"collection":[{"href":"https:\/\/bergers-schlagerparadies.de\/index.php?rest_route=\/wp\/v2\/posts"}],"about":[{"href":"https:\/\/bergers-schlagerparadies.de\/index.php?rest_route=\/wp\/v2\/types\/post"}],"author":[{"embeddable":true,"href":"https:\/\/bergers-schlagerparadies.de\/index.php?rest_route=\/wp\/v2\/users\/1"}],"replies":[{"embeddable":true,"href":"https:\/\/bergers-schlagerparadies.de\/index.php?rest_route=%2Fwp%2Fv2%2Fcomments&post=33947"}],"version-history":[{"count":1,"href":"https:\/\/bergers-schlagerparadies.de\/index.php?rest_route=\/wp\/v2\/posts\/33947\/revisions"}],"predecessor-version":[{"id":33949,"href":"https:\/\/bergers-schlagerparadies.de\/index.php?rest_route=\/wp\/v2\/posts\/33947\/revisions\/33949"}],"wp:featuredmedia":[{"embeddable":true,"href":"https:\/\/bergers-schlagerparadies.de\/index.php?rest_route=\/wp\/v2\/media\/33948"}],"wp:attachment":[{"href":"https:\/\/bergers-schlagerparadies.de\/index.php?rest_route=%2Fwp%2Fv2%2Fmedia&parent=33947"}],"wp:term":[{"taxonomy":"category","embeddable":true,"href":"https:\/\/bergers-schlagerparadies.de\/index.php?rest_route=%2Fwp%2Fv2%2Fcategories&post=33947"},{"taxonomy":"post_tag","embeddable":true,"href":"https:\/\/bergers-schlagerparadies.de\/index.php?rest_route=%2Fwp%2Fv2%2Ftags&post=33947"}],"curies":[{"name":"wp","href":"https:\/\/api.w.org\/{rel}","templated":true}]}}