{"id":33921,"date":"2025-03-31T10:30:53","date_gmt":"2025-03-31T08:30:53","guid":{"rendered":"https:\/\/bergers-schlagerparadies.de\/?p=33921"},"modified":"2025-03-30T14:22:47","modified_gmt":"2025-03-30T12:22:47","slug":"noel-terhorst-3-tage-wach-%c2%b7-bergers-schlagerparadies","status":"publish","type":"post","link":"https:\/\/bergers-schlagerparadies.de\/?p=33921","title":{"rendered":"Noel Terhorst &#8211; 3 Tage wach \u00b7 Berger\u00b4s Schlagerparadies"},"content":{"rendered":"<p><img loading=\"lazy\" decoding=\"async\" class=\"size-medium wp-image-33922 alignleft\" src=\"https:\/\/bergers-schlagerparadies.de\/wp-content\/uploads\/2025\/03\/Noel-Terhorst-3-Tage-wach-300x300.jpeg\" alt=\"\" width=\"300\" height=\"300\" srcset=\"https:\/\/bergers-schlagerparadies.de\/wp-content\/uploads\/2025\/03\/Noel-Terhorst-3-Tage-wach-300x300.jpeg 300w, https:\/\/bergers-schlagerparadies.de\/wp-content\/uploads\/2025\/03\/Noel-Terhorst-3-Tage-wach-1024x1024.jpeg 1024w, https:\/\/bergers-schlagerparadies.de\/wp-content\/uploads\/2025\/03\/Noel-Terhorst-3-Tage-wach-150x150.jpeg 150w, https:\/\/bergers-schlagerparadies.de\/wp-content\/uploads\/2025\/03\/Noel-Terhorst-3-Tage-wach-768x768.jpeg 768w, https:\/\/bergers-schlagerparadies.de\/wp-content\/uploads\/2025\/03\/Noel-Terhorst-3-Tage-wach-1536x1536.jpeg 1536w, https:\/\/bergers-schlagerparadies.de\/wp-content\/uploads\/2025\/03\/Noel-Terhorst-3-Tage-wach-2048x2048.jpeg 2048w, https:\/\/bergers-schlagerparadies.de\/wp-content\/uploads\/2025\/03\/Noel-Terhorst-3-Tage-wach-1200x1200.jpeg 1200w, https:\/\/bergers-schlagerparadies.de\/wp-content\/uploads\/2025\/03\/Noel-Terhorst-3-Tage-wach-1188x1188.jpeg 1188w, https:\/\/bergers-schlagerparadies.de\/wp-content\/uploads\/2025\/03\/Noel-Terhorst-3-Tage-wach-100x100.jpeg 100w\" sizes=\"auto, (max-width: 300px) 100vw, 300px\" \/>Mit &#8222;3 Tage wach&#8220; setzt Noel Terhorst genau dort an, wo seine letzte Single &#8222;Ich warn dich&#8220; aufgeh\u00f6rt hat. W\u00e4hrend der Vorg\u00e4nger noch von einer warnenden Stimme der Vernunft handelte, taucht Noel mit &#8222;3 Tage wach&#8220; mitten ins Geschehen ein. Der Song erz\u00e4hlt von einer durchfeierten, unvergesslichen Nacht \u2013 zwischen Rausch, Leidenschaft und der Angst, dass alles am n\u00e4chsten Morgen vorbei sein k\u00f6nnte.<\/p>\n<p>Nach seinem letzten Erfolg geht Noel Terhorst seinen Weg konsequent weiter. &#8222;Ich warn dich&#8220; konnte auf allen Plattformen zusammengerechnet bereits hunderttausende Streams sammeln und steuert insgesamt auf die erste Million Streams zu. Mit &#8222;3 Tage wach&#8220; legt er nun nach und beweist erneut, dass moderner Schlager emotional mitrei\u00dfend sein kann.<\/p>\n<p>Der S\u00e4nger aus NRW verbindet zeitgem\u00e4\u00dfe Sounds mit eing\u00e4ngigen Melodien und etabliert sich immer st\u00e4rker in der Szene. &#8222;3 Tage wach&#8220; f\u00e4ngt genau das Gef\u00fchl ein, den Moment voll auszukosten \u2013 egal, was danach kommt.<\/p>\n<p><span style=\"color: #800000;\"><strong>Quelle: Pulsschlag<\/strong><\/span><\/p>\n<p><span style=\"color: #800000;\"><strong>Dieser Song ist ab dem 28.03.2025 auf allen Download- und Streaming-Portalen erh\u00e4ltlich.\u00a0<\/strong><\/span><\/p>\n<p><span style=\"color: #800000;\"><strong>Airdate (f\u00fcr Radiosender): 28.03.2025<\/strong><\/span><\/p>\n","protected":false},"excerpt":{"rendered":"<p>Mit &#8222;3 Tage wach&#8220; setzt Noel Terhorst genau dort an, wo seine letzte Single &#8222;Ich warn dich&#8220; aufgeh\u00f6rt hat. W\u00e4hrend der Vorg\u00e4nger noch von einer warnenden Stimme der Vernunft handelte, taucht Noel mit &#8222;3 Tage wach&#8220; mitten ins Geschehen ein. Der Song erz\u00e4hlt von einer durchfeierten, unvergesslichen Nacht \u2013 zwischen Rausch, Leidenschaft und der Angst, dass alles am n\u00e4chsten Morgen vorbei sein k\u00f6nnte. Nach seinem letzten Erfolg geht Noel Terhorst seinen Weg konsequent weiter. &#8222;Ich warn dich&#8220; konnte auf allen Plattformen zusammengerechnet bereits hunderttausende Streams sammeln und steuert insgesamt auf die erste Million Streams zu. Mit &#8222;3 Tage wach&#8220; legt er nun nach und beweist&#8230;<\/p>\n","protected":false},"author":1,"featured_media":33922,"comment_status":"open","ping_status":"open","sticky":false,"template":"","format":"standard","meta":{"footnotes":""},"categories":[3231,3255,3502],"tags":[17],"class_list":["post-33921","post","type-post","status-publish","format-standard","has-post-thumbnail","hentry","category-bergers-schlagerparadies","category-deutsch","category-pulsschlag","tag-noel-terhorst","wpcat-3231-id","wpcat-3255-id","wpcat-3502-id"],"_links":{"self":[{"href":"https:\/\/bergers-schlagerparadies.de\/index.php?rest_route=\/wp\/v2\/posts\/33921","targetHints":{"allow":["GET"]}}],"collection":[{"href":"https:\/\/bergers-schlagerparadies.de\/index.php?rest_route=\/wp\/v2\/posts"}],"about":[{"href":"https:\/\/bergers-schlagerparadies.de\/index.php?rest_route=\/wp\/v2\/types\/post"}],"author":[{"embeddable":true,"href":"https:\/\/bergers-schlagerparadies.de\/index.php?rest_route=\/wp\/v2\/users\/1"}],"replies":[{"embeddable":true,"href":"https:\/\/bergers-schlagerparadies.de\/index.php?rest_route=%2Fwp%2Fv2%2Fcomments&post=33921"}],"version-history":[{"count":1,"href":"https:\/\/bergers-schlagerparadies.de\/index.php?rest_route=\/wp\/v2\/posts\/33921\/revisions"}],"predecessor-version":[{"id":33923,"href":"https:\/\/bergers-schlagerparadies.de\/index.php?rest_route=\/wp\/v2\/posts\/33921\/revisions\/33923"}],"wp:featuredmedia":[{"embeddable":true,"href":"https:\/\/bergers-schlagerparadies.de\/index.php?rest_route=\/wp\/v2\/media\/33922"}],"wp:attachment":[{"href":"https:\/\/bergers-schlagerparadies.de\/index.php?rest_route=%2Fwp%2Fv2%2Fmedia&parent=33921"}],"wp:term":[{"taxonomy":"category","embeddable":true,"href":"https:\/\/bergers-schlagerparadies.de\/index.php?rest_route=%2Fwp%2Fv2%2Fcategories&post=33921"},{"taxonomy":"post_tag","embeddable":true,"href":"https:\/\/bergers-schlagerparadies.de\/index.php?rest_route=%2Fwp%2Fv2%2Ftags&post=33921"}],"curies":[{"name":"wp","href":"https:\/\/api.w.org\/{rel}","templated":true}]}}