{"id":3380,"date":"2021-03-23T12:34:08","date_gmt":"2021-03-23T11:34:08","guid":{"rendered":"http:\/\/bergers-schlagerparadies.de\/?p=3380"},"modified":"2021-03-23T12:34:08","modified_gmt":"2021-03-23T11:34:08","slug":"clara-keine-angst-bergers-schlagerparadies","status":"publish","type":"post","link":"https:\/\/bergers-schlagerparadies.de\/?p=3380","title":{"rendered":"Clara &#8211; Keine Angst | Berger\u00b4s Schlagerparadies"},"content":{"rendered":"<p class=\"caps\"><img loading=\"lazy\" decoding=\"async\" class=\"size-medium wp-image-3382 alignleft\" src=\"https:\/\/bergers-schlagerparadies.de\/wp-content\/uploads\/2021\/03\/Clara-Keine-Angst-Frontcover-300x300.jpg\" alt=\"\" width=\"300\" height=\"300\" srcset=\"https:\/\/bergers-schlagerparadies.de\/wp-content\/uploads\/2021\/03\/Clara-Keine-Angst-Frontcover-300x300.jpg 300w, https:\/\/bergers-schlagerparadies.de\/wp-content\/uploads\/2021\/03\/Clara-Keine-Angst-Frontcover-1024x1024.jpg 1024w, https:\/\/bergers-schlagerparadies.de\/wp-content\/uploads\/2021\/03\/Clara-Keine-Angst-Frontcover-150x150.jpg 150w, https:\/\/bergers-schlagerparadies.de\/wp-content\/uploads\/2021\/03\/Clara-Keine-Angst-Frontcover-768x768.jpg 768w, https:\/\/bergers-schlagerparadies.de\/wp-content\/uploads\/2021\/03\/Clara-Keine-Angst-Frontcover-1200x1200.jpg 1200w, https:\/\/bergers-schlagerparadies.de\/wp-content\/uploads\/2021\/03\/Clara-Keine-Angst-Frontcover-1188x1188.jpg 1188w, https:\/\/bergers-schlagerparadies.de\/wp-content\/uploads\/2021\/03\/Clara-Keine-Angst-Frontcover-100x100.jpg 100w, https:\/\/bergers-schlagerparadies.de\/wp-content\/uploads\/2021\/03\/Clara-Keine-Angst-Frontcover.jpg 1500w\" sizes=\"auto, (max-width: 300px) 100vw, 300px\" \/>Neue Single voller Leichtigkeit von Clara Die neue Single \u201cKeine Angst\u201d von Clara erscheint offiziell am 19.03.2021.<br \/>\nVorab zu h\u00f6ren auf der Webseite\u00a0<a href=\"http:\/\/www.clara.jetzt\/presse\" rel=\"nofollow\">www.clara.jetzt\/presse<\/a>\u00a0und ab V\u00d6 auf allen Downloadportalen.<\/p>\n<p>Clara produziert weiter in Richtung Chanson-Pop und bringt unter ihrem Label \u201cClara Sound\u201d mit dieser Single gef\u00fchlvolle Fr\u00fchlingskl\u00e4nge in die Musiklandschaft.<\/p>\n<p>Der Titel ist Thema, denn in Zeiten von Covid 19 ist Angst<span id=\"more-622154\"><\/span>\u00a0ein zentrales Problem. W\u00e4hrend sich im Au\u00dfen ernste Aufgaben zeigen, f\u00e4llt es schwer, im Inneren leicht zu bleiben.<\/p>\n<p>Obwohl Clara gern ernste und traurige Aspekte beschreibt, um ihren Zuh\u00f6rer*innen die bewusste Auseinandersetzung mit sich und dem Leben nah zu bringen, geht sie mit \u201cKeine Angst\u201d musikalisch und inhaltlich in eine Richtung, die trotz miserabler Aussichten Leichtigkeit vermittelt und Hoffnung macht.<\/p>\n<p>Dabei beschreibt sie ihre Gedanken und Gef\u00fchle, ohne die Emotionen ihrer H\u00f6rerschaft zu ignorieren und unrealistisch fr\u00f6hlich in die Zukunft zu singen. Aus Claras Sicht scheint es m\u00f6glich, positiv zu denken und zu f\u00fchlen, wenn man den Begriff von Freiheit f\u00fcr sich neu verortet.<\/p>\n<p>\u201cJemand sagte mal zu mir, Freiheit f\u00e4ngt im Kopf an.<br \/>\n\u2026 ich f\u00fchl mich nicht gefangen denn meine Freiheit f\u00e4ngt in meinem Innern an\u201d<\/p>\n<p>Wer etwas Licht in eher dunklen Zeiten braucht, wird mit dieser Single f\u00fcr ein paar Minuten abgeholt und positiv sentimental, mit einer Spur liebenswerter Naivit\u00e4t in sonnige Fr\u00fchlingsstimmung versetzt.<\/p>\n<p>Arrangiert und produziert von Anna Marlene Bicking, Musik- und Filmmusikproduzentin aus Berlin,<br \/>\nist \u201cKeine Angst\u201d ein weiterer Schritt in eine Richtung die immer \u201cClara\u201d wird, mit Aussicht auf eine vielversprechende Zusammenarbeit.<\/p>\n<p>Mehr von Clara gibt es auf ihrem YouTube Kanal \u201cKathrin Clara Jantke\u201d oder in ihrem Podcast \u201cClara werden\u201d bei Spotify oder ITunes. Ihr Album \u201cJetzt\u201d und weitere Ver\u00f6ffentlichungen sind als Download und Streaming auf allen g\u00e4ngigen Plattformen erh\u00e4ltlich.<\/p>\n<p><iframe style=\"width: 120px; height: 240px;\" src=\"\/\/ws-eu.amazon-adsystem.com\/widgets\/q?ServiceVersion=20070822&amp;OneJS=1&amp;Operation=GetAdHtml&amp;MarketPlace=DE&amp;source=ss&amp;ref=as_ss_li_til&amp;ad_type=product_link&amp;tracking_id=bergers-21&amp;language=de_DE&amp;marketplace=amazon&amp;region=DE&amp;placement=B08YHPW8BJ&amp;asins=B08YHPW8BJ&amp;linkId=b2f3ceeb5ea1fc3adaffca9619c34a00&amp;show_border=true&amp;link_opens_in_new_window=true\" frameborder=\"0\" marginwidth=\"0\" marginheight=\"0\" scrolling=\"no\"><\/iframe><\/p>\n","protected":false},"excerpt":{"rendered":"<p>Neue Single voller Leichtigkeit von Clara Die neue Single \u201cKeine Angst\u201d von Clara erscheint offiziell am 19.03.2021. Vorab zu h\u00f6ren auf der Webseite\u00a0www.clara.jetzt\/presse\u00a0und ab V\u00d6 auf allen Downloadportalen. Clara produziert weiter in Richtung Chanson-Pop und bringt unter ihrem Label \u201cClara Sound\u201d mit dieser Single gef\u00fchlvolle Fr\u00fchlingskl\u00e4nge in die Musiklandschaft. Der Titel ist Thema, denn in Zeiten von Covid 19 ist Angst\u00a0ein zentrales Problem. W\u00e4hrend sich im Au\u00dfen ernste Aufgaben zeigen, f\u00e4llt es schwer, im Inneren leicht zu bleiben. Obwohl Clara gern ernste und traurige Aspekte beschreibt, um ihren Zuh\u00f6rer*innen die bewusste Auseinandersetzung mit sich und dem Leben nah zu bringen, geht sie mit \u201cKeine Angst\u201d&#8230;<\/p>\n","protected":false},"author":1,"featured_media":3382,"comment_status":"open","ping_status":"open","sticky":false,"template":"","format":"standard","meta":{"footnotes":""},"categories":[2],"tags":[459],"class_list":["post-3380","post","type-post","status-publish","format-standard","has-post-thumbnail","hentry","category-schlager","tag-clara","wpcat-2-id"],"_links":{"self":[{"href":"https:\/\/bergers-schlagerparadies.de\/index.php?rest_route=\/wp\/v2\/posts\/3380","targetHints":{"allow":["GET"]}}],"collection":[{"href":"https:\/\/bergers-schlagerparadies.de\/index.php?rest_route=\/wp\/v2\/posts"}],"about":[{"href":"https:\/\/bergers-schlagerparadies.de\/index.php?rest_route=\/wp\/v2\/types\/post"}],"author":[{"embeddable":true,"href":"https:\/\/bergers-schlagerparadies.de\/index.php?rest_route=\/wp\/v2\/users\/1"}],"replies":[{"embeddable":true,"href":"https:\/\/bergers-schlagerparadies.de\/index.php?rest_route=%2Fwp%2Fv2%2Fcomments&post=3380"}],"version-history":[{"count":1,"href":"https:\/\/bergers-schlagerparadies.de\/index.php?rest_route=\/wp\/v2\/posts\/3380\/revisions"}],"predecessor-version":[{"id":3383,"href":"https:\/\/bergers-schlagerparadies.de\/index.php?rest_route=\/wp\/v2\/posts\/3380\/revisions\/3383"}],"wp:featuredmedia":[{"embeddable":true,"href":"https:\/\/bergers-schlagerparadies.de\/index.php?rest_route=\/wp\/v2\/media\/3382"}],"wp:attachment":[{"href":"https:\/\/bergers-schlagerparadies.de\/index.php?rest_route=%2Fwp%2Fv2%2Fmedia&parent=3380"}],"wp:term":[{"taxonomy":"category","embeddable":true,"href":"https:\/\/bergers-schlagerparadies.de\/index.php?rest_route=%2Fwp%2Fv2%2Fcategories&post=3380"},{"taxonomy":"post_tag","embeddable":true,"href":"https:\/\/bergers-schlagerparadies.de\/index.php?rest_route=%2Fwp%2Fv2%2Ftags&post=3380"}],"curies":[{"name":"wp","href":"https:\/\/api.w.org\/{rel}","templated":true}]}}