{"id":33747,"date":"2025-03-24T21:25:13","date_gmt":"2025-03-24T20:25:13","guid":{"rendered":"https:\/\/bergers-schlagerparadies.de\/?p=33747"},"modified":"2025-03-24T21:25:13","modified_gmt":"2025-03-24T20:25:13","slug":"martin-maerz-es-ist-zeit-%c2%b7-bergers-schlagerparadies","status":"publish","type":"post","link":"https:\/\/bergers-schlagerparadies.de\/?p=33747","title":{"rendered":"Martin M\u00e4rz &#8211; Es ist Zeit \u00b7 Berger\u00b4s Schlagerparadies"},"content":{"rendered":"<p><img loading=\"lazy\" decoding=\"async\" class=\"size-medium wp-image-33748 alignleft\" src=\"https:\/\/bergers-schlagerparadies.de\/wp-content\/uploads\/2025\/03\/Martin-Maerz-Es-ist-Zeit-300x300.jpg\" alt=\"\" width=\"300\" height=\"300\" srcset=\"https:\/\/bergers-schlagerparadies.de\/wp-content\/uploads\/2025\/03\/Martin-Maerz-Es-ist-Zeit-300x300.jpg 300w, https:\/\/bergers-schlagerparadies.de\/wp-content\/uploads\/2025\/03\/Martin-Maerz-Es-ist-Zeit-1024x1024.jpg 1024w, https:\/\/bergers-schlagerparadies.de\/wp-content\/uploads\/2025\/03\/Martin-Maerz-Es-ist-Zeit-150x150.jpg 150w, https:\/\/bergers-schlagerparadies.de\/wp-content\/uploads\/2025\/03\/Martin-Maerz-Es-ist-Zeit-768x768.jpg 768w, https:\/\/bergers-schlagerparadies.de\/wp-content\/uploads\/2025\/03\/Martin-Maerz-Es-ist-Zeit-1188x1188.jpg 1188w, https:\/\/bergers-schlagerparadies.de\/wp-content\/uploads\/2025\/03\/Martin-Maerz-Es-ist-Zeit-100x100.jpg 100w, https:\/\/bergers-schlagerparadies.de\/wp-content\/uploads\/2025\/03\/Martin-Maerz-Es-ist-Zeit.jpg 1200w\" sizes=\"auto, (max-width: 300px) 100vw, 300px\" \/>Mit seinem neuen Song \u201eEs ist Zeit\u201c meldet sich Martin M\u00e4rz kraftvoll zur\u00fcck und setzt ein klares Statement: Jetzt ist der Moment, das Leben in vollen Z\u00fcgen zu genie\u00dfen! Der mitrei\u00dfende Track erscheint am 4. April 2025 \u2013 p\u00fcnktlich zu seiner Comedy-Schlagernacht in Premnitz \u2013 und bringt nicht nur musikalisch frischen Wind, sondern auch einen neuen kreativen Anstrich in seine Karriere.<\/p>\n<p>F\u00fcr die Produktion von \u201eEs ist Zeit\u201c hat sich Martin M\u00e4rz mit einem brandneuen Team zusammengetan. Der Song wurde von Andre Busse geschrieben, produziert, arrangiert und gemixt, w\u00e4hrend der Text aus der Feder von Martin M\u00e4rz selbst stammt. Das Mastering \u00fcbernahm Dieter Wegner \u2013 ein Trio, das f\u00fcr Qualit\u00e4t und modernen Sound steht. Au\u00dferdem erscheint der Song \u00fcber ein neues Label, das Martin M\u00e4rz\u2018 n\u00e4chste musikalische Kapitel einl\u00e4utet.<\/p>\n<p>Mit seiner positiven Botschaft und dem kraftvollen Beat spricht \u201eEs ist Zeit\u201c allen aus der Seele, die mehr vom Leben wollen. \u201eUnser Leben zu leben, neue Wege zu gehen, immer alles zu geben\u201c \u2013 genau das vermittelt der Song mit jeder Zeile. Er ist ein musikalischer Weckruf, endlich loszulegen, keine Zeit mehr zu vergeuden und voller Energie nach vorne zu schauen.<\/p>\n<p>\u201eEs ist Zeit\u201c erscheint am 4. April 2025 auf allen Streaming-Plattformen bei Yoyorecords. Bleibt up to date \u00fcber martin-maerz-music.de und folgt Martin M\u00e4rz auf seinen Social-Media-Kan\u00e4len f\u00fcr weitere Updates und exklusive Einblicke.<\/p>\n<p><span style=\"color: #800000;\"><strong>Quelle: YOYORECORDS<\/strong><\/span><\/p>\n<p><span style=\"color: #800000;\"><strong>Dieser Song ist ab dem 04.04.2025 auf allen Download- und Streaming-Portalen erh\u00e4ltlich.\u00a0<\/strong><\/span><\/p>\n<p><span style=\"color: #800000;\"><strong>Airdate (f\u00fcr Radiosender): 28.03.2025<\/strong><\/span><\/p>\n","protected":false},"excerpt":{"rendered":"<p>Mit seinem neuen Song \u201eEs ist Zeit\u201c meldet sich Martin M\u00e4rz kraftvoll zur\u00fcck und setzt ein klares Statement: Jetzt ist der Moment, das Leben in vollen Z\u00fcgen zu genie\u00dfen! Der mitrei\u00dfende Track erscheint am 4. April 2025 \u2013 p\u00fcnktlich zu seiner Comedy-Schlagernacht in Premnitz \u2013 und bringt nicht nur musikalisch frischen Wind, sondern auch einen neuen kreativen Anstrich in seine Karriere. F\u00fcr die Produktion von \u201eEs ist Zeit\u201c hat sich Martin M\u00e4rz mit einem brandneuen Team zusammengetan. Der Song wurde von Andre Busse geschrieben, produziert, arrangiert und gemixt, w\u00e4hrend der Text aus der Feder von Martin M\u00e4rz selbst stammt. Das Mastering \u00fcbernahm Dieter Wegner \u2013&#8230;<\/p>\n","protected":false},"author":1,"featured_media":33748,"comment_status":"open","ping_status":"open","sticky":false,"template":"","format":"standard","meta":{"footnotes":""},"categories":[3231,3255,2,3274],"tags":[13],"class_list":["post-33747","post","type-post","status-publish","format-standard","has-post-thumbnail","hentry","category-bergers-schlagerparadies","category-deutsch","category-schlager","category-yoyorecords","tag-martin-maerz","wpcat-3231-id","wpcat-3255-id","wpcat-2-id","wpcat-3274-id"],"_links":{"self":[{"href":"https:\/\/bergers-schlagerparadies.de\/index.php?rest_route=\/wp\/v2\/posts\/33747","targetHints":{"allow":["GET"]}}],"collection":[{"href":"https:\/\/bergers-schlagerparadies.de\/index.php?rest_route=\/wp\/v2\/posts"}],"about":[{"href":"https:\/\/bergers-schlagerparadies.de\/index.php?rest_route=\/wp\/v2\/types\/post"}],"author":[{"embeddable":true,"href":"https:\/\/bergers-schlagerparadies.de\/index.php?rest_route=\/wp\/v2\/users\/1"}],"replies":[{"embeddable":true,"href":"https:\/\/bergers-schlagerparadies.de\/index.php?rest_route=%2Fwp%2Fv2%2Fcomments&post=33747"}],"version-history":[{"count":1,"href":"https:\/\/bergers-schlagerparadies.de\/index.php?rest_route=\/wp\/v2\/posts\/33747\/revisions"}],"predecessor-version":[{"id":33749,"href":"https:\/\/bergers-schlagerparadies.de\/index.php?rest_route=\/wp\/v2\/posts\/33747\/revisions\/33749"}],"wp:featuredmedia":[{"embeddable":true,"href":"https:\/\/bergers-schlagerparadies.de\/index.php?rest_route=\/wp\/v2\/media\/33748"}],"wp:attachment":[{"href":"https:\/\/bergers-schlagerparadies.de\/index.php?rest_route=%2Fwp%2Fv2%2Fmedia&parent=33747"}],"wp:term":[{"taxonomy":"category","embeddable":true,"href":"https:\/\/bergers-schlagerparadies.de\/index.php?rest_route=%2Fwp%2Fv2%2Fcategories&post=33747"},{"taxonomy":"post_tag","embeddable":true,"href":"https:\/\/bergers-schlagerparadies.de\/index.php?rest_route=%2Fwp%2Fv2%2Ftags&post=33747"}],"curies":[{"name":"wp","href":"https:\/\/api.w.org\/{rel}","templated":true}]}}