{"id":33736,"date":"2025-05-05T10:30:19","date_gmt":"2025-05-05T08:30:19","guid":{"rendered":"https:\/\/bergers-schlagerparadies.de\/?p=33736"},"modified":"2025-03-24T21:06:31","modified_gmt":"2025-03-24T20:06:31","slug":"cecile-nordegg-hofpalaver-album-%c2%b7-bergers-schlagerparadies","status":"publish","type":"post","link":"https:\/\/bergers-schlagerparadies.de\/?p=33736","title":{"rendered":"C\u00e9cile Nordegg &#8211; Hofpalaver (Album) \u00b7 Berger\u00b4s Schlagerparadies"},"content":{"rendered":"<p><img loading=\"lazy\" decoding=\"async\" class=\"size-medium wp-image-33737 alignleft\" src=\"https:\/\/bergers-schlagerparadies.de\/wp-content\/uploads\/2025\/03\/Cecile-Nordegg-Hofpalaver-Album-300x300.jpg\" alt=\"\" width=\"300\" height=\"300\" srcset=\"https:\/\/bergers-schlagerparadies.de\/wp-content\/uploads\/2025\/03\/Cecile-Nordegg-Hofpalaver-Album-300x300.jpg 300w, https:\/\/bergers-schlagerparadies.de\/wp-content\/uploads\/2025\/03\/Cecile-Nordegg-Hofpalaver-Album-1024x1024.jpg 1024w, https:\/\/bergers-schlagerparadies.de\/wp-content\/uploads\/2025\/03\/Cecile-Nordegg-Hofpalaver-Album-150x150.jpg 150w, https:\/\/bergers-schlagerparadies.de\/wp-content\/uploads\/2025\/03\/Cecile-Nordegg-Hofpalaver-Album-768x768.jpg 768w, https:\/\/bergers-schlagerparadies.de\/wp-content\/uploads\/2025\/03\/Cecile-Nordegg-Hofpalaver-Album-1200x1200.jpg 1200w, https:\/\/bergers-schlagerparadies.de\/wp-content\/uploads\/2025\/03\/Cecile-Nordegg-Hofpalaver-Album-1188x1188.jpg 1188w, https:\/\/bergers-schlagerparadies.de\/wp-content\/uploads\/2025\/03\/Cecile-Nordegg-Hofpalaver-Album-100x100.jpg 100w, https:\/\/bergers-schlagerparadies.de\/wp-content\/uploads\/2025\/03\/Cecile-Nordegg-Hofpalaver-Album.jpg 1417w\" sizes=\"auto, (max-width: 300px) 100vw, 300px\" \/>Die renommierte \u00d6sterreicherin C\u00e9cile Nordegg pr\u00e4sentiert am 09. Mai 2025 mit ihrem neuen Album \u201eHOFPALAVER\u201c ein interkulturelles Jazz-Erlebnis<br \/>\nDie \u00f6sterreichische S\u00e4ngerin, die vor allem in S\u00fcdamerika und Afrika gro\u00dfe Bekanntheit genie\u00dft, will damit im deutschsprachigen Raum begeistern. In ihrem neuen Album verbindet Nordegg auf einzigartige Weise Jazz, Wiener Tradition und franz\u00f6sischen Esprit und entf\u00fchrt H\u00f6rer in eine faszinierende Klangwelt, die es so wohl selten in Deutschland zu h\u00f6ren gab und die es mehr als wert ist, live und auf Platte geh\u00f6rt zu werden.<\/p>\n<p>&nbsp;<\/p>\n<p>&nbsp;<\/p>\n<p>&nbsp;<\/p>\n<p><span style=\"color: #800000;\"><strong>Quelle: Rossori Music<\/strong><\/span><\/p>\n<p><span style=\"color: #800000;\"><strong>Dieses Album ist ab dem 09.05.2025 auf allen Download- und Streaming-Portalen erh\u00e4ltlich.\u00a0<\/strong><\/span><\/p>\n<p><span style=\"color: #800000;\"><strong>Airdate (f\u00fcr Radiosender): 09.05.2025<\/strong><\/span><\/p>\n","protected":false},"excerpt":{"rendered":"<p>Die renommierte \u00d6sterreicherin C\u00e9cile Nordegg pr\u00e4sentiert am 09. Mai 2025 mit ihrem neuen Album \u201eHOFPALAVER\u201c ein interkulturelles Jazz-Erlebnis Die \u00f6sterreichische S\u00e4ngerin, die vor allem in S\u00fcdamerika und Afrika gro\u00dfe Bekanntheit genie\u00dft, will damit im deutschsprachigen Raum begeistern. In ihrem neuen Album verbindet Nordegg auf einzigartige Weise Jazz, Wiener Tradition und franz\u00f6sischen Esprit und entf\u00fchrt H\u00f6rer in eine faszinierende Klangwelt, die es so wohl selten in Deutschland zu h\u00f6ren gab und die es mehr als wert ist, live und auf Platte geh\u00f6rt zu werden. &nbsp; &nbsp; &nbsp; Quelle: Rossori Music Dieses Album ist ab dem 09.05.2025 auf allen Download- und Streaming-Portalen erh\u00e4ltlich.\u00a0 Airdate (f\u00fcr Radiosender): 09.05.2025<\/p>\n","protected":false},"author":1,"featured_media":33737,"comment_status":"open","ping_status":"open","sticky":false,"template":"","format":"standard","meta":{"footnotes":""},"categories":[3257,3231,3312,3749,3751,3750],"tags":[3752],"class_list":["post-33736","post","type-post","status-publish","format-standard","has-post-thumbnail","hentry","category-album","category-bergers-schlagerparadies","category-jazz","category-rock","category-rossori-music","category-worldbeat","tag-cecile-nordegg","wpcat-3257-id","wpcat-3231-id","wpcat-3312-id","wpcat-3749-id","wpcat-3751-id","wpcat-3750-id"],"_links":{"self":[{"href":"https:\/\/bergers-schlagerparadies.de\/index.php?rest_route=\/wp\/v2\/posts\/33736","targetHints":{"allow":["GET"]}}],"collection":[{"href":"https:\/\/bergers-schlagerparadies.de\/index.php?rest_route=\/wp\/v2\/posts"}],"about":[{"href":"https:\/\/bergers-schlagerparadies.de\/index.php?rest_route=\/wp\/v2\/types\/post"}],"author":[{"embeddable":true,"href":"https:\/\/bergers-schlagerparadies.de\/index.php?rest_route=\/wp\/v2\/users\/1"}],"replies":[{"embeddable":true,"href":"https:\/\/bergers-schlagerparadies.de\/index.php?rest_route=%2Fwp%2Fv2%2Fcomments&post=33736"}],"version-history":[{"count":2,"href":"https:\/\/bergers-schlagerparadies.de\/index.php?rest_route=\/wp\/v2\/posts\/33736\/revisions"}],"predecessor-version":[{"id":33742,"href":"https:\/\/bergers-schlagerparadies.de\/index.php?rest_route=\/wp\/v2\/posts\/33736\/revisions\/33742"}],"wp:featuredmedia":[{"embeddable":true,"href":"https:\/\/bergers-schlagerparadies.de\/index.php?rest_route=\/wp\/v2\/media\/33737"}],"wp:attachment":[{"href":"https:\/\/bergers-schlagerparadies.de\/index.php?rest_route=%2Fwp%2Fv2%2Fmedia&parent=33736"}],"wp:term":[{"taxonomy":"category","embeddable":true,"href":"https:\/\/bergers-schlagerparadies.de\/index.php?rest_route=%2Fwp%2Fv2%2Fcategories&post=33736"},{"taxonomy":"post_tag","embeddable":true,"href":"https:\/\/bergers-schlagerparadies.de\/index.php?rest_route=%2Fwp%2Fv2%2Ftags&post=33736"}],"curies":[{"name":"wp","href":"https:\/\/api.w.org\/{rel}","templated":true}]}}