{"id":33699,"date":"2025-03-24T10:30:07","date_gmt":"2025-03-24T09:30:07","guid":{"rendered":"https:\/\/bergers-schlagerparadies.de\/?p=33699"},"modified":"2025-03-21T14:57:32","modified_gmt":"2025-03-21T13:57:32","slug":"tanja-und-ines-crazy-genial-%c2%b7-bergers-schlagerparadies","status":"publish","type":"post","link":"https:\/\/bergers-schlagerparadies.de\/?p=33699","title":{"rendered":"Tanja und Ines &#8211; Crazy &#038; genial \u00b7 Berger\u00b4s Schlagerparadies"},"content":{"rendered":"<p><img loading=\"lazy\" decoding=\"async\" class=\"size-medium wp-image-33700 alignleft\" src=\"https:\/\/bergers-schlagerparadies.de\/wp-content\/uploads\/2025\/03\/Tanja-und-Ines-Crazy-genial-300x300.jpg\" alt=\"\" width=\"300\" height=\"300\" srcset=\"https:\/\/bergers-schlagerparadies.de\/wp-content\/uploads\/2025\/03\/Tanja-und-Ines-Crazy-genial-300x300.jpg 300w, https:\/\/bergers-schlagerparadies.de\/wp-content\/uploads\/2025\/03\/Tanja-und-Ines-Crazy-genial-1024x1024.jpg 1024w, https:\/\/bergers-schlagerparadies.de\/wp-content\/uploads\/2025\/03\/Tanja-und-Ines-Crazy-genial-150x150.jpg 150w, https:\/\/bergers-schlagerparadies.de\/wp-content\/uploads\/2025\/03\/Tanja-und-Ines-Crazy-genial-768x768.jpg 768w, https:\/\/bergers-schlagerparadies.de\/wp-content\/uploads\/2025\/03\/Tanja-und-Ines-Crazy-genial-1536x1536.jpg 1536w, https:\/\/bergers-schlagerparadies.de\/wp-content\/uploads\/2025\/03\/Tanja-und-Ines-Crazy-genial-2048x2048.jpg 2048w, https:\/\/bergers-schlagerparadies.de\/wp-content\/uploads\/2025\/03\/Tanja-und-Ines-Crazy-genial-1200x1200.jpg 1200w, https:\/\/bergers-schlagerparadies.de\/wp-content\/uploads\/2025\/03\/Tanja-und-Ines-Crazy-genial-1188x1188.jpg 1188w, https:\/\/bergers-schlagerparadies.de\/wp-content\/uploads\/2025\/03\/Tanja-und-Ines-Crazy-genial-100x100.jpg 100w\" sizes=\"auto, (max-width: 300px) 100vw, 300px\" \/>Ob vor Jahren als stimmstarke Frontladies bei den legend\u00e4ren Fischerch\u00f6ren oder jetzt im Duett als charismatisches Schlagerduo mit Platzierungen in den Radio- wie Amazon Charts: Tanja und Ines, das Stuttgarter Power Duo \u00fcberzeugt &#8211; und das seit mittlerweile 20 Jahren!<\/p>\n<p>Ihr gro\u00dfes Jubil\u00e4umsjahr beginnen sie mit einem ganz besonderen Motto. Und das hei\u00dft: \u201eCrazy &amp; genial\u201c &#8211; ab in die Charts! Dem gleichnamigen Song, ein packender Popschlager erster G\u00fcte, jedenfalls h\u00f6rt man in jeder Sekunde an, dass hier mit Qualit\u00e4t wahrlich nicht gespart wurde: Komponiert und produziert wurde der Titel von Manfred Hochholzer und Top-Producer Willy Kl\u00fcter, den Text steuerten die Edelfedern Iona Blum und Susanne G\u00e4rtner bei. Und stimmlich macht den zwei Stimmfeen sowieso niemand was vor. \u201eMusik ist unser Leben\u201c sagen sie \u2013 und seit sie Schlager singen, ist ihre Engagement f\u00fcr feurige Live-Auftritte sogar noch gestiegen.<\/p>\n<p>Was Wunder &#8211; Denn mit Hits wie \u201eZeit zu leben\u201c, \u201eEuphorie\u201c oder \u201eFeuerwerk der Liebe\u201c ersangen sich Tanja und Ines bereits in die Herzen vieler Schlagerfans &#8211; \u201eCrazy &amp; genial\u201c soll sie jetzt in die Championsleague des Deutschen Schlagers hieven.<\/p>\n<p>Und die Chancen f\u00fcr einen ganz gro\u00dfen Durchbruch stehen so gut wie nie.<\/p>\n<p>Man darf gespannt sein, was in diesem Jubil\u00e4umsjahr noch kommen wird. Zwei Termin sollte man noch vormerken: Am 10. Oktober erscheint die gro\u00dfe Jubil\u00e4ums-CD \u2013 Titel: \u201eZeit zu Leben\u201c, am 11.10. wird sie ihm Rahmen einer gro\u00dfen Jubil\u00e4umsfete live pr\u00e4sentiert, mit Band, Chor und nat\u00fcrlich f\u00fcrs TV aufgezeichnet. Einer der Highlights: \u201eCrazy &amp; genial\u201c, die neue Singe!<\/p>\n<p><span style=\"color: #800000;\"><strong>Quelle: Herz7<\/strong><\/span><\/p>\n<p><span style=\"color: #800000;\"><strong>Dieser Song ist ab dem 28.03.2025 auf allen Download- und Streaming-Portalen erh\u00e4ltlich.\u00a0<\/strong><\/span><\/p>\n<p><span style=\"color: #800000;\"><strong>Airdate (f\u00fcr Radiosender): 28.03.2025<\/strong><\/span><\/p>\n","protected":false},"excerpt":{"rendered":"<p>Ob vor Jahren als stimmstarke Frontladies bei den legend\u00e4ren Fischerch\u00f6ren oder jetzt im Duett als charismatisches Schlagerduo mit Platzierungen in den Radio- wie Amazon Charts: Tanja und Ines, das Stuttgarter Power Duo \u00fcberzeugt &#8211; und das seit mittlerweile 20 Jahren! Ihr gro\u00dfes Jubil\u00e4umsjahr beginnen sie mit einem ganz besonderen Motto. Und das hei\u00dft: \u201eCrazy &amp; genial\u201c &#8211; ab in die Charts! Dem gleichnamigen Song, ein packender Popschlager erster G\u00fcte, jedenfalls h\u00f6rt man in jeder Sekunde an, dass hier mit Qualit\u00e4t wahrlich nicht gespart wurde: Komponiert und produziert wurde der Titel von Manfred Hochholzer und Top-Producer Willy Kl\u00fcter, den Text steuerten die Edelfedern Iona Blum und&#8230;<\/p>\n","protected":false},"author":1,"featured_media":33700,"comment_status":"open","ping_status":"open","sticky":false,"template":"","format":"standard","meta":{"footnotes":""},"categories":[3231,3255,3451,3298,2],"tags":[751],"class_list":["post-33699","post","type-post","status-publish","format-standard","has-post-thumbnail","hentry","category-bergers-schlagerparadies","category-deutsch","category-herz7","category-pop-deutschsprachig","category-schlager","tag-tanja-und-ines","wpcat-3231-id","wpcat-3255-id","wpcat-3451-id","wpcat-3298-id","wpcat-2-id"],"_links":{"self":[{"href":"https:\/\/bergers-schlagerparadies.de\/index.php?rest_route=\/wp\/v2\/posts\/33699","targetHints":{"allow":["GET"]}}],"collection":[{"href":"https:\/\/bergers-schlagerparadies.de\/index.php?rest_route=\/wp\/v2\/posts"}],"about":[{"href":"https:\/\/bergers-schlagerparadies.de\/index.php?rest_route=\/wp\/v2\/types\/post"}],"author":[{"embeddable":true,"href":"https:\/\/bergers-schlagerparadies.de\/index.php?rest_route=\/wp\/v2\/users\/1"}],"replies":[{"embeddable":true,"href":"https:\/\/bergers-schlagerparadies.de\/index.php?rest_route=%2Fwp%2Fv2%2Fcomments&post=33699"}],"version-history":[{"count":1,"href":"https:\/\/bergers-schlagerparadies.de\/index.php?rest_route=\/wp\/v2\/posts\/33699\/revisions"}],"predecessor-version":[{"id":33701,"href":"https:\/\/bergers-schlagerparadies.de\/index.php?rest_route=\/wp\/v2\/posts\/33699\/revisions\/33701"}],"wp:featuredmedia":[{"embeddable":true,"href":"https:\/\/bergers-schlagerparadies.de\/index.php?rest_route=\/wp\/v2\/media\/33700"}],"wp:attachment":[{"href":"https:\/\/bergers-schlagerparadies.de\/index.php?rest_route=%2Fwp%2Fv2%2Fmedia&parent=33699"}],"wp:term":[{"taxonomy":"category","embeddable":true,"href":"https:\/\/bergers-schlagerparadies.de\/index.php?rest_route=%2Fwp%2Fv2%2Fcategories&post=33699"},{"taxonomy":"post_tag","embeddable":true,"href":"https:\/\/bergers-schlagerparadies.de\/index.php?rest_route=%2Fwp%2Fv2%2Ftags&post=33699"}],"curies":[{"name":"wp","href":"https:\/\/api.w.org\/{rel}","templated":true}]}}