{"id":33690,"date":"2025-03-24T10:30:36","date_gmt":"2025-03-24T09:30:36","guid":{"rendered":"https:\/\/bergers-schlagerparadies.de\/?p=33690"},"modified":"2025-03-26T22:13:57","modified_gmt":"2025-03-26T21:13:57","slug":"sarah-ann-haende-weg-von-meiner-seele-%c2%b7-bergers-schlagerparadies","status":"publish","type":"post","link":"https:\/\/bergers-schlagerparadies.de\/?p=33690","title":{"rendered":"Sarah-Ann &#8211; H\u00e4nde weg von meiner Seele \u00b7 Berger\u00b4s Schlagerparadies"},"content":{"rendered":"<p><img loading=\"lazy\" decoding=\"async\" class=\"size-medium wp-image-33691 alignleft\" src=\"https:\/\/bergers-schlagerparadies.de\/wp-content\/uploads\/2025\/03\/Sarah-Ann-Haende-weg-von-meiner-Seele-300x300.jpg\" alt=\"\" width=\"300\" height=\"300\" srcset=\"https:\/\/bergers-schlagerparadies.de\/wp-content\/uploads\/2025\/03\/Sarah-Ann-Haende-weg-von-meiner-Seele-300x300.jpg 300w, https:\/\/bergers-schlagerparadies.de\/wp-content\/uploads\/2025\/03\/Sarah-Ann-Haende-weg-von-meiner-Seele-1024x1024.jpg 1024w, https:\/\/bergers-schlagerparadies.de\/wp-content\/uploads\/2025\/03\/Sarah-Ann-Haende-weg-von-meiner-Seele-150x150.jpg 150w, https:\/\/bergers-schlagerparadies.de\/wp-content\/uploads\/2025\/03\/Sarah-Ann-Haende-weg-von-meiner-Seele-768x768.jpg 768w, https:\/\/bergers-schlagerparadies.de\/wp-content\/uploads\/2025\/03\/Sarah-Ann-Haende-weg-von-meiner-Seele-1536x1536.jpg 1536w, https:\/\/bergers-schlagerparadies.de\/wp-content\/uploads\/2025\/03\/Sarah-Ann-Haende-weg-von-meiner-Seele-2048x2048.jpg 2048w, https:\/\/bergers-schlagerparadies.de\/wp-content\/uploads\/2025\/03\/Sarah-Ann-Haende-weg-von-meiner-Seele-1200x1200.jpg 1200w, https:\/\/bergers-schlagerparadies.de\/wp-content\/uploads\/2025\/03\/Sarah-Ann-Haende-weg-von-meiner-Seele-1188x1188.jpg 1188w, https:\/\/bergers-schlagerparadies.de\/wp-content\/uploads\/2025\/03\/Sarah-Ann-Haende-weg-von-meiner-Seele-100x100.jpg 100w\" sizes=\"auto, (max-width: 300px) 100vw, 300px\" \/>Mit &#8222;H\u00e4nde weg von meiner Seele&#8220; kehrt die \u00f6sterreichische S\u00e4ngerin Sarah-ANN emotional und kraftvoll<br \/>\nzur\u00fcck auf die B\u00fchne.<\/p>\n<p>Nach ihrem 30-j\u00e4hrigen B\u00fchnenjubil\u00e4um musste sie einen schweren Verlust verkraften \u2013 den Tod ihres Vaters<br \/>\nThomas, der sie musikalisch am meisten gepr\u00e4gt hat. Diesem besonderen Menschen widmet sie nun ihre<br \/>\nneue Single, die nicht nur tief unter die Haut geht, sondern auch als musikalisches Denkmal dient.<\/p>\n<p>&#8222;H\u00e4nde weg von meiner Seele&#8220; war der Lieblingssong ihres Vaters, weshalb Sarah-ANN ihn bewusst ohne<br \/>\nMusikvideo ver\u00f6ffentlicht \u2013 als reines, ungefiltertes Statement ihrer Gef\u00fchle. Die ausdrucksstarke Ballade<br \/>\nbesticht durch ehrliche Emotionen und eine Melodie, die sich ins Herz einbrennt.<\/p>\n<p>Ein Song mit gro\u00dfer Strahlkraft, der vielen aus der Seele sprechen d\u00fcrfte und sich perfekt ins Radioprogramm<br \/>\neinf\u00fcgt.<\/p>\n<p><span style=\"color: #800000;\"><strong>Quelle: Herzrausch Musik<\/strong><\/span><\/p>\n<p><span style=\"color: #800000;\"><strong>Dieser Song ist ab dem 28.03.2025 auf allen Download- und Streaming-Portalen erh\u00e4ltlich.\u00a0<\/strong><\/span><\/p>\n<p><span style=\"color: #800000;\"><strong>Airdate (f\u00fcr Radiosender): 26.03.2025<\/strong><\/span><\/p>\n","protected":false},"excerpt":{"rendered":"<p>Mit &#8222;H\u00e4nde weg von meiner Seele&#8220; kehrt die \u00f6sterreichische S\u00e4ngerin Sarah-ANN emotional und kraftvoll zur\u00fcck auf die B\u00fchne. Nach ihrem 30-j\u00e4hrigen B\u00fchnenjubil\u00e4um musste sie einen schweren Verlust verkraften \u2013 den Tod ihres Vaters Thomas, der sie musikalisch am meisten gepr\u00e4gt hat. Diesem besonderen Menschen widmet sie nun ihre neue Single, die nicht nur tief unter die Haut geht, sondern auch als musikalisches Denkmal dient. &#8222;H\u00e4nde weg von meiner Seele&#8220; war der Lieblingssong ihres Vaters, weshalb Sarah-ANN ihn bewusst ohne Musikvideo ver\u00f6ffentlicht \u2013 als reines, ungefiltertes Statement ihrer Gef\u00fchle. Die ausdrucksstarke Ballade besticht durch ehrliche Emotionen und eine Melodie, die sich ins Herz einbrennt. Ein Song&#8230;<\/p>\n","protected":false},"author":1,"featured_media":33691,"comment_status":"open","ping_status":"open","sticky":false,"template":"","format":"standard","meta":{"footnotes":""},"categories":[3231,3573,2],"tags":[1468],"class_list":["post-33690","post","type-post","status-publish","format-standard","has-post-thumbnail","hentry","category-bergers-schlagerparadies","category-herzrausch-musik","category-schlager","tag-sarah-ann","wpcat-3231-id","wpcat-3573-id","wpcat-2-id"],"_links":{"self":[{"href":"https:\/\/bergers-schlagerparadies.de\/index.php?rest_route=\/wp\/v2\/posts\/33690","targetHints":{"allow":["GET"]}}],"collection":[{"href":"https:\/\/bergers-schlagerparadies.de\/index.php?rest_route=\/wp\/v2\/posts"}],"about":[{"href":"https:\/\/bergers-schlagerparadies.de\/index.php?rest_route=\/wp\/v2\/types\/post"}],"author":[{"embeddable":true,"href":"https:\/\/bergers-schlagerparadies.de\/index.php?rest_route=\/wp\/v2\/users\/1"}],"replies":[{"embeddable":true,"href":"https:\/\/bergers-schlagerparadies.de\/index.php?rest_route=%2Fwp%2Fv2%2Fcomments&post=33690"}],"version-history":[{"count":2,"href":"https:\/\/bergers-schlagerparadies.de\/index.php?rest_route=\/wp\/v2\/posts\/33690\/revisions"}],"predecessor-version":[{"id":33812,"href":"https:\/\/bergers-schlagerparadies.de\/index.php?rest_route=\/wp\/v2\/posts\/33690\/revisions\/33812"}],"wp:featuredmedia":[{"embeddable":true,"href":"https:\/\/bergers-schlagerparadies.de\/index.php?rest_route=\/wp\/v2\/media\/33691"}],"wp:attachment":[{"href":"https:\/\/bergers-schlagerparadies.de\/index.php?rest_route=%2Fwp%2Fv2%2Fmedia&parent=33690"}],"wp:term":[{"taxonomy":"category","embeddable":true,"href":"https:\/\/bergers-schlagerparadies.de\/index.php?rest_route=%2Fwp%2Fv2%2Fcategories&post=33690"},{"taxonomy":"post_tag","embeddable":true,"href":"https:\/\/bergers-schlagerparadies.de\/index.php?rest_route=%2Fwp%2Fv2%2Ftags&post=33690"}],"curies":[{"name":"wp","href":"https:\/\/api.w.org\/{rel}","templated":true}]}}