{"id":33686,"date":"2025-03-24T10:30:25","date_gmt":"2025-03-24T09:30:25","guid":{"rendered":"https:\/\/bergers-schlagerparadies.de\/?p=33686"},"modified":"2025-03-26T22:09:40","modified_gmt":"2025-03-26T21:09:40","slug":"oliver-thomas-irene-di-turi-la-nostra-citta-unsere-stadt-%c2%b7-bergers-schlagerparadies","status":"publish","type":"post","link":"https:\/\/bergers-schlagerparadies.de\/?p=33686","title":{"rendered":"Oliver Thomas &#038; Irene Di Turi &#8211; La nostra citt\u00e1 &#8211; Unsere Stadt \u00b7 Berger\u00b4s Schlagerparadies"},"content":{"rendered":"<p><img loading=\"lazy\" decoding=\"async\" class=\"size-medium wp-image-33687 alignleft\" src=\"https:\/\/bergers-schlagerparadies.de\/wp-content\/uploads\/2025\/03\/Oliver-Thomas-Irene-Di-Turi-La-nostra-citta-Unsere-Stadt-300x300.jpg\" alt=\"\" width=\"300\" height=\"300\" srcset=\"https:\/\/bergers-schlagerparadies.de\/wp-content\/uploads\/2025\/03\/Oliver-Thomas-Irene-Di-Turi-La-nostra-citta-Unsere-Stadt-300x300.jpg 300w, https:\/\/bergers-schlagerparadies.de\/wp-content\/uploads\/2025\/03\/Oliver-Thomas-Irene-Di-Turi-La-nostra-citta-Unsere-Stadt-1024x1024.jpg 1024w, https:\/\/bergers-schlagerparadies.de\/wp-content\/uploads\/2025\/03\/Oliver-Thomas-Irene-Di-Turi-La-nostra-citta-Unsere-Stadt-150x150.jpg 150w, https:\/\/bergers-schlagerparadies.de\/wp-content\/uploads\/2025\/03\/Oliver-Thomas-Irene-Di-Turi-La-nostra-citta-Unsere-Stadt-768x768.jpg 768w, https:\/\/bergers-schlagerparadies.de\/wp-content\/uploads\/2025\/03\/Oliver-Thomas-Irene-Di-Turi-La-nostra-citta-Unsere-Stadt-1536x1536.jpg 1536w, https:\/\/bergers-schlagerparadies.de\/wp-content\/uploads\/2025\/03\/Oliver-Thomas-Irene-Di-Turi-La-nostra-citta-Unsere-Stadt-2048x2048.jpg 2048w, https:\/\/bergers-schlagerparadies.de\/wp-content\/uploads\/2025\/03\/Oliver-Thomas-Irene-Di-Turi-La-nostra-citta-Unsere-Stadt-1200x1200.jpg 1200w, https:\/\/bergers-schlagerparadies.de\/wp-content\/uploads\/2025\/03\/Oliver-Thomas-Irene-Di-Turi-La-nostra-citta-Unsere-Stadt-1188x1188.jpg 1188w, https:\/\/bergers-schlagerparadies.de\/wp-content\/uploads\/2025\/03\/Oliver-Thomas-Irene-Di-Turi-La-nostra-citta-Unsere-Stadt-100x100.jpg 100w\" sizes=\"auto, (max-width: 300px) 100vw, 300px\" \/>&#8222;La nostra citt\u00e0&#8220; \u2013 Oliver Thomas &amp; Irene di Turi feiern unsere Stadt in einem einzigartigen Duett<\/p>\n<p>Die Deutsch-Italienische S\u00e4ngerin Irene di Turi und der deutsche Schlagerstar Oliver Thomas pr\u00e4sentieren ihre neue Single &#8222;La nostra citt\u00e0&#8220;, eine emotionale Hommage an unsere Stadt.<\/p>\n<p>Der Song verbindet deutsche und italienische Elemente und erz\u00e4hlt von Orten, Erinnerungen und Menschen, die das Lebensgef\u00fchl einer Stadt ausmachen.<\/p>\n<p>Der Song vereint moderne Schlagersounds mit mediterranem Flair. Wechselnde deutsche und italienische Passagen unterstreichen die kulturelle Verbundenheit und machen das Lied zu einem besonderen musikalischen Erlebnis.<\/p>\n<p>Der Titel wurde von Felice Pedull\u00e1 und Hubert Nitsch komponiert und produziert.<\/p>\n<p><span style=\"color: #800000;\"><strong>Quelle: Fiesta Records<\/strong><\/span><\/p>\n<p><span style=\"color: #800000;\"><strong>Dieser Song ist ab dem 28.03.2025 auf allen Download- und Streaming-Portalen erh\u00e4ltlich.\u00a0<\/strong><\/span><\/p>\n<p><span style=\"color: #800000;\"><strong>Airdate (f\u00fcr Radiosender): 26.03.2025<\/strong><\/span><\/p>\n","protected":false},"excerpt":{"rendered":"<p>&#8222;La nostra citt\u00e0&#8220; \u2013 Oliver Thomas &amp; Irene di Turi feiern unsere Stadt in einem einzigartigen Duett Die Deutsch-Italienische S\u00e4ngerin Irene di Turi und der deutsche Schlagerstar Oliver Thomas pr\u00e4sentieren ihre neue Single &#8222;La nostra citt\u00e0&#8220;, eine emotionale Hommage an unsere Stadt. Der Song verbindet deutsche und italienische Elemente und erz\u00e4hlt von Orten, Erinnerungen und Menschen, die das Lebensgef\u00fchl einer Stadt ausmachen. Der Song vereint moderne Schlagersounds mit mediterranem Flair. Wechselnde deutsche und italienische Passagen unterstreichen die kulturelle Verbundenheit und machen das Lied zu einem besonderen musikalischen Erlebnis. Der Titel wurde von Felice Pedull\u00e1 und Hubert Nitsch komponiert und produziert. Quelle: Fiesta Records Dieser Song&#8230;<\/p>\n","protected":false},"author":1,"featured_media":33687,"comment_status":"open","ping_status":"open","sticky":false,"template":"","format":"standard","meta":{"footnotes":""},"categories":[3231,3232,2],"tags":[3745],"class_list":["post-33686","post","type-post","status-publish","format-standard","has-post-thumbnail","hentry","category-bergers-schlagerparadies","category-fiesta-records","category-schlager","tag-oliver-thomas-irene-di-turi","wpcat-3231-id","wpcat-3232-id","wpcat-2-id"],"_links":{"self":[{"href":"https:\/\/bergers-schlagerparadies.de\/index.php?rest_route=\/wp\/v2\/posts\/33686","targetHints":{"allow":["GET"]}}],"collection":[{"href":"https:\/\/bergers-schlagerparadies.de\/index.php?rest_route=\/wp\/v2\/posts"}],"about":[{"href":"https:\/\/bergers-schlagerparadies.de\/index.php?rest_route=\/wp\/v2\/types\/post"}],"author":[{"embeddable":true,"href":"https:\/\/bergers-schlagerparadies.de\/index.php?rest_route=\/wp\/v2\/users\/1"}],"replies":[{"embeddable":true,"href":"https:\/\/bergers-schlagerparadies.de\/index.php?rest_route=%2Fwp%2Fv2%2Fcomments&post=33686"}],"version-history":[{"count":2,"href":"https:\/\/bergers-schlagerparadies.de\/index.php?rest_route=\/wp\/v2\/posts\/33686\/revisions"}],"predecessor-version":[{"id":33810,"href":"https:\/\/bergers-schlagerparadies.de\/index.php?rest_route=\/wp\/v2\/posts\/33686\/revisions\/33810"}],"wp:featuredmedia":[{"embeddable":true,"href":"https:\/\/bergers-schlagerparadies.de\/index.php?rest_route=\/wp\/v2\/media\/33687"}],"wp:attachment":[{"href":"https:\/\/bergers-schlagerparadies.de\/index.php?rest_route=%2Fwp%2Fv2%2Fmedia&parent=33686"}],"wp:term":[{"taxonomy":"category","embeddable":true,"href":"https:\/\/bergers-schlagerparadies.de\/index.php?rest_route=%2Fwp%2Fv2%2Fcategories&post=33686"},{"taxonomy":"post_tag","embeddable":true,"href":"https:\/\/bergers-schlagerparadies.de\/index.php?rest_route=%2Fwp%2Fv2%2Ftags&post=33686"}],"curies":[{"name":"wp","href":"https:\/\/api.w.org\/{rel}","templated":true}]}}