{"id":33676,"date":"2025-03-24T10:30:04","date_gmt":"2025-03-24T09:30:04","guid":{"rendered":"https:\/\/bergers-schlagerparadies.de\/?p=33676"},"modified":"2025-03-21T10:58:24","modified_gmt":"2025-03-21T09:58:24","slug":"joey-heindle-ich-verliere-die-kontrolle-%c2%b7-bergers-schlagerparadies","status":"publish","type":"post","link":"https:\/\/bergers-schlagerparadies.de\/?p=33676","title":{"rendered":"Joey Heindle &#8211; Ich verliere die Kontrolle \u00b7 Berger\u00b4s Schlagerparadies"},"content":{"rendered":"<p><img loading=\"lazy\" decoding=\"async\" class=\"size-medium wp-image-33678 alignleft\" src=\"https:\/\/bergers-schlagerparadies.de\/wp-content\/uploads\/2025\/03\/Joey-Heindle-Ich-verliere-die-Kontrolle-300x300.png\" alt=\"\" width=\"300\" height=\"300\" srcset=\"https:\/\/bergers-schlagerparadies.de\/wp-content\/uploads\/2025\/03\/Joey-Heindle-Ich-verliere-die-Kontrolle-300x300.png 300w, https:\/\/bergers-schlagerparadies.de\/wp-content\/uploads\/2025\/03\/Joey-Heindle-Ich-verliere-die-Kontrolle-1024x1024.png 1024w, https:\/\/bergers-schlagerparadies.de\/wp-content\/uploads\/2025\/03\/Joey-Heindle-Ich-verliere-die-Kontrolle-150x150.png 150w, https:\/\/bergers-schlagerparadies.de\/wp-content\/uploads\/2025\/03\/Joey-Heindle-Ich-verliere-die-Kontrolle-768x768.png 768w, https:\/\/bergers-schlagerparadies.de\/wp-content\/uploads\/2025\/03\/Joey-Heindle-Ich-verliere-die-Kontrolle-1536x1536.png 1536w, https:\/\/bergers-schlagerparadies.de\/wp-content\/uploads\/2025\/03\/Joey-Heindle-Ich-verliere-die-Kontrolle-2048x2048.png 2048w, https:\/\/bergers-schlagerparadies.de\/wp-content\/uploads\/2025\/03\/Joey-Heindle-Ich-verliere-die-Kontrolle-1200x1200.png 1200w, https:\/\/bergers-schlagerparadies.de\/wp-content\/uploads\/2025\/03\/Joey-Heindle-Ich-verliere-die-Kontrolle-1188x1188.png 1188w, https:\/\/bergers-schlagerparadies.de\/wp-content\/uploads\/2025\/03\/Joey-Heindle-Ich-verliere-die-Kontrolle-100x100.png 100w\" sizes=\"auto, (max-width: 300px) 100vw, 300px\" \/>Joey Heindle kn\u00fcpft im neuen Jahr nahtlos an seine musikalischen Erfolge der letzten Monate an. Nach dem sich auch seine letzte Single \u201eWeil das hier unser Leben ist\u201c in den Top 10 der konservativen Airplaycharts platzieren konnte, pr\u00e4sentiert der sympathische Oberbayer nun mit \u201eIch verliere die Kontrolle\u201c seine erste Single Auskopplung 2025. Mit seinem neuen Song zeigt der mediale Tausendsassa erneut, dass er sich musikalisch gekonnt zwischen Schlager und Deutsch-Pop zu bewegen wei\u00df. Angesagte 80er Jahre Synthie Sounds treffen auf eine pure emotionale Aussage die Joey erneut stimmlich hervorragend interpretiert.<\/p>\n<p>Nach dem Joey Heindle seinen privaten Lebensmittelpunkt wieder zur\u00fcck nach Deutschland verlegt hat pendelt er regelm\u00e4\u00dfig zwischen den Metropolen M\u00fcnchen und Berlin und freut sich \u00fcber die immer weiter anwachsende Zahl an Konzertterminen. So wird er noch im M\u00e4rz als \u00dcberraschungsgast auf \u201eDie gro\u00dfe Schlager Hitparade\u201c Tour gehen und ab Mai stehen zahlreiche Sommerkonzerte im Kalender. Ein ganz besonderes Highlight wird f\u00fcr Joey Heindle dieses Jahr die Mitwirkung im Musical \u201eSaturday Night Fever\u201c &#8211; ab September wird er in mehr als 50 Shows auf den Musicalb\u00fchnen in Deutschland und \u00d6sterreich stehen.<\/p>\n<p>Vorher konzentriert sich Joey Heindle nat\u00fcrlich weiter auf die eigene Musik weitergehen und freut sich schon seinen neuesten Song \u201eIch verliere die Kontrolle\u201c nach der Ver\u00f6ffentlichung am 21. M\u00e4rz auch bald im TV pr\u00e4sentieren zu d\u00fcrfen.<\/p>\n<p><span style=\"color: #800000;\"><strong>Quelle: Heart of Berlin<\/strong><\/span><\/p>\n<p><span style=\"color: #800000;\"><strong>Dieser Song ist ab dem 28.03.2025 auf allen Download- und Streaming-Portalen erh\u00e4ltlich.\u00a0<\/strong><\/span><\/p>\n<p><span style=\"color: #800000;\"><strong>Airdate (f\u00fcr Radiosender): 21.03.2025<\/strong><\/span><\/p>\n","protected":false},"excerpt":{"rendered":"<p>Joey Heindle kn\u00fcpft im neuen Jahr nahtlos an seine musikalischen Erfolge der letzten Monate an. Nach dem sich auch seine letzte Single \u201eWeil das hier unser Leben ist\u201c in den Top 10 der konservativen Airplaycharts platzieren konnte, pr\u00e4sentiert der sympathische Oberbayer nun mit \u201eIch verliere die Kontrolle\u201c seine erste Single Auskopplung 2025. Mit seinem neuen Song zeigt der mediale Tausendsassa erneut, dass er sich musikalisch gekonnt zwischen Schlager und Deutsch-Pop zu bewegen wei\u00df. Angesagte 80er Jahre Synthie Sounds treffen auf eine pure emotionale Aussage die Joey erneut stimmlich hervorragend interpretiert. Nach dem Joey Heindle seinen privaten Lebensmittelpunkt wieder zur\u00fcck nach Deutschland verlegt hat pendelt er&#8230;<\/p>\n","protected":false},"author":1,"featured_media":33678,"comment_status":"open","ping_status":"open","sticky":false,"template":"","format":"standard","meta":{"footnotes":""},"categories":[3231,3264,3744,2],"tags":[882],"class_list":["post-33676","post","type-post","status-publish","format-standard","has-post-thumbnail","hentry","category-bergers-schlagerparadies","category-deutsch-pop","category-heart-of-berlin","category-schlager","tag-joey-heindle","wpcat-3231-id","wpcat-3264-id","wpcat-3744-id","wpcat-2-id"],"_links":{"self":[{"href":"https:\/\/bergers-schlagerparadies.de\/index.php?rest_route=\/wp\/v2\/posts\/33676","targetHints":{"allow":["GET"]}}],"collection":[{"href":"https:\/\/bergers-schlagerparadies.de\/index.php?rest_route=\/wp\/v2\/posts"}],"about":[{"href":"https:\/\/bergers-schlagerparadies.de\/index.php?rest_route=\/wp\/v2\/types\/post"}],"author":[{"embeddable":true,"href":"https:\/\/bergers-schlagerparadies.de\/index.php?rest_route=\/wp\/v2\/users\/1"}],"replies":[{"embeddable":true,"href":"https:\/\/bergers-schlagerparadies.de\/index.php?rest_route=%2Fwp%2Fv2%2Fcomments&post=33676"}],"version-history":[{"count":1,"href":"https:\/\/bergers-schlagerparadies.de\/index.php?rest_route=\/wp\/v2\/posts\/33676\/revisions"}],"predecessor-version":[{"id":33679,"href":"https:\/\/bergers-schlagerparadies.de\/index.php?rest_route=\/wp\/v2\/posts\/33676\/revisions\/33679"}],"wp:featuredmedia":[{"embeddable":true,"href":"https:\/\/bergers-schlagerparadies.de\/index.php?rest_route=\/wp\/v2\/media\/33678"}],"wp:attachment":[{"href":"https:\/\/bergers-schlagerparadies.de\/index.php?rest_route=%2Fwp%2Fv2%2Fmedia&parent=33676"}],"wp:term":[{"taxonomy":"category","embeddable":true,"href":"https:\/\/bergers-schlagerparadies.de\/index.php?rest_route=%2Fwp%2Fv2%2Fcategories&post=33676"},{"taxonomy":"post_tag","embeddable":true,"href":"https:\/\/bergers-schlagerparadies.de\/index.php?rest_route=%2Fwp%2Fv2%2Ftags&post=33676"}],"curies":[{"name":"wp","href":"https:\/\/api.w.org\/{rel}","templated":true}]}}