{"id":33627,"date":"2025-03-19T21:06:25","date_gmt":"2025-03-19T20:06:25","guid":{"rendered":"https:\/\/bergers-schlagerparadies.de\/?p=33627"},"modified":"2025-03-19T21:06:25","modified_gmt":"2025-03-19T20:06:25","slug":"christa-fartek-deep-in-my-heart-%c2%b7-bergers-schlagerparadies","status":"publish","type":"post","link":"https:\/\/bergers-schlagerparadies.de\/?p=33627","title":{"rendered":"Christa Fartek &#8211; Deep in my heart \u00b7 Berger\u00b4s Schlagerparadies"},"content":{"rendered":"<p><img loading=\"lazy\" decoding=\"async\" class=\"size-medium wp-image-33628 alignleft\" src=\"https:\/\/bergers-schlagerparadies.de\/wp-content\/uploads\/2025\/03\/Christa-Fartek-Deep-in-my-heart-300x300.jpg\" alt=\"\" width=\"300\" height=\"300\" srcset=\"https:\/\/bergers-schlagerparadies.de\/wp-content\/uploads\/2025\/03\/Christa-Fartek-Deep-in-my-heart-300x300.jpg 300w, https:\/\/bergers-schlagerparadies.de\/wp-content\/uploads\/2025\/03\/Christa-Fartek-Deep-in-my-heart-1024x1024.jpg 1024w, https:\/\/bergers-schlagerparadies.de\/wp-content\/uploads\/2025\/03\/Christa-Fartek-Deep-in-my-heart-150x150.jpg 150w, https:\/\/bergers-schlagerparadies.de\/wp-content\/uploads\/2025\/03\/Christa-Fartek-Deep-in-my-heart-768x768.jpg 768w, https:\/\/bergers-schlagerparadies.de\/wp-content\/uploads\/2025\/03\/Christa-Fartek-Deep-in-my-heart-1536x1536.jpg 1536w, https:\/\/bergers-schlagerparadies.de\/wp-content\/uploads\/2025\/03\/Christa-Fartek-Deep-in-my-heart-2048x2048.jpg 2048w, https:\/\/bergers-schlagerparadies.de\/wp-content\/uploads\/2025\/03\/Christa-Fartek-Deep-in-my-heart-1200x1200.jpg 1200w, https:\/\/bergers-schlagerparadies.de\/wp-content\/uploads\/2025\/03\/Christa-Fartek-Deep-in-my-heart-1188x1188.jpg 1188w, https:\/\/bergers-schlagerparadies.de\/wp-content\/uploads\/2025\/03\/Christa-Fartek-Deep-in-my-heart-100x100.jpg 100w\" sizes=\"auto, (max-width: 300px) 100vw, 300px\" \/>Christa Fartek beschreitet weiterhin den Weg der Country Musik. Diesmal mit einer wundersch\u00f6nen gef\u00fchlvollen Country Ballade.<\/p>\n<p>Ihre unverkennbare Stimme und eine Produktion aus Country Kl\u00e4ngen und weichen Strings, zeichnet diesen Song aus.<\/p>\n<p>Das Lied beinhaltet eine Story in der es um eine Verletzung in einer Beziehung geht, mit der Erkenntnis loszulassen und zu wissen, dass man einen anderen Weg einschlagen sollte.<\/p>\n<p>Tief im Herzen sp\u00fcren wir, was das Richtige f\u00fcr uns ist. Dazu braucht es oft keine Worte.<\/p>\n<p>&nbsp;<\/p>\n<p><span style=\"color: #800000;\"><strong>Quelle: Fiesta Records<\/strong><\/span><\/p>\n<p><span style=\"color: #800000;\"><strong>Dieser Song ist ab dem 21.03.2025 auf allen Download- und Streaming-Portalen erh\u00e4ltlich.\u00a0<\/strong><\/span><\/p>\n<p><span style=\"color: #800000;\"><strong>Airdate (f\u00fcr Radiosender): 19.03.2025<\/strong><\/span><\/p>\n","protected":false},"excerpt":{"rendered":"<p>Christa Fartek beschreitet weiterhin den Weg der Country Musik. Diesmal mit einer wundersch\u00f6nen gef\u00fchlvollen Country Ballade. Ihre unverkennbare Stimme und eine Produktion aus Country Kl\u00e4ngen und weichen Strings, zeichnet diesen Song aus. Das Lied beinhaltet eine Story in der es um eine Verletzung in einer Beziehung geht, mit der Erkenntnis loszulassen und zu wissen, dass man einen anderen Weg einschlagen sollte. Tief im Herzen sp\u00fcren wir, was das Richtige f\u00fcr uns ist. Dazu braucht es oft keine Worte. &nbsp; Quelle: Fiesta Records Dieser Song ist ab dem 21.03.2025 auf allen Download- und Streaming-Portalen erh\u00e4ltlich.\u00a0 Airdate (f\u00fcr Radiosender): 19.03.2025<\/p>\n","protected":false},"author":1,"featured_media":33628,"comment_status":"open","ping_status":"open","sticky":false,"template":"","format":"standard","meta":{"footnotes":""},"categories":[3231,3232],"tags":[1315],"class_list":["post-33627","post","type-post","status-publish","format-standard","has-post-thumbnail","hentry","category-bergers-schlagerparadies","category-fiesta-records","tag-christa-fartek","wpcat-3231-id","wpcat-3232-id"],"_links":{"self":[{"href":"https:\/\/bergers-schlagerparadies.de\/index.php?rest_route=\/wp\/v2\/posts\/33627","targetHints":{"allow":["GET"]}}],"collection":[{"href":"https:\/\/bergers-schlagerparadies.de\/index.php?rest_route=\/wp\/v2\/posts"}],"about":[{"href":"https:\/\/bergers-schlagerparadies.de\/index.php?rest_route=\/wp\/v2\/types\/post"}],"author":[{"embeddable":true,"href":"https:\/\/bergers-schlagerparadies.de\/index.php?rest_route=\/wp\/v2\/users\/1"}],"replies":[{"embeddable":true,"href":"https:\/\/bergers-schlagerparadies.de\/index.php?rest_route=%2Fwp%2Fv2%2Fcomments&post=33627"}],"version-history":[{"count":1,"href":"https:\/\/bergers-schlagerparadies.de\/index.php?rest_route=\/wp\/v2\/posts\/33627\/revisions"}],"predecessor-version":[{"id":33629,"href":"https:\/\/bergers-schlagerparadies.de\/index.php?rest_route=\/wp\/v2\/posts\/33627\/revisions\/33629"}],"wp:featuredmedia":[{"embeddable":true,"href":"https:\/\/bergers-schlagerparadies.de\/index.php?rest_route=\/wp\/v2\/media\/33628"}],"wp:attachment":[{"href":"https:\/\/bergers-schlagerparadies.de\/index.php?rest_route=%2Fwp%2Fv2%2Fmedia&parent=33627"}],"wp:term":[{"taxonomy":"category","embeddable":true,"href":"https:\/\/bergers-schlagerparadies.de\/index.php?rest_route=%2Fwp%2Fv2%2Fcategories&post=33627"},{"taxonomy":"post_tag","embeddable":true,"href":"https:\/\/bergers-schlagerparadies.de\/index.php?rest_route=%2Fwp%2Fv2%2Ftags&post=33627"}],"curies":[{"name":"wp","href":"https:\/\/api.w.org\/{rel}","templated":true}]}}