{"id":33617,"date":"2025-03-19T20:42:16","date_gmt":"2025-03-19T19:42:16","guid":{"rendered":"https:\/\/bergers-schlagerparadies.de\/?p=33617"},"modified":"2025-03-19T20:42:16","modified_gmt":"2025-03-19T19:42:16","slug":"michaela-birka-traummelodie-%c2%b7-bergers-schlagerparadies","status":"publish","type":"post","link":"https:\/\/bergers-schlagerparadies.de\/?p=33617","title":{"rendered":"Michaela Birka &#8211; Traummelodie \u00b7 Berger\u00b4s Schlagerparadies"},"content":{"rendered":"<p><img loading=\"lazy\" decoding=\"async\" class=\"size-medium wp-image-33618 alignleft\" src=\"https:\/\/bergers-schlagerparadies.de\/wp-content\/uploads\/2025\/03\/Michaela-Birka-Traummelodie-300x300.jpg\" alt=\"\" width=\"300\" height=\"300\" srcset=\"https:\/\/bergers-schlagerparadies.de\/wp-content\/uploads\/2025\/03\/Michaela-Birka-Traummelodie-300x300.jpg 300w, https:\/\/bergers-schlagerparadies.de\/wp-content\/uploads\/2025\/03\/Michaela-Birka-Traummelodie-1024x1024.jpg 1024w, https:\/\/bergers-schlagerparadies.de\/wp-content\/uploads\/2025\/03\/Michaela-Birka-Traummelodie-150x150.jpg 150w, https:\/\/bergers-schlagerparadies.de\/wp-content\/uploads\/2025\/03\/Michaela-Birka-Traummelodie-768x768.jpg 768w, https:\/\/bergers-schlagerparadies.de\/wp-content\/uploads\/2025\/03\/Michaela-Birka-Traummelodie-1188x1188.jpg 1188w, https:\/\/bergers-schlagerparadies.de\/wp-content\/uploads\/2025\/03\/Michaela-Birka-Traummelodie-100x100.jpg 100w, https:\/\/bergers-schlagerparadies.de\/wp-content\/uploads\/2025\/03\/Michaela-Birka-Traummelodie.jpg 1200w\" sizes=\"auto, (max-width: 300px) 100vw, 300px\" \/>\u201eIch bin hoffnungslos romantisch\u201c\u2026. So beschreibt sich die K\u00fcnstlerin selbst und so erkl\u00e4rt sich auch ihre gro\u00dfe Liebe zum romantischen Schlager. Dass ihre Deb\u00fct-Single \u201eTraummelodie\u201c auch klassische Elemente enth\u00e4lt, verdanken wir dem langj\u00e4hrigen Gesangsunterricht von Michaela Birka, im klassischen Bereich.<\/p>\n<p>Viele Jahre war die S\u00e4ngerin und K\u00fcnstlerin aus Nordrhein-Westfalen Mitglied in einem weltlichen Chor und sang innerhalb des Chores als Solistin u.a. im Bereich der Operette. Aber auch immer wieder stand sie mit Schlagern auf der B\u00fchne, denn das Eine schlie\u00dft das Andere ja bekanntlich nicht aus.<\/p>\n<p>Andy Glaner war es schlie\u00dflich, der Michaela vor ca. 2 Jahren bei einem ihrer Schlager-Auftritte h\u00f6rte und ihr den Titel \u201eTraummelodie\u201c schrieb, zu dem Doris Doberstein die Worte fand. \u201eDer Text spiegelt die Liebe zur Musik und ein wenig die Kennenlerngeschichte von meinem Mann Manfred und mir vor 23 Jahren wider\u201c, so erkl\u00e4rt Michaela Birka die Geschichte eines Liedes, mit dem ihr langj\u00e4hriger Traum in Erf\u00fcllung geht. Einmal einen eigenen Titel zu singen und zu ver\u00f6ffentlichen.<\/p>\n<p>Viele Jahre zuvor k\u00fcmmerte sich Michaela n\u00e4mlich um die Ver\u00f6ffentlichungen ihrer Kolleginnen und Kollegen mit ihrem Deutschen Schlagerarchiv. Ein Hobby, das sie sehr lange und sehr gerne aus\u00fcbte. Genauso wie ihre zweite gro\u00dfe Leidenschaft neben dem Singen, der sie bis heute treu blieb. Das Herstellen ma\u00dfstabsgetreuer Miniaturen, als Sammlerobjekte f\u00fcr Erwachsene.<\/p>\n<p><span style=\"color: #800000;\"><strong>Quelle: W\u00f6rle Musicland<\/strong><\/span><\/p>\n<p><span style=\"color: #800000;\"><strong>Dieser Song ist ab dem 21.03.2025 auf allen Download- und Streaming-Portalen erh\u00e4ltlich.\u00a0<\/strong><\/span><\/p>\n<p><span style=\"color: #800000;\"><strong>Airdate (f\u00fcr Radiosender): 21.03.2025<\/strong><\/span><\/p>\n","protected":false},"excerpt":{"rendered":"<p>\u201eIch bin hoffnungslos romantisch\u201c\u2026. So beschreibt sich die K\u00fcnstlerin selbst und so erkl\u00e4rt sich auch ihre gro\u00dfe Liebe zum romantischen Schlager. Dass ihre Deb\u00fct-Single \u201eTraummelodie\u201c auch klassische Elemente enth\u00e4lt, verdanken wir dem langj\u00e4hrigen Gesangsunterricht von Michaela Birka, im klassischen Bereich. Viele Jahre war die S\u00e4ngerin und K\u00fcnstlerin aus Nordrhein-Westfalen Mitglied in einem weltlichen Chor und sang innerhalb des Chores als Solistin u.a. im Bereich der Operette. Aber auch immer wieder stand sie mit Schlagern auf der B\u00fchne, denn das Eine schlie\u00dft das Andere ja bekanntlich nicht aus. Andy Glaner war es schlie\u00dflich, der Michaela vor ca. 2 Jahren bei einem ihrer Schlager-Auftritte h\u00f6rte und ihr&#8230;<\/p>\n","protected":false},"author":1,"featured_media":33618,"comment_status":"open","ping_status":"open","sticky":false,"template":"","format":"standard","meta":{"footnotes":""},"categories":[3231,3255,2,3283],"tags":[3737],"class_list":["post-33617","post","type-post","status-publish","format-standard","has-post-thumbnail","hentry","category-bergers-schlagerparadies","category-deutsch","category-schlager","category-woerle-musicland-gbr","tag-michaela-birka","wpcat-3231-id","wpcat-3255-id","wpcat-2-id","wpcat-3283-id"],"_links":{"self":[{"href":"https:\/\/bergers-schlagerparadies.de\/index.php?rest_route=\/wp\/v2\/posts\/33617","targetHints":{"allow":["GET"]}}],"collection":[{"href":"https:\/\/bergers-schlagerparadies.de\/index.php?rest_route=\/wp\/v2\/posts"}],"about":[{"href":"https:\/\/bergers-schlagerparadies.de\/index.php?rest_route=\/wp\/v2\/types\/post"}],"author":[{"embeddable":true,"href":"https:\/\/bergers-schlagerparadies.de\/index.php?rest_route=\/wp\/v2\/users\/1"}],"replies":[{"embeddable":true,"href":"https:\/\/bergers-schlagerparadies.de\/index.php?rest_route=%2Fwp%2Fv2%2Fcomments&post=33617"}],"version-history":[{"count":1,"href":"https:\/\/bergers-schlagerparadies.de\/index.php?rest_route=\/wp\/v2\/posts\/33617\/revisions"}],"predecessor-version":[{"id":33621,"href":"https:\/\/bergers-schlagerparadies.de\/index.php?rest_route=\/wp\/v2\/posts\/33617\/revisions\/33621"}],"wp:featuredmedia":[{"embeddable":true,"href":"https:\/\/bergers-schlagerparadies.de\/index.php?rest_route=\/wp\/v2\/media\/33618"}],"wp:attachment":[{"href":"https:\/\/bergers-schlagerparadies.de\/index.php?rest_route=%2Fwp%2Fv2%2Fmedia&parent=33617"}],"wp:term":[{"taxonomy":"category","embeddable":true,"href":"https:\/\/bergers-schlagerparadies.de\/index.php?rest_route=%2Fwp%2Fv2%2Fcategories&post=33617"},{"taxonomy":"post_tag","embeddable":true,"href":"https:\/\/bergers-schlagerparadies.de\/index.php?rest_route=%2Fwp%2Fv2%2Ftags&post=33617"}],"curies":[{"name":"wp","href":"https:\/\/api.w.org\/{rel}","templated":true}]}}