{"id":33303,"date":"2025-03-06T23:21:46","date_gmt":"2025-03-06T22:21:46","guid":{"rendered":"https:\/\/bergers-schlagerparadies.de\/?p=33303"},"modified":"2025-03-06T23:21:46","modified_gmt":"2025-03-06T22:21:46","slug":"bryan-camphens-beter-met-zijn-twee-gemeinsam-besser-%c2%b7-bergers-schlagerparadies","status":"publish","type":"post","link":"https:\/\/bergers-schlagerparadies.de\/?p=33303","title":{"rendered":"Bryan Camphens \u2013 Beter met zijn twee &#8211; Gemeinsam besser \u00b7 Berger\u00b4s Schlagerparadies"},"content":{"rendered":"<div class=\"x11i5rnm xat24cr x1mh8g0r x1vvkbs xtlvy1s x126k92a\">\n<div dir=\"auto\"><img loading=\"lazy\" decoding=\"async\" class=\"size-medium wp-image-33304 alignleft\" src=\"https:\/\/bergers-schlagerparadies.de\/wp-content\/uploads\/2025\/03\/Bryan-Camphens-\u2013-Beter-met-zijn-twee-Gemeinsam-besser-300x300.jpg\" alt=\"\" width=\"300\" height=\"300\" srcset=\"https:\/\/bergers-schlagerparadies.de\/wp-content\/uploads\/2025\/03\/Bryan-Camphens-\u2013-Beter-met-zijn-twee-Gemeinsam-besser-300x300.jpg 300w, https:\/\/bergers-schlagerparadies.de\/wp-content\/uploads\/2025\/03\/Bryan-Camphens-\u2013-Beter-met-zijn-twee-Gemeinsam-besser-150x150.jpg 150w, https:\/\/bergers-schlagerparadies.de\/wp-content\/uploads\/2025\/03\/Bryan-Camphens-\u2013-Beter-met-zijn-twee-Gemeinsam-besser-100x100.jpg 100w, https:\/\/bergers-schlagerparadies.de\/wp-content\/uploads\/2025\/03\/Bryan-Camphens-\u2013-Beter-met-zijn-twee-Gemeinsam-besser.jpg 636w\" sizes=\"auto, (max-width: 300px) 100vw, 300px\" \/><span style=\"\">Hochwertige Produktion der neuen Single &#8218;Besser mit seinen beiden&#8216; bringt Bryan Camphens fest in den Sattel<\/span><\/div>\n<\/div>\n<div class=\"x11i5rnm xat24cr x1mh8g0r x1vvkbs xtlvy1s x126k92a\">\n<div dir=\"auto\">Aufregende Zeiten f\u00fcr Bryan Camphens stehen vor uns. Vor 15 Jahren begann seine musikalische Karriere mit einer Rolle in der nationalen Musikproduktion Pietje Bell. Danach entschied er sich, seinen Weg als Solos\u00e4nger fortzusetzen. Bryan hat unter anderem mit dem Produzenten\/Komponist Melchior Rietveldt zusammengearbeitet und viel von ihm gelernt. Qua Auftritte kann sich Bryan definitiv nicht beschweren. Vor allem in S\u00fcdholland ist er ein beliebter Entertainer. Es besteht die Chance, dass seine neue Single &#8218;Beter met sin two&#8216; ihn noch viel weiter bringt und er bundesweit durchbrechen k\u00f6nnte. Das Lied wurde von A bis Z von Robert Vredeveld und Jeroen Russchen gemacht. Diese M\u00e4nner sind auch f\u00fcr das Lied &#8222;Zur\u00fcck in der Zeit&#8220; von Yves Berendse verantwortlich. Wir wissen alle, dass dies sein gro\u00dfer Durchbruch war. Die Produktion von &#8222;Beter met zin two&#8220; ist vom gleichen Kaliber. Mit anderen Worten&#8230;&#8230; Diese Platte k\u00f6nnte nur der Anfang von etwas Sch\u00f6nem sein.<\/div>\n<\/div>\n<div class=\"x11i5rnm xat24cr x1mh8g0r x1vvkbs xtlvy1s x126k92a\">\n<div dir=\"auto\">Bryan: &#8222;Eigentlich m\u00f6chte ich alle alten Schiffe verbrennen und mich auf die Zukunft konzentrieren. Was war, ist gewesen. Ab jetzt m\u00f6chte ich nur noch Musik ver\u00f6ffentlichen, die mir besser steht. Meine neue Single kann als holl\u00e4ndisches Uptempo-Pop-Album mit einer sch\u00f6nen Handlung beschrieben werden. Es geht um die Liebe zwischen zwei Menschen, die sich vom ersten Moment an ineinander verliebt haben. Dieses Gef\u00fchl hat sie nie verlassen und ist bis heute da. Trotz ein wenig Kampf hin und wieder sind sie besser mit den beiden. Musikalisch sorgt die Inszenierung f\u00fcr G\u00e4nsehaut. Das f\u00e4ngt schon bei der sch\u00f6nen Klavierarbeit an, mit der das Lied beginnt. Ich denke, die Entscheidung, mit Robert und Jeroen zusammenzuarbeiten, ist einer der besten Schritte, die ich bisher unternommen habe. Wir sind in der gleichen Alterskategorie und das hat sicherlich zu diesem Song beigetragen. Wir kennen uns schon l\u00e4nger \u00fcber die Social-Media-Kan\u00e4le. Ich habe Videos von Auftritten geschickt und es gab immer nette Reaktionen. Das ist der Grund, warum ich das Groninger Produzentenduo kontaktiert habe. Vom ersten Moment an machte es Klick. Nachdem ich das erste Demo von &#8218;Better with his two&#8216; erhalten hatte, war ich auch schon begeistert. Ich bin mit dem Endergebnis mehr als zufrieden und hoffe aufrichtig, dass es ein Erfolg wird. Wie bei jedem anderen K\u00fcnstler ist es ein Traum, von der Musik leben zu k\u00f6nnen. Ist das nicht der Fall, gibt es keinen Grund zur Sorge. Im Alltag arbeite ich mit Zufriedenheit in einer kieferorthop\u00e4dischen Praxis und behandle Patienten am Lehrstuhl. Au\u00dferdem betreibe ich selbst eine Marketingagentur. Es werden also aufregende Zeiten&#8230;&#8220;<\/div>\n<\/div>\n<div class=\"x11i5rnm xat24cr x1mh8g0r x1vvkbs xtlvy1s x126k92a\">\n<div dir=\"auto\">Die Single &#8218;Better with his two&#8216; erscheint bei Vredeveld &amp; Russchen Music und kann ab dem 7. M\u00e4rz 2025 auf den bekannten Plattformen gestreamt werden. Der Clip kann auf YouTube und in den sozialen Netzwerken von Bryan Camphens bewundert werden.<\/div>\n<\/div>\n<div class=\"x11i5rnm xat24cr x1mh8g0r x1vvkbs xtlvy1s x126k92a\">\n<div dir=\"auto\">Mit freundlicher Genehmigung von: ScorePromotions<\/div>\n<div dir=\"auto\">\n<p><span style=\"color: #800000;\"><strong>Quelle: ScorePromotions<\/strong><\/span><\/p>\n<p><span style=\"color: #800000;\"><strong>Dieser Song ist ab dem 07.03.2025 auf allen Download- und Streaming-Portalen erh\u00e4ltlich.\u00a0<\/strong><\/span><\/p>\n<p><span style=\"color: #800000;\"><strong>Airdate (f\u00fcr Radiosender): 07.03.2025<\/strong><\/span><\/p>\n<\/div>\n<\/div>\n","protected":false},"excerpt":{"rendered":"<p>Hochwertige Produktion der neuen Single &#8218;Besser mit seinen beiden&#8216; bringt Bryan Camphens fest in den Sattel Aufregende Zeiten f\u00fcr Bryan Camphens stehen vor uns. Vor 15 Jahren begann seine musikalische Karriere mit einer Rolle in der nationalen Musikproduktion Pietje Bell. Danach entschied er sich, seinen Weg als Solos\u00e4nger fortzusetzen. Bryan hat unter anderem mit dem Produzenten\/Komponist Melchior Rietveldt zusammengearbeitet und viel von ihm gelernt. Qua Auftritte kann sich Bryan definitiv nicht beschweren. Vor allem in S\u00fcdholland ist er ein beliebter Entertainer. Es besteht die Chance, dass seine neue Single &#8218;Beter met sin two&#8216; ihn noch viel weiter bringt und er bundesweit durchbrechen k\u00f6nnte. Das Lied&#8230;<\/p>\n","protected":false},"author":1,"featured_media":33304,"comment_status":"open","ping_status":"open","sticky":false,"template":"","format":"standard","meta":{"footnotes":""},"categories":[3231,3243,3306],"tags":[3690],"class_list":["post-33303","post","type-post","status-publish","format-standard","has-post-thumbnail","hentry","category-bergers-schlagerparadies","category-niederlande","category-scorepromotions","tag-bryan-camphen","wpcat-3231-id","wpcat-3243-id","wpcat-3306-id"],"_links":{"self":[{"href":"https:\/\/bergers-schlagerparadies.de\/index.php?rest_route=\/wp\/v2\/posts\/33303","targetHints":{"allow":["GET"]}}],"collection":[{"href":"https:\/\/bergers-schlagerparadies.de\/index.php?rest_route=\/wp\/v2\/posts"}],"about":[{"href":"https:\/\/bergers-schlagerparadies.de\/index.php?rest_route=\/wp\/v2\/types\/post"}],"author":[{"embeddable":true,"href":"https:\/\/bergers-schlagerparadies.de\/index.php?rest_route=\/wp\/v2\/users\/1"}],"replies":[{"embeddable":true,"href":"https:\/\/bergers-schlagerparadies.de\/index.php?rest_route=%2Fwp%2Fv2%2Fcomments&post=33303"}],"version-history":[{"count":1,"href":"https:\/\/bergers-schlagerparadies.de\/index.php?rest_route=\/wp\/v2\/posts\/33303\/revisions"}],"predecessor-version":[{"id":33305,"href":"https:\/\/bergers-schlagerparadies.de\/index.php?rest_route=\/wp\/v2\/posts\/33303\/revisions\/33305"}],"wp:featuredmedia":[{"embeddable":true,"href":"https:\/\/bergers-schlagerparadies.de\/index.php?rest_route=\/wp\/v2\/media\/33304"}],"wp:attachment":[{"href":"https:\/\/bergers-schlagerparadies.de\/index.php?rest_route=%2Fwp%2Fv2%2Fmedia&parent=33303"}],"wp:term":[{"taxonomy":"category","embeddable":true,"href":"https:\/\/bergers-schlagerparadies.de\/index.php?rest_route=%2Fwp%2Fv2%2Fcategories&post=33303"},{"taxonomy":"post_tag","embeddable":true,"href":"https:\/\/bergers-schlagerparadies.de\/index.php?rest_route=%2Fwp%2Fv2%2Ftags&post=33303"}],"curies":[{"name":"wp","href":"https:\/\/api.w.org\/{rel}","templated":true}]}}