{"id":33299,"date":"2025-03-06T22:40:56","date_gmt":"2025-03-06T21:40:56","guid":{"rendered":"https:\/\/bergers-schlagerparadies.de\/?p=33299"},"modified":"2025-03-06T22:41:08","modified_gmt":"2025-03-06T21:41:08","slug":"jens-wagner-ich-will-fuer-immer-bleiben-%c2%b7-bergers-schlagerparadies","status":"publish","type":"post","link":"https:\/\/bergers-schlagerparadies.de\/?p=33299","title":{"rendered":"Jens Wagner &#8211; Ich will f\u00fcr immer bleiben \u00b7 Berger\u00b4s Schlagerparadies"},"content":{"rendered":"<p><img loading=\"lazy\" decoding=\"async\" class=\"size-medium wp-image-33300 alignleft\" src=\"https:\/\/bergers-schlagerparadies.de\/wp-content\/uploads\/2025\/03\/Jens-Wagner-Ich-will-fuer-immer-bleiben-300x300.jpg\" alt=\"\" width=\"300\" height=\"300\" srcset=\"https:\/\/bergers-schlagerparadies.de\/wp-content\/uploads\/2025\/03\/Jens-Wagner-Ich-will-fuer-immer-bleiben-300x300.jpg 300w, https:\/\/bergers-schlagerparadies.de\/wp-content\/uploads\/2025\/03\/Jens-Wagner-Ich-will-fuer-immer-bleiben-1024x1024.jpg 1024w, https:\/\/bergers-schlagerparadies.de\/wp-content\/uploads\/2025\/03\/Jens-Wagner-Ich-will-fuer-immer-bleiben-150x150.jpg 150w, https:\/\/bergers-schlagerparadies.de\/wp-content\/uploads\/2025\/03\/Jens-Wagner-Ich-will-fuer-immer-bleiben-768x768.jpg 768w, https:\/\/bergers-schlagerparadies.de\/wp-content\/uploads\/2025\/03\/Jens-Wagner-Ich-will-fuer-immer-bleiben-1536x1536.jpg 1536w, https:\/\/bergers-schlagerparadies.de\/wp-content\/uploads\/2025\/03\/Jens-Wagner-Ich-will-fuer-immer-bleiben-2048x2048.jpg 2048w, https:\/\/bergers-schlagerparadies.de\/wp-content\/uploads\/2025\/03\/Jens-Wagner-Ich-will-fuer-immer-bleiben-1200x1200.jpg 1200w, https:\/\/bergers-schlagerparadies.de\/wp-content\/uploads\/2025\/03\/Jens-Wagner-Ich-will-fuer-immer-bleiben-1188x1188.jpg 1188w, https:\/\/bergers-schlagerparadies.de\/wp-content\/uploads\/2025\/03\/Jens-Wagner-Ich-will-fuer-immer-bleiben-100x100.jpg 100w\" sizes=\"auto, (max-width: 300px) 100vw, 300px\" \/>Ich will f\u00fcr immer bleiben&#8220; von Jens Wagner<\/p>\n<p>Eingefangen von der Liebe und mit einem klaren Statement, kehrt der S\u00e4nger Jens Wagner mit seiner neuen Single \u201eIch will f\u00fcr immer bleiben\u201c zu dem<br \/>\n\u201ekleinen aber feinen\u201c Plattenlabel<\/p>\n<p><strong>\u201eKLONDIKE Records\u201c zur\u00fcck.<\/strong><\/p>\n<p>Jens Wagners neuer Song &#8222;Ich will f\u00fcr immer bleiben&#8220; thematisiert die Sehnsucht, den richtigen Menschen an seiner Seite gefunden zu haben und die Hoffnung, dass diese Verliebtheit nicht einseitig bleibt. Es ist der Ausdruck des Wunschs nach Best\u00e4ndigkeit in einer sonst so fl\u00fcchtigen Welt.<\/p>\n<p>In Zusammenarbeit mit der Textdichterin Susan Ebrahimi schrieb Jens einen gef\u00fchlvollen Song, der alle Elemente in sich tr\u00e4gt, um die Charts zu erobern. Die Kombination aus Leidenschaft und Verletzlichkeit macht \u201eIch will f\u00fcr immer bleiben\u201c nachvollziehbar und ansprechend f\u00fcr jeden, der schon einmal das Kribbeln im Bauch erlebt hat.<\/p>\n<p>Musikalisch \u00fcberzeugt der moderne Popschlager durch eing\u00e4ngige Melodien, einem treibenden Beat und frischen Synthie Sounds aus dem Hause C-Base-Music. Gespickt mit den coolen Gitarrenkl\u00e4ngen von J\u00f6rg Wartmann, der bereits f\u00fcr K\u00fcnstler wie Christian Lais, Bernhard Brink und Beatrice Egli arbeitete und in Kombination mit Jens Wagners klarer, unverwechselbarer Stimme, entstand so eine Atmosph\u00e4re aus Kraft und Gef\u00fchl, welche die Emotionen des Textes wunderbar transportiert. Ein interessantes Element ist ebenso der freche Rhythmus Wechsel nach der Bridge und der tiefe, stimmliche Einstieg von Jens, in den wiederkehren Refrain, der erneut frischen Schwung ins St\u00fcck bringt. Eine weitere Facette des S\u00e4ngers, welche seine gesangliche Bandbreite spiegelt.<\/p>\n<p>\u201eIch will f\u00fcr immer bleiben\u201c ist definitiv empfehlenswert f\u00fcr alle, die an die Kraft der Liebe glauben und die Hoffnung auf eine ewige Verbindung in ihrem Herzen tragen.<\/p>\n<p><span style=\"color: #800000;\"><strong>Quelle: KLONDIKE Records &amp; Songs<\/strong><\/span><\/p>\n<p><span style=\"color: #800000;\"><strong>Dieser Song ist ab dem 07.03.2025 auf allen Download- und Streaming-Portalen erh\u00e4ltlich.\u00a0<\/strong><\/span><\/p>\n<p><span style=\"color: #800000;\"><strong>Airdate (f\u00fcr Radiosender): 07.03.2025<\/strong><\/span><\/p>\n","protected":false},"excerpt":{"rendered":"<p>Ich will f\u00fcr immer bleiben&#8220; von Jens Wagner Eingefangen von der Liebe und mit einem klaren Statement, kehrt der S\u00e4nger Jens Wagner mit seiner neuen Single \u201eIch will f\u00fcr immer bleiben\u201c zu dem \u201ekleinen aber feinen\u201c Plattenlabel \u201eKLONDIKE Records\u201c zur\u00fcck. Jens Wagners neuer Song &#8222;Ich will f\u00fcr immer bleiben&#8220; thematisiert die Sehnsucht, den richtigen Menschen an seiner Seite gefunden zu haben und die Hoffnung, dass diese Verliebtheit nicht einseitig bleibt. Es ist der Ausdruck des Wunschs nach Best\u00e4ndigkeit in einer sonst so fl\u00fcchtigen Welt. In Zusammenarbeit mit der Textdichterin Susan Ebrahimi schrieb Jens einen gef\u00fchlvollen Song, der alle Elemente in sich tr\u00e4gt, um die Charts&#8230;<\/p>\n","protected":false},"author":1,"featured_media":33300,"comment_status":"open","ping_status":"open","sticky":false,"template":"","format":"standard","meta":{"footnotes":""},"categories":[3231,3437,2],"tags":[1348],"class_list":["post-33299","post","type-post","status-publish","format-standard","has-post-thumbnail","hentry","category-bergers-schlagerparadies","category-klondike-records-songs","category-schlager","tag-jens-wagner","wpcat-3231-id","wpcat-3437-id","wpcat-2-id"],"_links":{"self":[{"href":"https:\/\/bergers-schlagerparadies.de\/index.php?rest_route=\/wp\/v2\/posts\/33299","targetHints":{"allow":["GET"]}}],"collection":[{"href":"https:\/\/bergers-schlagerparadies.de\/index.php?rest_route=\/wp\/v2\/posts"}],"about":[{"href":"https:\/\/bergers-schlagerparadies.de\/index.php?rest_route=\/wp\/v2\/types\/post"}],"author":[{"embeddable":true,"href":"https:\/\/bergers-schlagerparadies.de\/index.php?rest_route=\/wp\/v2\/users\/1"}],"replies":[{"embeddable":true,"href":"https:\/\/bergers-schlagerparadies.de\/index.php?rest_route=%2Fwp%2Fv2%2Fcomments&post=33299"}],"version-history":[{"count":2,"href":"https:\/\/bergers-schlagerparadies.de\/index.php?rest_route=\/wp\/v2\/posts\/33299\/revisions"}],"predecessor-version":[{"id":33302,"href":"https:\/\/bergers-schlagerparadies.de\/index.php?rest_route=\/wp\/v2\/posts\/33299\/revisions\/33302"}],"wp:featuredmedia":[{"embeddable":true,"href":"https:\/\/bergers-schlagerparadies.de\/index.php?rest_route=\/wp\/v2\/media\/33300"}],"wp:attachment":[{"href":"https:\/\/bergers-schlagerparadies.de\/index.php?rest_route=%2Fwp%2Fv2%2Fmedia&parent=33299"}],"wp:term":[{"taxonomy":"category","embeddable":true,"href":"https:\/\/bergers-schlagerparadies.de\/index.php?rest_route=%2Fwp%2Fv2%2Fcategories&post=33299"},{"taxonomy":"post_tag","embeddable":true,"href":"https:\/\/bergers-schlagerparadies.de\/index.php?rest_route=%2Fwp%2Fv2%2Ftags&post=33299"}],"curies":[{"name":"wp","href":"https:\/\/api.w.org\/{rel}","templated":true}]}}