{"id":33127,"date":"2025-03-03T10:30:45","date_gmt":"2025-03-03T09:30:45","guid":{"rendered":"https:\/\/bergers-schlagerparadies.de\/?p=33127"},"modified":"2025-03-04T22:21:01","modified_gmt":"2025-03-04T21:21:01","slug":"arno-verano-inlove-%c2%b7-bergers-schlagerparadies","status":"publish","type":"post","link":"https:\/\/bergers-schlagerparadies.de\/?p=33127","title":{"rendered":"Arno Verano &#8211; #Inlove \u00b7 Berger\u00b4s Schlagerparadies"},"content":{"rendered":"<p><span style=\"color: #800000;\"><strong><img loading=\"lazy\" decoding=\"async\" class=\"size-medium wp-image-33128 alignleft\" src=\"https:\/\/bergers-schlagerparadies.de\/wp-content\/uploads\/2025\/02\/Arno-Verano-Inlove-300x300.jpg\" alt=\"\" width=\"300\" height=\"300\" srcset=\"https:\/\/bergers-schlagerparadies.de\/wp-content\/uploads\/2025\/02\/Arno-Verano-Inlove-300x300.jpg 300w, https:\/\/bergers-schlagerparadies.de\/wp-content\/uploads\/2025\/02\/Arno-Verano-Inlove-1024x1024.jpg 1024w, https:\/\/bergers-schlagerparadies.de\/wp-content\/uploads\/2025\/02\/Arno-Verano-Inlove-150x150.jpg 150w, https:\/\/bergers-schlagerparadies.de\/wp-content\/uploads\/2025\/02\/Arno-Verano-Inlove-768x768.jpg 768w, https:\/\/bergers-schlagerparadies.de\/wp-content\/uploads\/2025\/02\/Arno-Verano-Inlove-1536x1536.jpg 1536w, https:\/\/bergers-schlagerparadies.de\/wp-content\/uploads\/2025\/02\/Arno-Verano-Inlove-2048x2048.jpg 2048w, https:\/\/bergers-schlagerparadies.de\/wp-content\/uploads\/2025\/02\/Arno-Verano-Inlove-1200x1200.jpg 1200w, https:\/\/bergers-schlagerparadies.de\/wp-content\/uploads\/2025\/02\/Arno-Verano-Inlove-1188x1188.jpg 1188w, https:\/\/bergers-schlagerparadies.de\/wp-content\/uploads\/2025\/02\/Arno-Verano-Inlove-100x100.jpg 100w\" sizes=\"auto, (max-width: 300px) 100vw, 300px\" \/><\/strong><\/span><\/p>\n<p>Der Hamburger S\u00e4nger Arno Verano pr\u00e4sentiert seine neue Single \u201e#in Love\u201c, eine mitrei\u00dfende Ode an die gro\u00dfe Liebe.<br \/>\nDer Song, der mit viel Herzblut und Kreativit\u00e4t entstanden ist, erhielt bei den German Songwriting Awards vorab schon eine Auszeichnung als einer der besten Titel im Bereich &#8222;Pop-Schlager&#8220; unter Hunderten von Einsendungen. Ein frischer, neuer Style \u00e0 la Verano.<\/p>\n<p>Geschrieben von Ilona Boraud und komponiert von Holger Florian und Davin Bernhard, erz\u00e4hlt \u201e#in Love\u201c die Geschichte eines \u00fcberw\u00e4ltigenden Gl\u00fccksgef\u00fchls nach unz\u00e4hligen Dates. Der Funke ist \u00fcbergesprungen, die Liebe gefunden \u2013 und das wird mit der ganzen Welt geteilt: Bilder von Zweisamkeit und eingefangene Momente des gro\u00dfen Gl\u00fccks pr\u00e4gen nun die Social-Media-Kan\u00e4le. \u201e#in Love\u201c f\u00e4ngt nicht nur die Euphorie und die Intensit\u00e4t dieser frisch entflammten Liebe perfekt ein, sondern spiegelt auch die Freude, die kleinen, kostbaren Momente des Lebens festzuhalten.<\/p>\n<p>Arno Verano gelingt es, die Zuh\u00f6rer mit seiner Stimme und der emotionalen Tiefe des Songs zu verzaubern, und zeigt einmal mehr, dass er sich stets von Song zu Song weiterentwickelt.<\/p>\n<p>** #Inlove \u2013 Verliebt, vereint, unvergesslich! **<\/p>\n<p><span style=\"color: #800000;\"><strong>Quelle: Fiesta Records<\/strong><\/span><\/p>\n<p><span style=\"color: #800000;\"><strong>Dieser Song ist ab dem 07.03.2025 auf allen Download- und Streaming-Portalen erh\u00e4ltlich.\u00a0<\/strong><\/span><\/p>\n<p><span style=\"color: #800000;\"><strong>Airdate (f\u00fcr Radiosender): 04.03.2025<\/strong><\/span><\/p>\n","protected":false},"excerpt":{"rendered":"<p>Der Hamburger S\u00e4nger Arno Verano pr\u00e4sentiert seine neue Single \u201e#in Love\u201c, eine mitrei\u00dfende Ode an die gro\u00dfe Liebe. Der Song, der mit viel Herzblut und Kreativit\u00e4t entstanden ist, erhielt bei den German Songwriting Awards vorab schon eine Auszeichnung als einer der besten Titel im Bereich &#8222;Pop-Schlager&#8220; unter Hunderten von Einsendungen. Ein frischer, neuer Style \u00e0 la Verano. Geschrieben von Ilona Boraud und komponiert von Holger Florian und Davin Bernhard, erz\u00e4hlt \u201e#in Love\u201c die Geschichte eines \u00fcberw\u00e4ltigenden Gl\u00fccksgef\u00fchls nach unz\u00e4hligen Dates. Der Funke ist \u00fcbergesprungen, die Liebe gefunden \u2013 und das wird mit der ganzen Welt geteilt: Bilder von Zweisamkeit und eingefangene Momente des gro\u00dfen Gl\u00fccks&#8230;<\/p>\n","protected":false},"author":1,"featured_media":33128,"comment_status":"open","ping_status":"open","sticky":false,"template":"","format":"standard","meta":{"footnotes":""},"categories":[3231,3232,2],"tags":[475],"class_list":["post-33127","post","type-post","status-publish","format-standard","has-post-thumbnail","hentry","category-bergers-schlagerparadies","category-fiesta-records","category-schlager","tag-arno-verano","wpcat-3231-id","wpcat-3232-id","wpcat-2-id"],"_links":{"self":[{"href":"https:\/\/bergers-schlagerparadies.de\/index.php?rest_route=\/wp\/v2\/posts\/33127","targetHints":{"allow":["GET"]}}],"collection":[{"href":"https:\/\/bergers-schlagerparadies.de\/index.php?rest_route=\/wp\/v2\/posts"}],"about":[{"href":"https:\/\/bergers-schlagerparadies.de\/index.php?rest_route=\/wp\/v2\/types\/post"}],"author":[{"embeddable":true,"href":"https:\/\/bergers-schlagerparadies.de\/index.php?rest_route=\/wp\/v2\/users\/1"}],"replies":[{"embeddable":true,"href":"https:\/\/bergers-schlagerparadies.de\/index.php?rest_route=%2Fwp%2Fv2%2Fcomments&post=33127"}],"version-history":[{"count":3,"href":"https:\/\/bergers-schlagerparadies.de\/index.php?rest_route=\/wp\/v2\/posts\/33127\/revisions"}],"predecessor-version":[{"id":33246,"href":"https:\/\/bergers-schlagerparadies.de\/index.php?rest_route=\/wp\/v2\/posts\/33127\/revisions\/33246"}],"wp:featuredmedia":[{"embeddable":true,"href":"https:\/\/bergers-schlagerparadies.de\/index.php?rest_route=\/wp\/v2\/media\/33128"}],"wp:attachment":[{"href":"https:\/\/bergers-schlagerparadies.de\/index.php?rest_route=%2Fwp%2Fv2%2Fmedia&parent=33127"}],"wp:term":[{"taxonomy":"category","embeddable":true,"href":"https:\/\/bergers-schlagerparadies.de\/index.php?rest_route=%2Fwp%2Fv2%2Fcategories&post=33127"},{"taxonomy":"post_tag","embeddable":true,"href":"https:\/\/bergers-schlagerparadies.de\/index.php?rest_route=%2Fwp%2Fv2%2Ftags&post=33127"}],"curies":[{"name":"wp","href":"https:\/\/api.w.org\/{rel}","templated":true}]}}