{"id":33108,"date":"2025-02-28T11:37:15","date_gmt":"2025-02-28T10:37:15","guid":{"rendered":"https:\/\/bergers-schlagerparadies.de\/?p=33108"},"modified":"2025-02-28T11:37:39","modified_gmt":"2025-02-28T10:37:39","slug":"charlien-intensiv-%c2%b7-bergers-schlagerparadies","status":"publish","type":"post","link":"https:\/\/bergers-schlagerparadies.de\/?p=33108","title":{"rendered":"Charlien &#8211; Intensiv \u00b7 Berger\u00b4s Schlagerparadies"},"content":{"rendered":"<p><img loading=\"lazy\" decoding=\"async\" class=\"size-medium wp-image-33109 alignleft\" src=\"https:\/\/bergers-schlagerparadies.de\/wp-content\/uploads\/2025\/02\/Charlien-Intensiv-300x300.jpg\" alt=\"\" width=\"300\" height=\"300\" srcset=\"https:\/\/bergers-schlagerparadies.de\/wp-content\/uploads\/2025\/02\/Charlien-Intensiv-300x300.jpg 300w, https:\/\/bergers-schlagerparadies.de\/wp-content\/uploads\/2025\/02\/Charlien-Intensiv-1024x1024.jpg 1024w, https:\/\/bergers-schlagerparadies.de\/wp-content\/uploads\/2025\/02\/Charlien-Intensiv-150x150.jpg 150w, https:\/\/bergers-schlagerparadies.de\/wp-content\/uploads\/2025\/02\/Charlien-Intensiv-768x768.jpg 768w, https:\/\/bergers-schlagerparadies.de\/wp-content\/uploads\/2025\/02\/Charlien-Intensiv-1536x1536.jpg 1536w, https:\/\/bergers-schlagerparadies.de\/wp-content\/uploads\/2025\/02\/Charlien-Intensiv-2048x2048.jpg 2048w, https:\/\/bergers-schlagerparadies.de\/wp-content\/uploads\/2025\/02\/Charlien-Intensiv-1200x1200.jpg 1200w, https:\/\/bergers-schlagerparadies.de\/wp-content\/uploads\/2025\/02\/Charlien-Intensiv-1188x1188.jpg 1188w, https:\/\/bergers-schlagerparadies.de\/wp-content\/uploads\/2025\/02\/Charlien-Intensiv-100x100.jpg 100w\" sizes=\"auto, (max-width: 300px) 100vw, 300px\" \/>Charliens Tanz auf der Tonleiter \u2013 \u201eIntensiv\u201c umwerben sich Klassik &amp; Schlager<\/p>\n<p>Die \u00f6sterreichische S\u00e4ngerin Charlien bringt mit ihrer neuen Single erfrischende Leidenschaft in die Schlagerszene. Am 14. M\u00e4rz 2025 erscheint ihr neuester Song \u201eIntensiv\u201c, der bereits am 28. Februar an die Radiostationen bemustert wird. Der Klassiker \u201eF\u00fcr Elise\u201c ist eine der beliebtesten und bekanntesten Melodien, mit Finesse umgarnt die K\u00e4rntnerin diesen weltweit beliebten \u201eOhrwurm\u201c nun mit ihrer ausdrucksstarken Stimme. Eine bezaubernde Liebeserkl\u00e4rung an die Emotion und eine Hommage an eine durch ihre Aufrichtigkeit bestechende Tonfolge, der sich niemand entziehen kann. \u201cIntensiv\u201c \u00fcberrascht durch die leidenschaftliche Umarmung von Klassik und Schlager und definiert die Messlatte f\u00fcr ausdrucksstarke, gesangliche Qualit\u00e4t neu.<\/p>\n<p>So manches Herz ist schon eigenwillige Wege gegangen. Lassen wir unsere Fantasie fliegen. In der aktuellen Single-Version von Charlien k\u00f6nnte man meinen, dieser Klavier-Ohrwurm, der mit so wenigen charakteristischen T\u00f6nen so viel auszul\u00f6sen und zu bewegen vermag, sei der legend\u00e4rste One-Night-Stand der Musikgeschichte.<\/p>\n<p>Mit dieser au\u00dfergew\u00f6hnlichen Fusion aus Klassik und Schlager best\u00e4tigt Charlien einmal mehr ihr herausragendes Talent und besondere stimmliche Klasse. Ihre neue Single beweist eindrucksvoll, dass tanzbare Schlagermusik neu gedacht und mit kreativen Elementen bereichert werden kann, ohne an Lebendigkeit und Eing\u00e4ngigkeit zu verlieren.<\/p>\n<p>\u201eIch m\u00f6chte einen Schlager der Klassik in unsere Zeit holen und zeigen, dass der moderne Schlager so viel mehr kann\u201c, w\u00fcnscht sich Charlien Mut zu Gef\u00fchlstiefe, Klasse und Innovation und legt all dies in ihre neue Ver\u00f6ffentlichung.<\/p>\n<p>Sp\u00fcrbare Emotionalit\u00e4t und k\u00fcnstlerische Raffinesse sind in dieser eing\u00e4ngigen, symbiotischen Verbindung einzigartig. So \u201eIntensiv\u201c wurden Klassikfreunde noch nie durch diese in Worte gegossene Tonfolge verf\u00fchrt. Auch Schlagerfreunde werden sich in diese \u00fcber neun T\u00f6nen tanzende sehnsuchtsvolle Hingabe verlieben.<\/p>\n<p>Die Videopremiere zum Release verspricht nicht minder intensive Eindr\u00fccke und begleitet das H\u00f6rerlebnis mit erstaunlichen Bildern, an einem ungew\u00f6hnlichen Set in Graz mit \u00fcberraschenden optischen Effekten in Szene gesetzt.<\/p>\n<p>Produziert wurde der Song vom Hitschreiber und Produzent HUBERT MOLANDER<\/p>\n<p><span style=\"color: #800000;\"><strong>Quelle: Molamio<\/strong><\/span><\/p>\n<p><span style=\"color: #800000;\"><strong>Dieser Song ist ab dem 14.03.2025 auf allen Download- und Streaming-Portalen erh\u00e4ltlich.\u00a0<\/strong><\/span><\/p>\n<p><span style=\"color: #800000;\"><strong>Airdate (f\u00fcr Radiosender): 28.02.2025<\/strong><\/span><\/p>\n","protected":false},"excerpt":{"rendered":"<p>Charliens Tanz auf der Tonleiter \u2013 \u201eIntensiv\u201c umwerben sich Klassik &amp; Schlager Die \u00f6sterreichische S\u00e4ngerin Charlien bringt mit ihrer neuen Single erfrischende Leidenschaft in die Schlagerszene. Am 14. M\u00e4rz 2025 erscheint ihr neuester Song \u201eIntensiv\u201c, der bereits am 28. Februar an die Radiostationen bemustert wird. Der Klassiker \u201eF\u00fcr Elise\u201c ist eine der beliebtesten und bekanntesten Melodien, mit Finesse umgarnt die K\u00e4rntnerin diesen weltweit beliebten \u201eOhrwurm\u201c nun mit ihrer ausdrucksstarken Stimme. Eine bezaubernde Liebeserkl\u00e4rung an die Emotion und eine Hommage an eine durch ihre Aufrichtigkeit bestechende Tonfolge, der sich niemand entziehen kann. \u201cIntensiv\u201c \u00fcberrascht durch die leidenschaftliche Umarmung von Klassik und Schlager und definiert die Messlatte&#8230;<\/p>\n","protected":false},"author":1,"featured_media":33109,"comment_status":"open","ping_status":"open","sticky":false,"template":"","format":"standard","meta":{"footnotes":""},"categories":[3231,3255],"tags":[1204],"class_list":["post-33108","post","type-post","status-publish","format-standard","has-post-thumbnail","hentry","category-bergers-schlagerparadies","category-deutsch","tag-charlien","wpcat-3231-id","wpcat-3255-id"],"_links":{"self":[{"href":"https:\/\/bergers-schlagerparadies.de\/index.php?rest_route=\/wp\/v2\/posts\/33108","targetHints":{"allow":["GET"]}}],"collection":[{"href":"https:\/\/bergers-schlagerparadies.de\/index.php?rest_route=\/wp\/v2\/posts"}],"about":[{"href":"https:\/\/bergers-schlagerparadies.de\/index.php?rest_route=\/wp\/v2\/types\/post"}],"author":[{"embeddable":true,"href":"https:\/\/bergers-schlagerparadies.de\/index.php?rest_route=\/wp\/v2\/users\/1"}],"replies":[{"embeddable":true,"href":"https:\/\/bergers-schlagerparadies.de\/index.php?rest_route=%2Fwp%2Fv2%2Fcomments&post=33108"}],"version-history":[{"count":3,"href":"https:\/\/bergers-schlagerparadies.de\/index.php?rest_route=\/wp\/v2\/posts\/33108\/revisions"}],"predecessor-version":[{"id":33112,"href":"https:\/\/bergers-schlagerparadies.de\/index.php?rest_route=\/wp\/v2\/posts\/33108\/revisions\/33112"}],"wp:featuredmedia":[{"embeddable":true,"href":"https:\/\/bergers-schlagerparadies.de\/index.php?rest_route=\/wp\/v2\/media\/33109"}],"wp:attachment":[{"href":"https:\/\/bergers-schlagerparadies.de\/index.php?rest_route=%2Fwp%2Fv2%2Fmedia&parent=33108"}],"wp:term":[{"taxonomy":"category","embeddable":true,"href":"https:\/\/bergers-schlagerparadies.de\/index.php?rest_route=%2Fwp%2Fv2%2Fcategories&post=33108"},{"taxonomy":"post_tag","embeddable":true,"href":"https:\/\/bergers-schlagerparadies.de\/index.php?rest_route=%2Fwp%2Fv2%2Ftags&post=33108"}],"curies":[{"name":"wp","href":"https:\/\/api.w.org\/{rel}","templated":true}]}}