{"id":33079,"date":"2025-02-26T19:48:32","date_gmt":"2025-02-26T18:48:32","guid":{"rendered":"https:\/\/bergers-schlagerparadies.de\/?p=33079"},"modified":"2025-02-26T19:48:32","modified_gmt":"2025-02-26T18:48:32","slug":"richard-palla-kanada-%c2%b7-bergers-schlagerparadies","status":"publish","type":"post","link":"https:\/\/bergers-schlagerparadies.de\/?p=33079","title":{"rendered":"Richard Palla &#8211; Kanada \u00b7 Berger\u00b4s Schlagerparadies"},"content":{"rendered":"<p><img loading=\"lazy\" decoding=\"async\" class=\"size-medium wp-image-33080 alignleft\" src=\"https:\/\/bergers-schlagerparadies.de\/wp-content\/uploads\/2025\/02\/Richard-Palla-Kanada-300x300.jpg\" alt=\"\" width=\"300\" height=\"300\" srcset=\"https:\/\/bergers-schlagerparadies.de\/wp-content\/uploads\/2025\/02\/Richard-Palla-Kanada-300x300.jpg 300w, https:\/\/bergers-schlagerparadies.de\/wp-content\/uploads\/2025\/02\/Richard-Palla-Kanada-1024x1024.jpg 1024w, https:\/\/bergers-schlagerparadies.de\/wp-content\/uploads\/2025\/02\/Richard-Palla-Kanada-150x150.jpg 150w, https:\/\/bergers-schlagerparadies.de\/wp-content\/uploads\/2025\/02\/Richard-Palla-Kanada-768x768.jpg 768w, https:\/\/bergers-schlagerparadies.de\/wp-content\/uploads\/2025\/02\/Richard-Palla-Kanada-1188x1188.jpg 1188w, https:\/\/bergers-schlagerparadies.de\/wp-content\/uploads\/2025\/02\/Richard-Palla-Kanada-100x100.jpg 100w, https:\/\/bergers-schlagerparadies.de\/wp-content\/uploads\/2025\/02\/Richard-Palla-Kanada.jpg 1200w\" sizes=\"auto, (max-width: 300px) 100vw, 300px\" \/>KANADA<\/p>\n<p>hei\u00dft die Debut-Single von Richard Palla, die am 28.02.2025 ver\u00f6ffentlicht wird. Der ober\u00f6sterreichische Dialektmusiker singt von Aufbruch, Loslassen von Alltag und Konventionen. Wer genau hinh\u00f6rt, mag zwischen den Zeilen die kritische Bewusstmachung gesellschaftlicher Entwicklungen heraush\u00f6ren; trotzdem bleibt es ein positiver und kraftvoller Sound, getragen von Gitarren, satten Drums und Lebendigkeit. Es sind die exakten Beobachtungen des Alltags, die pers\u00f6nliche Reflexion subjektiver Erfahrungen, die den Bogen spannen zu den gesellschaftlichen Verwerfungen: &#8222;Die Geduld is leise gstorbm, wann du laut bist, bist du vorn&#8220;. Immer wieder wird Wunsch laut, einfach abzuhauen, dem Alltag den R\u00fccken zu kehren; und trotzdem scheitern wir oft an der eigenen Unzul\u00e4nglichkeit und Inkonsequenz: &#8222;I w\u00fc fort, nur fort, weit fort; quer durch Kanada im Zelt, nur i wa\u00df, des mach i ned, leider ned.&#8220; Als Basis des menschlichen Daseins werden intakte Beziehungen erkannt: &#8222;Jedes Glick hat sein Hintergrund, weil du da bist, is alles bunt, und dei Puls macht, dass i fliag und dass i land.&#8220; Es sind stets mehrere Ebenen, die der Text transportiert; das Lesen zwischen den Zeilen er\u00f6ffnet eine weitere Bandbreite an Interpretation. Oberfl\u00e4chlichkeit und Selbstdarstellung sind allgegenw\u00e4rtig in unserer social media-dominierten Zeit: &#8222;Jedes Wort zrinnt in der Sunn, nur die Hybris am Podium.&#8220; Trotzdem: Die Chance bleibt, die Dinge im eigenen Wirkungskreis besser zu machen und die Hoffnung nie aufzugeben: &#8222;i reit in Sonnenuntergang, und dann &#8230;&#8220;<\/p>\n<p><span style=\"color: #800000;\"><strong>Quelle: Leitton Austria<\/strong><\/span><\/p>\n<p><span style=\"color: #800000;\"><strong>Dieser Song ist ab dem 28.02.2025 auf allen Download- und Streaming-Portalen erh\u00e4ltlich.\u00a0<\/strong><\/span><\/p>\n<p><span style=\"color: #800000;\"><strong>Airdate (f\u00fcr Radiosender): 28.02.2025<\/strong><\/span><\/p>\n","protected":false},"excerpt":{"rendered":"<p>KANADA hei\u00dft die Debut-Single von Richard Palla, die am 28.02.2025 ver\u00f6ffentlicht wird. Der ober\u00f6sterreichische Dialektmusiker singt von Aufbruch, Loslassen von Alltag und Konventionen. Wer genau hinh\u00f6rt, mag zwischen den Zeilen die kritische Bewusstmachung gesellschaftlicher Entwicklungen heraush\u00f6ren; trotzdem bleibt es ein positiver und kraftvoller Sound, getragen von Gitarren, satten Drums und Lebendigkeit. Es sind die exakten Beobachtungen des Alltags, die pers\u00f6nliche Reflexion subjektiver Erfahrungen, die den Bogen spannen zu den gesellschaftlichen Verwerfungen: &#8222;Die Geduld is leise gstorbm, wann du laut bist, bist du vorn&#8220;. Immer wieder wird Wunsch laut, einfach abzuhauen, dem Alltag den R\u00fccken zu kehren; und trotzdem scheitern wir oft an der eigenen Unzul\u00e4nglichkeit&#8230;<\/p>\n","protected":false},"author":1,"featured_media":33080,"comment_status":"open","ping_status":"open","sticky":false,"template":"","format":"standard","meta":{"footnotes":""},"categories":[3231,3659,3237],"tags":[3660],"class_list":["post-33079","post","type-post","status-publish","format-standard","has-post-thumbnail","hentry","category-bergers-schlagerparadies","category-leitton-austria","category-pop","tag-richard-palla","wpcat-3231-id","wpcat-3659-id","wpcat-3237-id"],"_links":{"self":[{"href":"https:\/\/bergers-schlagerparadies.de\/index.php?rest_route=\/wp\/v2\/posts\/33079","targetHints":{"allow":["GET"]}}],"collection":[{"href":"https:\/\/bergers-schlagerparadies.de\/index.php?rest_route=\/wp\/v2\/posts"}],"about":[{"href":"https:\/\/bergers-schlagerparadies.de\/index.php?rest_route=\/wp\/v2\/types\/post"}],"author":[{"embeddable":true,"href":"https:\/\/bergers-schlagerparadies.de\/index.php?rest_route=\/wp\/v2\/users\/1"}],"replies":[{"embeddable":true,"href":"https:\/\/bergers-schlagerparadies.de\/index.php?rest_route=%2Fwp%2Fv2%2Fcomments&post=33079"}],"version-history":[{"count":1,"href":"https:\/\/bergers-schlagerparadies.de\/index.php?rest_route=\/wp\/v2\/posts\/33079\/revisions"}],"predecessor-version":[{"id":33082,"href":"https:\/\/bergers-schlagerparadies.de\/index.php?rest_route=\/wp\/v2\/posts\/33079\/revisions\/33082"}],"wp:featuredmedia":[{"embeddable":true,"href":"https:\/\/bergers-schlagerparadies.de\/index.php?rest_route=\/wp\/v2\/media\/33080"}],"wp:attachment":[{"href":"https:\/\/bergers-schlagerparadies.de\/index.php?rest_route=%2Fwp%2Fv2%2Fmedia&parent=33079"}],"wp:term":[{"taxonomy":"category","embeddable":true,"href":"https:\/\/bergers-schlagerparadies.de\/index.php?rest_route=%2Fwp%2Fv2%2Fcategories&post=33079"},{"taxonomy":"post_tag","embeddable":true,"href":"https:\/\/bergers-schlagerparadies.de\/index.php?rest_route=%2Fwp%2Fv2%2Ftags&post=33079"}],"curies":[{"name":"wp","href":"https:\/\/api.w.org\/{rel}","templated":true}]}}