{"id":33027,"date":"2025-02-24T14:13:05","date_gmt":"2025-02-24T13:13:05","guid":{"rendered":"https:\/\/bergers-schlagerparadies.de\/?p=33027"},"modified":"2025-02-24T14:26:22","modified_gmt":"2025-02-24T13:26:22","slug":"marko-abend-du-und-ich-%c2%b7-bergers-schlagerparadies","status":"publish","type":"post","link":"https:\/\/bergers-schlagerparadies.de\/?p=33027","title":{"rendered":"Marko Abend &#8211; Du und Ich \u00b7 Berger\u00b4s Schlagerparadies"},"content":{"rendered":"<p><img loading=\"lazy\" decoding=\"async\" class=\"size-medium wp-image-33028 alignleft\" src=\"https:\/\/bergers-schlagerparadies.de\/wp-content\/uploads\/2025\/02\/Marko-Abend-Du-und-Ich-300x300.png\" alt=\"\" width=\"300\" height=\"300\" srcset=\"https:\/\/bergers-schlagerparadies.de\/wp-content\/uploads\/2025\/02\/Marko-Abend-Du-und-Ich-300x300.png 300w, https:\/\/bergers-schlagerparadies.de\/wp-content\/uploads\/2025\/02\/Marko-Abend-Du-und-Ich-1024x1024.png 1024w, https:\/\/bergers-schlagerparadies.de\/wp-content\/uploads\/2025\/02\/Marko-Abend-Du-und-Ich-150x150.png 150w, https:\/\/bergers-schlagerparadies.de\/wp-content\/uploads\/2025\/02\/Marko-Abend-Du-und-Ich-768x768.png 768w, https:\/\/bergers-schlagerparadies.de\/wp-content\/uploads\/2025\/02\/Marko-Abend-Du-und-Ich-1536x1536.png 1536w, https:\/\/bergers-schlagerparadies.de\/wp-content\/uploads\/2025\/02\/Marko-Abend-Du-und-Ich-2048x2048.png 2048w, https:\/\/bergers-schlagerparadies.de\/wp-content\/uploads\/2025\/02\/Marko-Abend-Du-und-Ich-1200x1200.png 1200w, https:\/\/bergers-schlagerparadies.de\/wp-content\/uploads\/2025\/02\/Marko-Abend-Du-und-Ich-1188x1188.png 1188w, https:\/\/bergers-schlagerparadies.de\/wp-content\/uploads\/2025\/02\/Marko-Abend-Du-und-Ich-100x100.png 100w\" sizes=\"auto, (max-width: 300px) 100vw, 300px\" \/>Versprochen ist versprochen &#8211; aus englisch wird deutsch!<\/p>\n<p>Die Ank\u00fcndigung stand und wird am kommenden Freitag umgesetzt.\u00a0 14 Tage nach der Ver\u00f6ffentlichung seines englischsprachigen Uptempo-Songs \u201eMovin\u2019 Up\u201c, l\u00f6st Marko Abend sein Versprechen an seine H\u00f6rer ein und ver\u00f6ffentlich diesen Song auch in deutscher Sprache.<\/p>\n<p>Sein Hauptgenre ist und bleibt German Pop \/ Schlager und so soll es auch bleiben, auch wenn er gerne mal einen Ausflug in andere Musikrichtungen unternimmt, um mit neuen Ideen in den German Pop zur\u00fcckzukehren.<\/p>\n<p>Da die meisten seiner H\u00f6rer ihn am liebsten deutsch singen h\u00f6ren, war es schon folgerichtig, das der Song jetzt auch in deutscher Sprache erscheint. Aus \u201eMovin\u2019 Up\u201c wird \u201eDu und Ich&#8220; Ob der mit Tempo geladene Song auch in deutscher Sprache den gleichen guten Anklang findet wie die englische Version, gilt es f\u00fcr die H\u00f6rer ab Freitag, 28. Februar herauszubekommen.<\/p>\n<p>Ver\u00f6ffentlicht wird der Song von ONE4YOU Records<\/p>\n<p><span style=\"color: #800000;\"><strong>Quelle: ONE4YOU Records<\/strong><\/span><\/p>\n<p><span style=\"color: #800000;\"><strong>Dieser Song ist ab dem 28.02.2025 auf allen Download- und Streaming-Portalen erh\u00e4ltlich.\u00a0<\/strong><\/span><\/p>\n<p><span style=\"color: #800000;\"><strong>Airdate (f\u00fcr Radiosender): 28.02.2025<\/strong><\/span><\/p>\n","protected":false},"excerpt":{"rendered":"<p>Versprochen ist versprochen &#8211; aus englisch wird deutsch! Die Ank\u00fcndigung stand und wird am kommenden Freitag umgesetzt.\u00a0 14 Tage nach der Ver\u00f6ffentlichung seines englischsprachigen Uptempo-Songs \u201eMovin\u2019 Up\u201c, l\u00f6st Marko Abend sein Versprechen an seine H\u00f6rer ein und ver\u00f6ffentlich diesen Song auch in deutscher Sprache. Sein Hauptgenre ist und bleibt German Pop \/ Schlager und so soll es auch bleiben, auch wenn er gerne mal einen Ausflug in andere Musikrichtungen unternimmt, um mit neuen Ideen in den German Pop zur\u00fcckzukehren. Da die meisten seiner H\u00f6rer ihn am liebsten deutsch singen h\u00f6ren, war es schon folgerichtig, das der Song jetzt auch in deutscher Sprache erscheint. Aus \u201eMovin\u2019&#8230;<\/p>\n","protected":false},"author":1,"featured_media":33028,"comment_status":"open","ping_status":"open","sticky":false,"template":"","format":"standard","meta":{"footnotes":""},"categories":[3231,3377,2],"tags":[1088],"class_list":["post-33027","post","type-post","status-publish","format-standard","has-post-thumbnail","hentry","category-bergers-schlagerparadies","category-one4you-records","category-schlager","tag-marko-abend","wpcat-3231-id","wpcat-3377-id","wpcat-2-id"],"_links":{"self":[{"href":"https:\/\/bergers-schlagerparadies.de\/index.php?rest_route=\/wp\/v2\/posts\/33027","targetHints":{"allow":["GET"]}}],"collection":[{"href":"https:\/\/bergers-schlagerparadies.de\/index.php?rest_route=\/wp\/v2\/posts"}],"about":[{"href":"https:\/\/bergers-schlagerparadies.de\/index.php?rest_route=\/wp\/v2\/types\/post"}],"author":[{"embeddable":true,"href":"https:\/\/bergers-schlagerparadies.de\/index.php?rest_route=\/wp\/v2\/users\/1"}],"replies":[{"embeddable":true,"href":"https:\/\/bergers-schlagerparadies.de\/index.php?rest_route=%2Fwp%2Fv2%2Fcomments&post=33027"}],"version-history":[{"count":1,"href":"https:\/\/bergers-schlagerparadies.de\/index.php?rest_route=\/wp\/v2\/posts\/33027\/revisions"}],"predecessor-version":[{"id":33029,"href":"https:\/\/bergers-schlagerparadies.de\/index.php?rest_route=\/wp\/v2\/posts\/33027\/revisions\/33029"}],"wp:featuredmedia":[{"embeddable":true,"href":"https:\/\/bergers-schlagerparadies.de\/index.php?rest_route=\/wp\/v2\/media\/33028"}],"wp:attachment":[{"href":"https:\/\/bergers-schlagerparadies.de\/index.php?rest_route=%2Fwp%2Fv2%2Fmedia&parent=33027"}],"wp:term":[{"taxonomy":"category","embeddable":true,"href":"https:\/\/bergers-schlagerparadies.de\/index.php?rest_route=%2Fwp%2Fv2%2Fcategories&post=33027"},{"taxonomy":"post_tag","embeddable":true,"href":"https:\/\/bergers-schlagerparadies.de\/index.php?rest_route=%2Fwp%2Fv2%2Ftags&post=33027"}],"curies":[{"name":"wp","href":"https:\/\/api.w.org\/{rel}","templated":true}]}}