{"id":32995,"date":"2025-02-28T10:30:07","date_gmt":"2025-02-28T09:30:07","guid":{"rendered":"https:\/\/bergers-schlagerparadies.de\/?p=32995"},"modified":"2025-02-24T12:56:25","modified_gmt":"2025-02-24T11:56:25","slug":"christian-jaehrig-perfekt-fuer-mich-%c2%b7-bergers-schlagerparadies","status":"publish","type":"post","link":"https:\/\/bergers-schlagerparadies.de\/?p=32995","title":{"rendered":"Christian J\u00e4hrig &#8211; Perfekt f\u00fcr mich \u00b7 Berger\u00b4s Schlagerparadies"},"content":{"rendered":"<p><img loading=\"lazy\" decoding=\"async\" class=\"size-medium wp-image-32996 alignleft\" src=\"https:\/\/bergers-schlagerparadies.de\/wp-content\/uploads\/2025\/02\/Christian-Jaehrig-Perfekt-fuer-mich-300x300.jpg\" alt=\"\" width=\"300\" height=\"300\" srcset=\"https:\/\/bergers-schlagerparadies.de\/wp-content\/uploads\/2025\/02\/Christian-Jaehrig-Perfekt-fuer-mich-300x300.jpg 300w, https:\/\/bergers-schlagerparadies.de\/wp-content\/uploads\/2025\/02\/Christian-Jaehrig-Perfekt-fuer-mich-1024x1024.jpg 1024w, https:\/\/bergers-schlagerparadies.de\/wp-content\/uploads\/2025\/02\/Christian-Jaehrig-Perfekt-fuer-mich-150x150.jpg 150w, https:\/\/bergers-schlagerparadies.de\/wp-content\/uploads\/2025\/02\/Christian-Jaehrig-Perfekt-fuer-mich-768x768.jpg 768w, https:\/\/bergers-schlagerparadies.de\/wp-content\/uploads\/2025\/02\/Christian-Jaehrig-Perfekt-fuer-mich-1200x1200.jpg 1200w, https:\/\/bergers-schlagerparadies.de\/wp-content\/uploads\/2025\/02\/Christian-Jaehrig-Perfekt-fuer-mich-1188x1188.jpg 1188w, https:\/\/bergers-schlagerparadies.de\/wp-content\/uploads\/2025\/02\/Christian-Jaehrig-Perfekt-fuer-mich-100x100.jpg 100w, https:\/\/bergers-schlagerparadies.de\/wp-content\/uploads\/2025\/02\/Christian-Jaehrig-Perfekt-fuer-mich.jpg 1500w\" sizes=\"auto, (max-width: 300px) 100vw, 300px\" \/>\u201eDSDS\u201c-Gewinner Christian J\u00e4hrig verk\u00fcrzt die Wartezeit aufs Deb\u00fctalbum: Die neue Single \u201ePerfekt f\u00fcr mich\u201c erscheint am 28.02.2025 bei TELAMO<\/p>\n<p>Nachdem er zuletzt die erste Coversingle (\u201eWeil mein Herz Dich nie mehr vergisst\u201c) aus seinem kommenden Deb\u00fctalbum pr\u00e4sentiert hatte, verk\u00fcrzt \u201eDSDS\u201c-Abr\u00e4umer Christian J\u00e4hrig die Wartezeit nun mit einer brandneuen Komposition, deren euphorische Grundstimmung komplett aus Fr\u00fchlingsgef\u00fchlen gespeist ist: \u201ePerfekt f\u00fcr mich\u201c hei\u00dft die neueste Single des Senkrechtstarters, der Anfang Februar seinen 31. Geburtstag feiern konnte. F\u00fcrs dazugeh\u00f6rige Deb\u00fctalbum \u201eAuf eigenen Beinen\u201c, das am 18. April erscheint und auch als erweiterte Fanbox-Edition erh\u00e4ltlich sein wird, setzt der Newcomer mit der Ausnahmestimme auf einen bewegenden Mix aus brandneuen Kompositionen und packenden Cover-Interpretationen, aus tanzbarem Popschlager-Zeitgeist und emotionalen Balladen.<\/p>\n<p>\u201e100 Prozent, in jedem Moment\u2026 Ja, wer h\u00e4tte das gedacht?\u201c, wundert sich Christian J\u00e4hrig im Verlauf der neuen Single \u2013 und beschreibt damit jenen Anflug von Ungl\u00e4ubigkeit, der Frischverliebte gelegentlich \u00fcberkommt, weil der pl\u00f6tzliche Liebesrausch einfach zu \u00fcberw\u00e4ltigend ist \u2013 und weil das Hormonfeuerwerk alles ein wenig unwirklich wirken l\u00e4sst: \u201eWas f\u00fcr ein Gl\u00fcck? Wie soll man das verstehen?!\u201c, r\u00e4tselt er weiter, w\u00e4hrend das luftige Arrangement von Anfang an mit einem pulsierenden Dance-Beat daherkommt, um zum ersten Refrain dann komplett abzuheben.<\/p>\n<p>\u201eAlles mit dir ist wie ein erstes Mal\u2026\u201c<\/p>\n<p>\u201eDenn so wie du bist, bist du perfekt f\u00fcr mich\u201c, lautet die Kernzeile der tanzbaren Popschlager-Hymne, die J\u00e4hrig selbst \u00fcbrigens als \u201eAufsteh-M\u00e4nnchen-Song\u201c bezeichnet, schlie\u00dflich k\u00f6nne man doch \u201eerst richtig aufbl\u00fchen und das Leben neu genie\u00dfen, wenn man den richtigen Menschen f\u00fcr sich findet\u201c. Auch deshalb der perfekte Soundtrack zum Fr\u00fchlingsauftakt, erreicht seine Stimme zum explosiven Refrain jene Flugh\u00f6he, die ihm erst vor ein paar Monaten den \u201eSuperstar\u201c-Titel sichern sollte. Auf dem kommenden Deb\u00fctalbum, das er schon letztes Jahr mit der Titelsingle \u201eAuf eigenen Beinen\u201c angek\u00fcndigt hatte, finden sich etliche elektrisierende Hymnen \u2013 aber nat\u00fcrlich auch packende Balladen. W\u00e4hrend er mit Ross Antony auch einen hochkar\u00e4tigen Albumgast ins Studio gebeten hat, pr\u00e4sentiert J\u00e4hrig obendrein ausgew\u00e4hlte Cover-Highlights von internationalen Pop-Ikonen (und pers\u00f6nlichen Vorbildern) wie Whitney Houston, C\u00e9line Dion und James Blunt.<br \/>\nSeine au\u00dfergew\u00f6hnlich hohe Gesangsstimme, die ihm schlie\u00dflich auch den \u201eDSDS\u201c-Titel sichern sollte, verdankt Christian J\u00e4hrig genau genommen der Tatsache, dass er nie im Stimmbruch war. Heute sein Markenzeichen, hatte er es nicht immer leicht mit dieser Ausnahmestimme (\u201eIch wurde heftig gemobbt in der Schulzeit.\u201c), wobei ihm neben dem R\u00fcckhalt aus dem Elternhaus auch die Musik durch diese Krise geholfen habe: \u201eMusik war f\u00fcr mich immer ein wichtiger Trostspender. Ich konnte mich in der Musik schon immer so ausleben, wie ich nun mal bin\u201c, so der Newcomer aus Reichertshofen, der bis zu seinem Durchbruch als Teamleiter im Verkauf t\u00e4tig war. Inzwischen auf den aller gr\u00f6\u00dften B\u00fchnen und im Primetime-TV angekommen, konzentriert er sich seit einigen Monaten zu 100 Prozent auf seine gr\u00f6\u00dfte Leidenschaft. Sein Deb\u00fctalbum \u201eAuf eigenen Beinen\u201c, das er gemeinsam mit diversen hochkar\u00e4tigen Songwritern und Produzenten (u.a. Andr\u00e9 Stade, Thomas Porzig, Alex Wende) aufgenommen hat, erscheint am 18. April 2025.<\/p>\n<p>Die Single \u201ePerfekt f\u00fcr mich\u201c erscheint am 28.02.2025.<\/p>\n<p><span style=\"color: #800000;\"><strong>Quelle: Telamo<\/strong><\/span><\/p>\n<p><span style=\"color: #800000;\"><strong>Dieser Song ist ab dem 28.02.2025 auf allen Download- und Streaming-Portalen erh\u00e4ltlich.\u00a0<\/strong><\/span><\/p>\n<p><span style=\"color: #800000;\"><strong>Airdate (f\u00fcr Radiosender): 28.02.2025<\/strong><\/span><\/p>\n","protected":false},"excerpt":{"rendered":"<p>\u201eDSDS\u201c-Gewinner Christian J\u00e4hrig verk\u00fcrzt die Wartezeit aufs Deb\u00fctalbum: Die neue Single \u201ePerfekt f\u00fcr mich\u201c erscheint am 28.02.2025 bei TELAMO Nachdem er zuletzt die erste Coversingle (\u201eWeil mein Herz Dich nie mehr vergisst\u201c) aus seinem kommenden Deb\u00fctalbum pr\u00e4sentiert hatte, verk\u00fcrzt \u201eDSDS\u201c-Abr\u00e4umer Christian J\u00e4hrig die Wartezeit nun mit einer brandneuen Komposition, deren euphorische Grundstimmung komplett aus Fr\u00fchlingsgef\u00fchlen gespeist ist: \u201ePerfekt f\u00fcr mich\u201c hei\u00dft die neueste Single des Senkrechtstarters, der Anfang Februar seinen 31. Geburtstag feiern konnte. F\u00fcrs dazugeh\u00f6rige Deb\u00fctalbum \u201eAuf eigenen Beinen\u201c, das am 18. April erscheint und auch als erweiterte Fanbox-Edition erh\u00e4ltlich sein wird, setzt der Newcomer mit der Ausnahmestimme auf einen bewegenden Mix aus brandneuen&#8230;<\/p>\n","protected":false},"author":1,"featured_media":32996,"comment_status":"open","ping_status":"open","sticky":false,"template":"","format":"standard","meta":{"footnotes":""},"categories":[3231,2,3239],"tags":[835],"class_list":["post-32995","post","type-post","status-publish","format-standard","has-post-thumbnail","hentry","category-bergers-schlagerparadies","category-schlager","category-telamo","tag-christian-jaehrig","wpcat-3231-id","wpcat-2-id","wpcat-3239-id"],"_links":{"self":[{"href":"https:\/\/bergers-schlagerparadies.de\/index.php?rest_route=\/wp\/v2\/posts\/32995","targetHints":{"allow":["GET"]}}],"collection":[{"href":"https:\/\/bergers-schlagerparadies.de\/index.php?rest_route=\/wp\/v2\/posts"}],"about":[{"href":"https:\/\/bergers-schlagerparadies.de\/index.php?rest_route=\/wp\/v2\/types\/post"}],"author":[{"embeddable":true,"href":"https:\/\/bergers-schlagerparadies.de\/index.php?rest_route=\/wp\/v2\/users\/1"}],"replies":[{"embeddable":true,"href":"https:\/\/bergers-schlagerparadies.de\/index.php?rest_route=%2Fwp%2Fv2%2Fcomments&post=32995"}],"version-history":[{"count":1,"href":"https:\/\/bergers-schlagerparadies.de\/index.php?rest_route=\/wp\/v2\/posts\/32995\/revisions"}],"predecessor-version":[{"id":32997,"href":"https:\/\/bergers-schlagerparadies.de\/index.php?rest_route=\/wp\/v2\/posts\/32995\/revisions\/32997"}],"wp:featuredmedia":[{"embeddable":true,"href":"https:\/\/bergers-schlagerparadies.de\/index.php?rest_route=\/wp\/v2\/media\/32996"}],"wp:attachment":[{"href":"https:\/\/bergers-schlagerparadies.de\/index.php?rest_route=%2Fwp%2Fv2%2Fmedia&parent=32995"}],"wp:term":[{"taxonomy":"category","embeddable":true,"href":"https:\/\/bergers-schlagerparadies.de\/index.php?rest_route=%2Fwp%2Fv2%2Fcategories&post=32995"},{"taxonomy":"post_tag","embeddable":true,"href":"https:\/\/bergers-schlagerparadies.de\/index.php?rest_route=%2Fwp%2Fv2%2Ftags&post=32995"}],"curies":[{"name":"wp","href":"https:\/\/api.w.org\/{rel}","templated":true}]}}